{"id":330378,"date":"2015-04-08T04:00:32","date_gmt":"2015-04-08T02:00:32","guid":{"rendered":"https:\/\/www.focolare.org\/regard-sur-le-mexique-la-politique-et-les-jeunes\/"},"modified":"2024-05-16T15:11:36","modified_gmt":"2024-05-16T13:11:36","slug":"regard-sur-le-mexique-la-politique-et-les-jeunes","status":"publish","type":"post","link":"https:\/\/www.focolare.org\/fr\/regard-sur-le-mexique-la-politique-et-les-jeunes\/","title":{"rendered":"Regard sur le Mexique : la politique et les jeunes"},"content":{"rendered":"<p><a href=\"https:\/\/www.focolare.org\/wp-content\/uploads\/2015\/04\/20150408-03.jpg\"><img loading=\"lazy\" decoding=\"async\" class=\"alignleft wp-image-122229\" src=\"https:\/\/www.focolare.org\/wp-content\/uploads\/2015\/04\/20150408-03.jpg\" alt=\"20150408-03\" width=\"328\" height=\"246\" \/><\/a>Ciao, je m\u2019appelle Abraham, je viens du Mexique : un peuple compos\u00e9 de personnes nobles qui a une grande foi, un peuple ouvert au monde \u00bb. Ainsi commence son r\u00e9cit devant un auditoire de 300 jeunes dans la salle du parlement italien, r\u00e9unis en souvenir de Chiara Lubich et de sa vision proph\u00e9tique sur la politique. Abraham porte avec lui le poids d\u2019un pays d\u00e9chir\u00e9 par le trafic de drogue et par les seigneurs de la mort. Lui-m\u00eame s\u2019est retrouv\u00e9 un pistolet de la police \u00e0 la tempe : on l\u2019avait pris pour un trafiquant. <strong>\u00ab En 2006 \u2013 poursuit-il \u2013 la lutte a commenc\u00e9 contre les trafiquants de drogue,<\/strong> une guerre qui en 8 ans a fait plus de victimes que la guerre du Vietnam, parmi lesquelles beaucoup d\u2019innocents et de gens qui se battent au nom de leur engagement civil : des journalistes, des activistes\u2026 Souvent le peuple d\u00e9cide de manifester et le gouvernement perd de sa cr\u00e9dibilit\u00e9 dans une forte crise \u00e9conomique et sociale \u00bb. <strong>\u00ab J\u2019habite la ville de Mexico<\/strong> o\u00f9 chaque jour un nouveau d\u00e9fi se pr\u00e9sente ; malgr\u00e9 cela je crois en un monde uni et dans l\u2019id\u00e9al de la fraternit\u00e9 universelle. Mais je sais que le changement doit commencer par moi-m\u00eame, sans l\u2019attendre des autres, m\u00eame pas des autorit\u00e9s \u00bb.<\/p>\n<p><strong>\u201cSi j\u2019\u00e9tais vous qui avez \u00e0 c\u0153ur le bien commun au Mexique \u2013 affirme Luigino Bruni<\/strong> en s\u2019adressant aux jeunes \u2013 j\u2019essaierais de regarder les causes de cette maladie, et parmi celles-ci le capitalisme financier qui creuse le foss\u00e9 de l\u2019in\u00e9galit\u00e9. Ce sont des formes de richesses qui ne marchent plus \u00bb. <strong>\u00ab Le premier pas \u00e0 faire lorsqu\u2019on veut changer un pays est de l\u2019aimer \u00bb<\/strong>, souligne encore l\u2019\u00e9conomiste, pouss\u00e9 par le t\u00e9moignage d\u2019Abraham. \u00ab Chaque pays a une vocation vers la beaut\u00e9, a son g\u00e9nie, son identit\u00e9, avec ambivalence \u00bb. Et puis un conseil : \u00e9tudiez davantage, apprenez un m\u00e9tier correctement ! \u00ab Vous \u00eates la minorit\u00e9 ? Peu importe. Il suffit d\u2019\u00eatre peu nombreux, mais bien motiv\u00e9s. Ce sont les minorit\u00e9s proph\u00e9tiques qui changent le monde. Il ne faut jamais cesser de croire qu\u2019un monde diff\u00e9rent est possible. La premi\u00e8re lutte \u00e0 faire quand on est jeune est de ne pas perdre la foi dans l\u2019id\u00e9al. <strong>Il faut croire en l\u2019impossible pour obtenir quelque chose de bon possible \u00bb.<\/strong><\/p>\n<p><a href=\"https:\/\/www.focolare.org\/wp-content\/uploads\/2015\/04\/20150408-01.jpg\"><img loading=\"lazy\" decoding=\"async\" class=\"alignright wp-image-122223\" src=\"https:\/\/www.focolare.org\/wp-content\/uploads\/2015\/04\/20150408-01.jpg\" alt=\"20150408-01\" width=\"380\" height=\"285\" \/><\/a><strong>\u201cBien des fois on m\u2019a offert de la drogue,<\/strong> d\u2019autres fois on m\u2019a vol\u00e9, continue Abraham. Il y a quelque temps alors que je rentrais \u00e0 la maison apr\u00e8s l\u2019\u00e9cole, un gar\u00e7on s\u2019est approch\u00e9 de moi pour me demander une cigarette ; au m\u00eame moment la police est arriv\u00e9e pour nous prendre. Lui avait la drogue en poche et moi uniquement mes livres dans le sac \u00e0 dos. Ils ont commenc\u00e9 \u00e0 le frapper, l\u2019autre a point\u00e9 son pistolet sur ma tempe me demandant o\u00f9 j\u2019avais la drogue. Quand les policiers sont partis, j\u2019ai aid\u00e9 ce gar\u00e7on \u00e0 se relever, je lui ai donn\u00e9 le peu d\u2019argent que j\u2019avais. Il m\u2019a embrass\u00e9 et m\u2019a dit : tu sais qu\u2019avec cet argent ma famille va pouvoir manger aujourd\u2019hui ? Je me suis rendu compte qu\u2019avec un petit acte d\u2019amour tu peux d\u00e9gager une force tr\u00e8s grande et nous ne savons pas jusqu\u2019o\u00f9 elle peut arriver. Malgr\u00e9 mon impuissance, je voudrais essayer de voir mon voisin de palier et les personnes que je rencontre dans la rue avec des yeux neufs et, avec d\u2019autres amis, je voudrais aider concr\u00e8tement \u00bb.<\/p>\n<p>Dans le d\u00e9sir d\u2019un meilleur engagement pour le bien de notre pays, malgr\u00e9 les nombreuses difficult\u00e9s et le d\u00e9couragement de la plupart, le 20 mars dernier des jeunes de diverses organisations se sont retrouv\u00e9s au S\u00e9nat mexicain pour passer une journ\u00e9e avec les politiciens sur le dialogue, une d\u00e9marche tr\u00e8s importante dans un monde qui attend une r\u00e9ponse \u00e0 ses plus grands d\u00e9fis \u00bb.<\/p>\n","protected":false},"excerpt":{"rendered":"<p>Abraham, un jeune mexicain, partage son exp\u00e9rience de lutte pacifique pour construire un pays meilleur, au milieu des grandes in\u00e9galit\u00e9s dans lesquelles il est immerg\u00e9. En dialogue avec Luigino Bruni.<\/p>\n","protected":false},"author":34,"featured_media":0,"comment_status":"open","ping_status":"open","sticky":false,"template":"","format":"standard","meta":{"give_campaign_id":0,"_seopress_robots_primary_cat":"","_seopress_titles_title":"","_seopress_titles_desc":"","_seopress_robots_index":"","_et_pb_use_builder":"","_et_pb_old_content":"","_et_gb_content_width":"","footnotes":""},"categories":[906],"tags":[],"class_list":["post-330378","post","type-post","status-publish","format-standard","hentry","category-focolare-worldwide-2-3"],"_links":{"self":[{"href":"https:\/\/www.focolare.org\/fr\/wp-json\/wp\/v2\/posts\/330378","targetHints":{"allow":["GET"]}}],"collection":[{"href":"https:\/\/www.focolare.org\/fr\/wp-json\/wp\/v2\/posts"}],"about":[{"href":"https:\/\/www.focolare.org\/fr\/wp-json\/wp\/v2\/types\/post"}],"author":[{"embeddable":true,"href":"https:\/\/www.focolare.org\/fr\/wp-json\/wp\/v2\/users\/34"}],"replies":[{"embeddable":true,"href":"https:\/\/www.focolare.org\/fr\/wp-json\/wp\/v2\/comments?post=330378"}],"version-history":[{"count":0,"href":"https:\/\/www.focolare.org\/fr\/wp-json\/wp\/v2\/posts\/330378\/revisions"}],"wp:attachment":[{"href":"https:\/\/www.focolare.org\/fr\/wp-json\/wp\/v2\/media?parent=330378"}],"wp:term":[{"taxonomy":"category","embeddable":true,"href":"https:\/\/www.focolare.org\/fr\/wp-json\/wp\/v2\/categories?post=330378"},{"taxonomy":"post_tag","embeddable":true,"href":"https:\/\/www.focolare.org\/fr\/wp-json\/wp\/v2\/tags?post=330378"}],"curies":[{"name":"wp","href":"https:\/\/api.w.org\/{rel}","templated":true}]}}