{"id":330394,"date":"2015-04-15T14:00:35","date_gmt":"2015-04-15T12:00:35","guid":{"rendered":"https:\/\/www.focolare.org\/les-moines-du-desert\/"},"modified":"2024-05-16T15:11:39","modified_gmt":"2024-05-16T13:11:39","slug":"les-moines-du-desert","status":"publish","type":"post","link":"https:\/\/www.focolare.org\/fr\/les-moines-du-desert\/","title":{"rendered":"Les moines du d\u00e9sert"},"content":{"rendered":"<p><p><strong><img loading=\"lazy\" decoding=\"async\" class=\"alignleft wp-image-122538 size-full\" src=\"https:\/\/www.focolare.org\/wp-content\/uploads\/2015\/04\/20150416-01.jpg\" alt=\"20150416-01\" width=\"240\" height=\"314\" \/><\/strong>\u00ab\u00a0<strong>Beaucoup ont essay\u00e9 d\u2019expliquer les racines et les raisons des d\u00e9buts de la vie monastique, <\/strong>mais les r\u00e9cits des P\u00e8res et leur exp\u00e9rience de vie nous montrent que le moine est \u2018le martyr vivant\u2019, et qu&rsquo;ils \u2018ont quitt\u00e9 le monde pour l\u2019unique r\u00e9alit\u00e9 qui a de la valeur: Dieu.\u00a0\u00bb C\u2019est comme vouloir r\u00e9pondre \u00e0 l\u2019amour de Dieu, bien exprim\u00e9 dans un verset de la Sainte Messe copte, que nous appelons Divine Liturgie, qui s\u2019adresse \u00e0 Dieu: \u00ab\u00a0De toutes les paroles dites, rien ne peut d\u00e9crire Ton amour pour l\u2019humanit\u00e9\u00a0\u00bb. Saint J\u00e9r\u00f4me dit que leur vie d\u2019asc\u00e8tes et d\u2019ermites proclame: \u00ab\u00a0L\u2019amour divin nous a touch\u00e9s avec ses fl\u00e8ches\u00a0\u00bb; et chacun r\u00e9p\u00e9tait: \u00ab\u00a0J\u2019ai trouv\u00e9 ce \u00e0 quoi mon \u00e2me aspire, je le garderai pr\u00e9cieusement et ne le laisserai jamais\u00a0\u00bb. Le d\u00e9sir de ces moines \u00e9tait, donc, de se donner compl\u00e8tement \u00e0 cet amour et, pour se consacrer \u00e0 Lui, ils ont d\u00fb quitter les villes.<\/p>\n<p><strong>Saint Basile annonce clairement: <\/strong><strong>\u00ab\u00a0Qui aime Dieu quitte tout et va vers Lui\u00a0\u00bb.<\/strong> On dit du disciple de saint Pac\u00f4me, saint Th\u00e9odore, que \u00ab\u00a0son unique int\u00e9r\u00eat dans le monde \u00e9tait d\u2019aimer Dieu de tout son c\u0153ur, en suivant le commandement de J\u00e9sus-Christ\u00a0\u00bb. La racine de la vie asc\u00e9tique c\u2019est de ressembler au Christ: le d\u00e9pouillement complet de soi, suivre la volont\u00e9 du P\u00e8re, la virginit\u00e9, en contact continu avec Dieu le P\u00e8re \u00e0 travers la pri\u00e8re. Le P\u00e8re Matta El Meskin l\u2019explique bien: \u00ab\u00a0La garantie de notre cons\u00e9cration (\u00eatre moine) est dans le rattachement au Christ personnellement, et de bien suivre la Bible. Donc, avec le Christ et la Bible, nous pourrons marcher dans notre voie, en croissance continue, jusqu\u2019\u00e0 la fin\u00a0\u00bb.<\/p>\n<p><strong>Le choix du consacr\u00e9 est de suivre J\u00e9sus \u00ab\u00a0Voie, V\u00e9rit\u00e9 et Vie\u00a0\u00bb.<\/strong> Vivre en Christ et pour Lui seulement. Le suivre dans le style de vie qu\u2019il a v\u00e9cu. Il a choisi de vivre pauvre, vierge et ob\u00e9issant. Alors le moine ne choisit pas la pauvret\u00e9, mais le Christ pauvre. Le choix est de la personne m\u00eame de J\u00e9sus, et par cons\u00e9quent de ce qu\u2019a v\u00e9cu le Christ, comment il l&rsquo;a v\u00e9cu et pourquoi il l&rsquo;a v\u00e9cu ainsi.<\/p>\n<p><strong>Concernant l\u2019aspect communautaire dans la vie asc\u00e9tique des moines du d\u00e9sert, <\/strong>nous pouvons rappeler comment \u2013 par exemple dans les monast\u00e8res qui suivent saint Pac\u00f4me \u2013 la vie de communion devenait l\u2019extension de l\u2019\u00c9glise primitive \u00e0 l\u2019\u00e9poque des ap\u00f4tres. En regardant la vie des P\u00e8res, nous pouvons tracer quelques caract\u00e9ristiques communautaires: l\u2019amour r\u00e9ciproque (saint Pac\u00f4me sollicite toujours les siens \u00e0 s\u2019aimer, et c\u2019est en raison de la charit\u00e9 entre les moines que cette vie s\u2019est r\u00e9pandue et continue jusqu\u2019\u00e0 aujourd\u2019hui); la vie ensemble (le \u00ab\u00a0tout \u00e9tait en commun\u00a0\u00bb des premi\u00e8res communaut\u00e9s chr\u00e9tiennes est la caract\u00e9ristique dominante dans tous les aspects de la cohabitation des moines).<\/p>\n<p><strong>Les enseignements des P\u00e8res du d\u00e9sert me rappellent la m\u00e9ditation de <\/strong><a href=\"https:\/\/www.focolare.org\/fr\/chiara-lubich\/chi-e-chiara\/\">Chiara Lubich<\/a><strong> \u00ab\u00a0L\u2019attractivit\u00e9 des temps modernes\u00a0\u00bb<\/strong>, qui exprime bien ce que j\u2019\u00e9prouve: \u00ab\u00a0P\u00e9n\u00e9trer dans la plus haute contemplation, tout en restant m\u00eal\u00e9s aux autres\u00a0\u00bb. <strong>Cette contemplation actualise la vie des P\u00e8res durant ce si\u00e8cle, mais au milieu du monde.<\/strong><\/p>\n<p><strong>La pr\u00e9sence spirituelle de <\/strong><a href=\"https:\/\/www.focolare.org\/fr\/chiara-lubich\/spiritualita-dellunita\/gesu-in-mezzo\/\">J\u00e9sus au milieu de nous<\/a><strong> avec les focolarines catholiques avec lesquelles je vis dans le focolare de <strong>Sohag, <\/strong><\/strong><strong>l\u2019engagement de nous aimer, nous a vraiment rendues s\u0153urs et nous fait exp\u00e9rimenter la joie du Ressuscit\u00e9 au-del\u00e0 de nos diff\u00e9rences.<\/strong> Dans la vie quotidienne, tout est en commun: nous prions, travaillons, jouons et partageons les moments de souffrance des personnes qui nous entourent. <strong>Nous essayons de t\u00e9moigner, avec notre vie, que Dieu est amour.<\/strong><\/p>\n<p><strong>Vivre pour l\u2019unit\u00e9 pleine dans l\u2019\u00c9glise du Christ \u00ab\u00a0que tous soient un\u00a0\u00bb, <\/strong>me fascine toujours plus. Je jouis de la beaut\u00e9 et la vari\u00e9t\u00e9 des dons de Dieu que je retrouve dans les diff\u00e9rentes \u00c9glises, ainsi que l\u2019aspiration et l\u2019\u00e9motion de voir que nous sommes unis en Christ entre nous et dans le futur de l\u2019\u00c9glise dans le dessein de Dieu.<\/p>\n<p><strong>Les petits et grands pas sur le chemin \u0153cum\u00e9nique, aussi dans mon pays, en sont les t\u00e9moignages.<\/strong> Depuis quelques ann\u00e9es, par exemple, une commission \u0153cum\u00e9nique avec des personnes de chaque confession chr\u00e9tienne pr\u00e9sente \u00e0 Sohag a \u00e9t\u00e9 constitu\u00e9e. On se rencontre chaque fois dans une \u00e9glise diff\u00e9rente: cette ann\u00e9e dans l\u2019\u00e9glise copte orthodoxe. Le 5 mars, presque tous les responsables locaux des \u00e9glises \u00e9taient pr\u00e9sents. Le th\u00e8me principal \u00e9tait \u00ab\u00a0la victoire sur le mal\u00a0\u00bb, en partant de la situation de pers\u00e9cution des chr\u00e9tiens en Libye et en retra\u00e7ant les \u00e9tapes du peuple d&rsquo;Isra\u00ebl qui quitte l&rsquo;<a href=\"https:\/\/www.focolare.org\/fr\/focolare-worldwide\/africa\/egitto\/\">\u00c9gypte<\/a>. \u00ab\u00a0Le drapeau qui flotte sur nous est l\u2019amour de Dieu\u00a0\u00bb, a affirm\u00e9 l\u2019\u00e9v\u00eaque copte orthodoxe Mgr\u00a0Bakhoum, souhaitant aux personnes pr\u00e9sentes \u00ab\u00a0que nous nous retrouvions toujours dans l\u2019Amour\u00a0\u00bb.<\/p>\n<p>&nbsp;<\/p><\/p>\n","protected":false},"excerpt":{"rendered":"<p>Une r\u00e9flexion de Sherin, \u00c9gyptienne, focolarine de l\u2019\u00c9glise copte, sur les enseignements des P\u00e8res du d\u00e9sert, fondateurs du monachisme oriental, \u00e0 la lumi\u00e8re de son exp\u00e9rience avec la spiritualit\u00e9 de l\u2019unit\u00e9.<\/p>\n","protected":false},"author":34,"featured_media":0,"comment_status":"open","ping_status":"open","sticky":false,"template":"","format":"standard","meta":{"give_campaign_id":0,"_seopress_robots_primary_cat":"","_seopress_titles_title":"","_seopress_titles_desc":"","_seopress_robots_index":"","_et_pb_use_builder":"","_et_pb_old_content":"","_et_gb_content_width":"","footnotes":""},"categories":[906],"tags":[],"class_list":["post-330394","post","type-post","status-publish","format-standard","hentry","category-focolare-worldwide-2-3"],"_links":{"self":[{"href":"https:\/\/www.focolare.org\/fr\/wp-json\/wp\/v2\/posts\/330394","targetHints":{"allow":["GET"]}}],"collection":[{"href":"https:\/\/www.focolare.org\/fr\/wp-json\/wp\/v2\/posts"}],"about":[{"href":"https:\/\/www.focolare.org\/fr\/wp-json\/wp\/v2\/types\/post"}],"author":[{"embeddable":true,"href":"https:\/\/www.focolare.org\/fr\/wp-json\/wp\/v2\/users\/34"}],"replies":[{"embeddable":true,"href":"https:\/\/www.focolare.org\/fr\/wp-json\/wp\/v2\/comments?post=330394"}],"version-history":[{"count":0,"href":"https:\/\/www.focolare.org\/fr\/wp-json\/wp\/v2\/posts\/330394\/revisions"}],"wp:attachment":[{"href":"https:\/\/www.focolare.org\/fr\/wp-json\/wp\/v2\/media?parent=330394"}],"wp:term":[{"taxonomy":"category","embeddable":true,"href":"https:\/\/www.focolare.org\/fr\/wp-json\/wp\/v2\/categories?post=330394"},{"taxonomy":"post_tag","embeddable":true,"href":"https:\/\/www.focolare.org\/fr\/wp-json\/wp\/v2\/tags?post=330394"}],"curies":[{"name":"wp","href":"https:\/\/api.w.org\/{rel}","templated":true}]}}