{"id":330468,"date":"2015-05-15T04:00:22","date_gmt":"2015-05-15T02:00:22","guid":{"rendered":"https:\/\/www.focolare.org\/living-peace-2015-paroles-et-images-en-provenance-du-caire\/"},"modified":"2024-05-16T15:12:00","modified_gmt":"2024-05-16T13:12:00","slug":"living-peace-2015-paroles-et-images-en-provenance-du-caire","status":"publish","type":"post","link":"https:\/\/www.focolare.org\/fr\/living-peace-2015-paroles-et-images-en-provenance-du-caire\/","title":{"rendered":"Living Peace 2015: paroles et images en provenance du Caire"},"content":{"rendered":"<p><strong><img loading=\"lazy\" decoding=\"async\" class=\"alignright  wp-image-124040\" src=\"https:\/\/www.focolare.org\/wp-content\/uploads\/2015\/05\/20150515Egitto2.jpg\" alt=\"20150515Egitto2\" width=\"265\" height=\"230\" \/>\u201cLe Forum de la Paix a \u00e9t\u00e9 une exp\u00e9rience unique en son genre<\/strong>. J\u2019ai appr\u00e9ci\u00e9 chaque moment du programme. Une telle rencontre (\u2026) nous fait esp\u00e9rer que se profile un avenir meilleur et qu\u2019un jour la pauvret\u00e9, la faim, les discriminations et les guerres prendront fin \u00bb.  <strong>C\u2019est ainsi que Rasha,<\/strong> professeur d\u2019anglais au Rowad American College, d\u00e9crit Living Peace 2015 qui s\u2019est d\u00e9roul\u00e9 au <a href=\"https:\/\/www.focolare.org\/fr\/focolare-worldwide\/africa\/egitto\/\" target=\"_blank\" rel=\"noopener\">Caire <\/a>du 4 au 6 mai, pr\u00e9c\u00e9d\u00e9 par un congr\u00e8s de trois jours \u00e0 Alexandrie (Egypte) : une \u00e9tape fondamentale pour permettre aux jeunes et aux \u00e9tudiants venus du monde entier de se conna\u00eetre, afin d\u2019assurer le plein succ\u00e8s du Forum.  A Alexandrie se sont succ\u00e9d\u00e9 des moments d\u2019\u00e9change, de connaissance r\u00e9ciproque et de partage des joies et des souffrances propres aux divers Pays repr\u00e9sent\u00e9s. Ensuite accueil magnifique au Caire avec une f\u00eate tr\u00e8s saisissante sur le Nil, \u00e0 bord d\u2019un grand bateau, avec des jeux, des chants et des danses qui ont laiss\u00e9 place au Forum proprement dit, <strong>le<\/strong> <strong>Forum Mondial des \u00e9tudiants pour la Paix<\/strong>.  <span style=\"color: #000000\">Le projet a \u00e9t\u00e9 promu par l&rsquo;<a href=\"http:\/\/www.new-humanity.org\/\" target=\"_blank\" rel=\"noopener\">ONG New Humanity<\/a>, \u00e0 travers le <a href=\"http:\/\/new-humanity.org\/en\/cayrus.html\" target=\"_blank\" rel=\"noopener\">projet Cayrus<\/a>, approuv\u00e9 par l&rsquo;Union Europ\u00e9enne: huit autres partenaires, en provenance de divers Pays du monde, y ont adh\u00e9r\u00e9 et envoy\u00e9 en Egypte une repr\u00e9sentation de jeunes et d&rsquo;\u00e9tudiants.<\/span>  <strong>Trois jours, 1300 participants, parmi lesquels des \u00e9tudiants et des enseignants<\/strong> de nombreuses \u00e9coles et universit\u00e9s nationales et internationales, dont quelques universit\u00e9s du Caire, ont t\u00e9moign\u00e9 de leur engagement commun pour la paix \u00e0 travers divers types d\u2019expression: t\u00e9moignages, recommandations de bonnes pratiques, pr\u00e9sentation de plus de 50 projets \u00e9ducatifs pour la paix, workshop, s\u00e9minaires, expositions et moments artistiques.  Pr\u00e9sence d\u2019ambassadeurs et de repr\u00e9sentants diplomatiques de l\u2019Argentine, du Br\u00e9sil, de l\u2019Uruguay, du Guatemala, de Cuba, de la R\u00e9publique D\u00e9mocratique du Congo, du Cameroun, du Pakistan, du Portugal, de la Croatie, du Mexique, de l\u2019Allemagne et du Soudan. Cette action a d\u00e9marr\u00e9 en 2011, \u00e0 l\u2019initiative d\u2019un professeur d\u2019anglais, comme projet d\u2019\u00e9ducation \u00e0 la paix, au Road American College du Caire.  <strong>Living Peace mobilise aujourd\u2019hui plus de 25000 \u00e9tudiants dans le monde entier<\/strong> et se caract\u00e9rise par la participation personnelle des \u00e9tudiants et des enseignants \u00e0 des initiatives d\u2019\u00e9ducation \u00e0 la paix, en lien avec un r\u00e9seau mondial de personnes et d\u2019\u00e9tablissements. L\u2019adh\u00e9sion permet \u00e0 chaque \u00e9cole de lancer des projets selon ses possibilit\u00e9s, en d\u00e9veloppant la cr\u00e9ativit\u00e9 des jeunes et leur conscience de contribuer \u00e0 un objectif commun. Il en r\u00e9sulte une participation active de tous qui dynamise les diff\u00e9rentes composantes de l\u2019\u00e9cole en renfor\u00e7ant la solidarit\u00e9 entre \u00e9l\u00e8ves, enseignants, direction et parents, avec des retomb\u00e9es positives sur la soci\u00e9t\u00e9.  <strong>Le Forum 2015 a \u00e9t\u00e9 l\u2019occasion de pr\u00e9senter <\/strong><a href=\"http:\/\/www.scholasoccurrentes.org\/\" target=\"_blank\" rel=\"noopener\">Scholas Occurrentes<\/a>, le grand r\u00e9seau mondial voulu par le Pape Fran\u00e7ois lorsqu\u2019il \u00e9tait encore archev\u00eaque de Buenos Aires et <strong>qui relie plus de 40 000 \u00e9tablissements dans le monde entier.<\/strong>  <strong>La pr\u00e9sence de Dominicus Rohde, Pr\u00e9sident du Forum Mondial de la Paix, venu d\u2019Allemagne<\/strong>, a donn\u00e9 poids et valeur \u00e0 chaque instant du Forum. En effet, en tant que premier Forum mondial s\u2019adressant aux jeunes, l\u2019\u00e9v\u00e9nement a assur\u00e9ment ouvert les portes d\u2019une nouvelle voie.  Le Forum mondial pour la paix a attribu\u00e9 \u00e0 New Humanity le prix pour la paix Luxembourg, en remettant \u00e0 C\u00e9cilia Landucci, repr\u00e9sentante de l&rsquo;ONG, <strong>la prestigieuse m\u00e9daille\u00a0\u00bb Nelson Mandela\u00a0\u00bb<\/strong>, pr\u00e9cis\u00e9ment au Caire.  <strong>V<span id=\"result_box\" class=\"short_text\" lang=\"fr\"><span class=\"hps\">oir la vid\u00e9o<\/span><\/span>:<\/strong> <a href=\"https:\/\/www.youtube.com\/watch?v=nugDbxgoccg&amp;feature=youtu.be\" target=\"_blank\" rel=\"noopener\">Living Peace 2015<\/a>  https:\/\/www.youtube.com\/watch?v=nugDbxgoccg&amp;feature=youtu.be  <span id=\"result_box\" class=\"short_text\" lang=\"fr\"><span class=\"hps\">Source<\/span><\/span>: <a href=\"http:\/\/www.new-humanity.org\/it\/\" target=\"_blank\" rel=\"noopener\">ONG New Humanity<\/a>, <a href=\"http:\/\/www.amu-it.eu\/?lang=it\" target=\"_blank\" rel=\"noopener\">AMU<\/a> et\u00a0<a href=\"http:\/\/www.umanitanuova.org\/fr\/\" target=\"_blank\" rel=\"noopener\">Humanit\u00e9 Nouvelle<\/a>  Actualis\u00e9 le 27 mai 2015  <strong>\u00a0<\/strong><\/p>\n","protected":false},"excerpt":{"rendered":"<p>1300 \u00e9tudiants et enseignants des \u00e9coles et des universit\u00e9s \u00e9gyptiennes ont t\u00e9moign\u00e9 de leur engagement pour la paix.<\/p>\n","protected":false},"author":34,"featured_media":0,"comment_status":"open","ping_status":"open","sticky":false,"template":"","format":"standard","meta":{"give_campaign_id":0,"_seopress_robots_primary_cat":"","_seopress_titles_title":"","_seopress_titles_desc":"","_seopress_robots_index":"","_et_pb_use_builder":"","_et_pb_old_content":"","_et_gb_content_width":"","footnotes":""},"categories":[906,907],"tags":[],"class_list":["post-330468","post","type-post","status-publish","format-standard","hentry","category-focolare-worldwide-2-3","category-senza-categoria-2-3"],"_links":{"self":[{"href":"https:\/\/www.focolare.org\/fr\/wp-json\/wp\/v2\/posts\/330468","targetHints":{"allow":["GET"]}}],"collection":[{"href":"https:\/\/www.focolare.org\/fr\/wp-json\/wp\/v2\/posts"}],"about":[{"href":"https:\/\/www.focolare.org\/fr\/wp-json\/wp\/v2\/types\/post"}],"author":[{"embeddable":true,"href":"https:\/\/www.focolare.org\/fr\/wp-json\/wp\/v2\/users\/34"}],"replies":[{"embeddable":true,"href":"https:\/\/www.focolare.org\/fr\/wp-json\/wp\/v2\/comments?post=330468"}],"version-history":[{"count":0,"href":"https:\/\/www.focolare.org\/fr\/wp-json\/wp\/v2\/posts\/330468\/revisions"}],"wp:attachment":[{"href":"https:\/\/www.focolare.org\/fr\/wp-json\/wp\/v2\/media?parent=330468"}],"wp:term":[{"taxonomy":"category","embeddable":true,"href":"https:\/\/www.focolare.org\/fr\/wp-json\/wp\/v2\/categories?post=330468"},{"taxonomy":"post_tag","embeddable":true,"href":"https:\/\/www.focolare.org\/fr\/wp-json\/wp\/v2\/tags?post=330468"}],"curies":[{"name":"wp","href":"https:\/\/api.w.org\/{rel}","templated":true}]}}