{"id":330560,"date":"2015-06-23T04:00:33","date_gmt":"2015-06-23T02:00:33","guid":{"rendered":"https:\/\/www.focolare.org\/de-retour-dirak\/"},"modified":"2024-05-16T15:12:23","modified_gmt":"2024-05-16T13:12:23","slug":"de-retour-dirak","status":"publish","type":"post","link":"https:\/\/www.focolare.org\/fr\/de-retour-dirak\/","title":{"rendered":"De retour d\u2019Irak"},"content":{"rendered":"<p><strong><a href=\"https:\/\/www.focolare.org\/wp-content\/uploads\/2015\/06\/20150623-01.jpg\"><img loading=\"lazy\" decoding=\"async\" class=\"alignleft wp-image-126092\" src=\"https:\/\/www.focolare.org\/wp-content\/uploads\/2015\/06\/20150623-01.jpg\" alt=\"20150623-01\" width=\"380\" height=\"252\" \/><\/a><\/strong>\u00ab\u00a0<strong>Actuellement, l&rsquo;Irak vit le moment le plus difficile des derni\u00e8res d\u00e9cennies, <\/strong>affirmait un des amis auquel nous avons rendu visite.\u00a0\u00bb Gemma et Pierre nous \u00e9crivent depuis Amman, du <a href=\"https:\/\/www.focolare.org\/fr\/chi-siamo\/\">Mouvement des Focolari <\/a>en Jordanie et Irak, de retour d\u2019un bref voyage \u00e0 Erbil (Irak). Objectif: montrer concr\u00e8tement \u00e0 la communaut\u00e9 chr\u00e9tienne qu\u2019elle n\u2019est pas seule, avec le Focolare pr\u00e9sent depuis des ann\u00e9es dans la r\u00e9gion, sp\u00e9cialement durant cette p\u00e9riode. Parmi eux, il y a aussi beaucoup de personnes des Focolari. \u00ab\u00a0En \u00e9tant avec eux, m\u00eame si nous les avons trouv\u00e9s \u00e9reint\u00e9s, nous avons \u00e9t\u00e9 touch\u00e9s de voir comment les personnes sont en continuelle donation envers les autres et croient encore en l\u2019amour de Dieu, malgr\u00e9 tout.\u00a0\u00bb  \u00ab\u00a0<strong>En effet, neuf mois ont pass\u00e9 depuis que les villages de la Plaine de Ninive ont \u00e9t\u00e9 envahis par l\u2019EI.<\/strong> La situation g\u00e9n\u00e9rale du pays a empir\u00e9 avec les derniers d\u00e9veloppements et la conqu\u00eate de nouveaux territoires. Les habitants, y compris nos amis, ressentent une grande incertitude dans le futur. Beaucoup sont d\u00e9j\u00e0 partis et d\u2019autres pensent quitter le pays.\u00a0\u00bb  La proximit\u00e9 spirituelle est importante. En conclusion de ces quelques jours ensemble, quelqu&rsquo;un confie: \u00ab\u00a0Nous avons tout perdu, je n\u2019ai pas pu finir mes \u00e9tudes universitaires, il n\u2019y a pas de travail\u2026 mais, <strong>finalement, j\u2019ai retrouv\u00e9 la paix<\/strong>, et j\u2019ai d\u00e9cid\u00e9 de recommencer mon rapport avec Dieu\u00a0\u00bb.<strong> <\/strong>  <strong><a href=\"https:\/\/www.focolare.org\/wp-content\/uploads\/2015\/06\/20150623-02.jpg\"><img loading=\"lazy\" decoding=\"async\" class=\"alignright wp-image-126094\" src=\"https:\/\/www.focolare.org\/wp-content\/uploads\/2015\/06\/20150623-02.jpg\" alt=\"20150623-02\" width=\"380\" height=\"252\" \/><\/a><\/strong>\u00ab\u00a0<strong>Durant la rencontre avec la communaut\u00e9 des Focolari <\/strong>\u2013 racontent encore Pierre et Gemma \u2013 nous avons v\u00e9cu un moment tr\u00e8s important: chacun a d\u00e9clar\u00e9 \u00eatre pr\u00eat \u00e0 donner sa vie pour l\u2019autre, \u00e0 s\u2019aimer comme J\u00e9sus nous a aim\u00e9s, de fa\u00e7on \u00e0 ce qu\u2019Il puisse \u00eatre pr\u00e9sent au milieu de nous, comme il l\u2019a promis. Nous avons ensuite m\u00e9dit\u00e9 sur le lien entre l\u2019Eucharistie et l\u2019\u00c9glise, avec un commentaire de <a href=\"https:\/\/www.focolare.org\/fr\/chiara-lubich\/chi-e-chiara\/\">Chiara Lubich <\/a>de 1982, <em>\u00ab\u00a0L\u2019Eucharistie fait l\u2019\u00c9glise et l\u2019\u00c9glise fait l\u2019Eucharistie\u00a0\u00bb.<\/em> Parmi les rencontres faites, citons celle avec Mgr Bashar Warda, \u00e9v\u00eaque chald\u00e9en d\u2019Erbil, heureux de notre passage. \u00c0 la fin, il nous a demand\u00e9 de prier plus que jamais pour l\u2019Irak.\u00a0\u00bb  <strong>\u00ab\u00a0Je suis venu pour vous, chacun est comme le monde entier pour moi\u2026\u00a0\u00bb <\/strong>a d\u00e9clar\u00e9 Mgr Salomone Warduni, \u00e9v\u00eaque auxiliaire de Bagdad de l\u2019\u00c9glise catholique chald\u00e9enne, venu expr\u00e8s de Bagdad. Il a exhort\u00e9 tout le monde \u00e0 \u00ab\u00a0<strong>ne pas avoir peur<\/strong>, mais \u00e0 aller de l\u2019avant dans la vie de l\u2019id\u00e9al de l\u2019unit\u00e9, parce que chacun de nous a une mission \u00e0 accomplir\u00a0\u00bb.  \u00ab\u00a0<strong>J\u2019essaie de vivre concr\u00e8tement l\u2019amour qui devient r\u00e9ciproque \u00e0 l&rsquo;int\u00e9rieur de la communaut\u00e9.<\/strong> Je trouve dans l\u2019Eucharistie la force pour continuer \u00e0 aimer\u00a0\u00bb, confie une des personnes pr\u00e9sentes. Et puis, on se r\u00e9jouit aussi ensemble: malgr\u00e9 la situation, un groupe dynamique d\u2019enfants et de jeunes a organis\u00e9 l\u2019\u00e9dition locale de Run4Unity (la course de relai mondiale pour la paix) avec 35\u00a0jeunes filles et gar\u00e7ons! \u00ab\u00a0Pour nous, c&rsquo;\u00e9taient des jours intenses \u2013 concluent les deux focolarini de la Jordanie \u2013 une exp\u00e9rience divine et profonde. <strong>Nous avons re\u00e7u plus que ce que nous pouvions donner.<\/strong> On ne se doute pas qu&rsquo;autant de vie puisse na\u00eetre de cette grande douleur v\u00e9cue chr\u00e9tiennement.\u00a0\u00bb<\/p>\n","protected":false},"excerpt":{"rendered":"<p>Gemma et Pierre nous \u00e9crivent au retour d\u2019un bref voyage pour rencontrer la communaut\u00e9 chr\u00e9tienne d\u2019Erbil.<\/p>\n","protected":false},"author":34,"featured_media":0,"comment_status":"open","ping_status":"open","sticky":false,"template":"","format":"standard","meta":{"give_campaign_id":0,"_seopress_robots_primary_cat":"","_seopress_titles_title":"","_seopress_titles_desc":"","_seopress_robots_index":"","_et_pb_use_builder":"","_et_pb_old_content":"","_et_gb_content_width":"","footnotes":""},"categories":[906],"tags":[],"class_list":["post-330560","post","type-post","status-publish","format-standard","hentry","category-focolare-worldwide-2-3"],"_links":{"self":[{"href":"https:\/\/www.focolare.org\/fr\/wp-json\/wp\/v2\/posts\/330560","targetHints":{"allow":["GET"]}}],"collection":[{"href":"https:\/\/www.focolare.org\/fr\/wp-json\/wp\/v2\/posts"}],"about":[{"href":"https:\/\/www.focolare.org\/fr\/wp-json\/wp\/v2\/types\/post"}],"author":[{"embeddable":true,"href":"https:\/\/www.focolare.org\/fr\/wp-json\/wp\/v2\/users\/34"}],"replies":[{"embeddable":true,"href":"https:\/\/www.focolare.org\/fr\/wp-json\/wp\/v2\/comments?post=330560"}],"version-history":[{"count":0,"href":"https:\/\/www.focolare.org\/fr\/wp-json\/wp\/v2\/posts\/330560\/revisions"}],"wp:attachment":[{"href":"https:\/\/www.focolare.org\/fr\/wp-json\/wp\/v2\/media?parent=330560"}],"wp:term":[{"taxonomy":"category","embeddable":true,"href":"https:\/\/www.focolare.org\/fr\/wp-json\/wp\/v2\/categories?post=330560"},{"taxonomy":"post_tag","embeddable":true,"href":"https:\/\/www.focolare.org\/fr\/wp-json\/wp\/v2\/tags?post=330560"}],"curies":[{"name":"wp","href":"https:\/\/api.w.org\/{rel}","templated":true}]}}