{"id":330620,"date":"2015-07-30T04:00:04","date_gmt":"2015-07-30T02:00:04","guid":{"rendered":"https:\/\/www.focolare.org\/cuba-recuperation-de-la-memoire-historique\/"},"modified":"2024-05-16T15:12:40","modified_gmt":"2024-05-16T13:12:40","slug":"cuba-recuperation-de-la-memoire-historique","status":"publish","type":"post","link":"https:\/\/www.focolare.org\/fr\/cuba-recuperation-de-la-memoire-historique\/","title":{"rendered":"Cuba: r\u00e9cup\u00e9ration de la m\u00e9moire historique"},"content":{"rendered":"<p><a href=\"https:\/\/www.focolare.org\/wp-content\/uploads\/2015\/07\/chiesa.jpg\"><img loading=\"lazy\" decoding=\"async\" class=\" size-full wp-image-126924 alignleft\" src=\"https:\/\/www.focolare.org\/wp-content\/uploads\/2015\/07\/chiesa.jpg\" alt=\"chiesa\" width=\"350\" height=\"238\" hspace=\"5\" \/><\/a><strong>\u00ab Nous avons appris avec une grande joie la nouvelle de la visite que le pape Fran\u00e7ois<\/strong> fera \u00e0 notre pays du 19 au 22 septembre. Le Saint-P\u00e8re veut nous manifester sa proximit\u00e9 en ce moment o\u00f9, gr\u00e2ce aussi \u00e0 sa m\u00e9diation, l\u2019on respire ici un climat d\u2019esp\u00e9rance de par les possibilit\u00e9s nouvelles de dialogue entre Cuba et les \u00c9tats-Unis. Ce qu\u2019il est en train de faire en tant que pasteur de l\u2019\u00c9glise universelle est tr\u00e8s tr\u00e8s important pour la recherche de la r\u00e9conciliation et de la paix entre les peuples ! \u00bb Ainsi \u00e9crivent, dans un message aux cubains, les \u00e9v\u00eaques catholiques du pays.  <strong>Alors que l\u2019\u00eele des Cara\u00efbes s\u2019appr\u00eate \u00e0 recevoir le premier pape originaire d\u2019Am\u00e9rique Latine<\/strong>, nous nous entretenons \u00e0 La Havane avec Jos\u00e9 Andr\u00e9s Sardina Pereira, architecte espagnol sp\u00e9cialis\u00e9 en arts sacr\u00e9s et liturgie, et passionn\u00e9 de culture cubaine.  \u00ab Le projet que nous d\u00e9veloppons \u2013 explique Sardina Pereira \u2013 veut \u00eatre une contribution de l\u2019archev\u00each\u00e9 de Santiago au travail initi\u00e9 par les institutions civiles, dans le but de faire inscrire le centre historique de Santiago (avec l\u2019ensemble d\u2019\u00e9glises coloniales et de quartiers qui le composent) dans la liste du patrimoine mondial de l\u2019humanit\u00e9 qu\u2019\u00e9tablit l\u2019UNESCO, comme c\u2019est d\u00e9j\u00e0 le cas des centres historiques de La Havane, Trinidad, Camag\u00fcey et Cienfuegos. \u00bb  <strong>N\u00e9 de p\u00e8re cubain, Sardina Pereira, est un passionn\u00e9 de l\u2019histoire de Cuba.<\/strong> Cette nation, connue aussi sous le nom de \u00ab Grande \u00eele \u00bb, a \u00e9t\u00e9 \u00ab l\u2019une des derni\u00e8res colonies espagnoles \u00e0 obtenir l\u2019ind\u00e9pendance (1898), ce qui explique que la processus de \u201ctransculturation\u201d ait dur\u00e9 plus qu\u2019ailleurs. Les \u00e9tudes des origines de la culture cubaine, lorsqu\u2019elle s\u2019est diff\u00e9renci\u00e9e de la culture espagnole, en situent la cristallisation au cours du XVIIIe si\u00e8cle, au moment o\u00f9 se r\u00e9veillent, avec un certain antagonisme vis-\u00e0-vis des mod\u00e8les et des int\u00e9r\u00eats espagnols, une s\u00e9rie d\u2019inqui\u00e9tudes sociales, \u00e9conomiques et culturelles qui caract\u00e9risent les natifs de l\u2019\u00eele (cr\u00e9oles) de ceux qui provenaient de l\u2019autre c\u00f4t\u00e9 de l\u2019Atlantique \u00bb. Sardina Pereira explique que \u00ab dans les processus ethniques et culturels qui ont engendr\u00e9 la \u201ccubanit\u00e9\u201d, les espagnols et les africains arriv\u00e9s sur l\u2019\u00eele ont port\u00e9 avec eux leurs cultures, qui \u00e9taient bien plus complexes que ce que l\u2019on entend habituellement par culture \u201cespagnole\u201d et culture \u201cafricaine\u201d \u00bb.<a href=\"https:\/\/www.focolare.org\/wp-content\/uploads\/2015\/07\/gente.jpg\"><img loading=\"lazy\" decoding=\"async\" class=\"alignright size-full wp-image-126925\" src=\"https:\/\/www.focolare.org\/wp-content\/uploads\/2015\/07\/gente.jpg\" alt=\"gente\" width=\"350\" height=\"234\" \/><\/a>  <strong>\u00ab Cuba a vu arriver sur son sol des hommes et des femmes de groupes linguistiques,<\/strong> sociaux et religieux diff\u00e9rents, ayant des niveaux de d\u00e9veloppement \u00e9conomique diff\u00e9rents. Ils provenaient de ce qui est aujourd\u2019hui le S\u00e9n\u00e9gal, la Gambie, le Mali, la Guin\u00e9e, la C\u00f4te d\u2019Ivoire, le B\u00e9nin, le Nig\u00e9ria, le Congo et l\u2019Angola. \u00bb Ainsi que des personnes en provenance d\u2019autres pays d\u2019Europe, d\u2019Asie et m\u00eame du continent am\u00e9ricain. \u00ab La pr\u00e9sence fran\u00e7aise \u00e0 Cienfuegos ou dans les plantations de caf\u00e9 de l\u2019est de l\u2019\u00eele en est une illustration. \u00bb  <strong>C\u2019est dans le m\u00e9lange de cet \u00ab \u00e9ventail riche et bariol\u00e9<\/strong> d\u2019individus provenant d\u2019aires g\u00e9ographiques diverses que na\u00eet la culture cubaine, une des derni\u00e8res que l\u2019humanit\u00e9 ait engendr\u00e9e : audacieuse, int\u00e9grative, cr\u00e9ative et en m\u00eame temps ouverte, accueillante et respectueuse de la diversit\u00e9 \u00bb.  <strong>Sardina Pereira souligne le r\u00f4le cl\u00e9 du message \u00e9vang\u00e9lique dans cette \u00ab gen\u00e8se<\/strong> \u00bb, dans la mesure o\u00f9 \u00ab cette patrie nouvelle a \u00e9t\u00e9 fond\u00e9e gr\u00e2ce \u00e0 la cohabitation d\u2019individus tr\u00e8s diff\u00e9rents les uns des autres : blancs, noirs, m\u00e9tis, esclaves et hommes libres ; beaucoup d\u2019entre eux \u00e9tant unis par l\u2019amour que J\u00e9sus est venu enseigner sur la terre, un amour qui va jusqu\u2019\u00e0 donner sa vie. Il suffit d\u2019\u00e9voquer l\u2019h\u00e9ro\u00efsme, la coh\u00e9rence et l\u2019amour de tant de p\u00e8res de la nation cubaine et de tant d\u2019hommes et de femmes qui, \u00e0 leur suite, l\u2019ont engendr\u00e9e en donnant leur vie \u00bb. Des personnes unies par leur foi qui \u00ab voyagent ensemble dans un navire nouveau, sur la mer agit\u00e9e de l\u2019histoire \u00bb.  <strong>\u00c0 ce moment de notre conversation, notre expert ajoute un autre \u00e9l\u00e9ment<\/strong>, qu\u2019il consid\u00e8re comme essentiel. Les cubains sont \u00ab un peuple b\u00e9ni par une rencontre extraordinaire avec la m\u00e8re de J\u00e9sus \u00bb. Cette affirmation fait allusion \u00e0 ce que la tradition a appel\u00e9 \u00ab la d\u00e9couverte \u00bb. On raconte qu\u2019en 1612, trois chercheurs de sel (un m\u00e9tis, un noir et un blanc, trois ethnies jusque-l\u00e0 en conflit) trouv\u00e8rent une tablette de bois qui flottait sur la mer et o\u00f9 \u00e9tait repr\u00e9sent\u00e9e une image de la Vierge accompagn\u00e9e de l\u2019inscription : \u00ab Je suis la Vierge de la charit\u00e9 \u00bb. \u00ab Cette rencontre avec une m\u00e8re \u2013 poursuit avec conviction l\u2019architecte \u2013 constitue l\u2019un des \u00e9l\u00e9ments qui permettent au peuple cubain de d\u00e9couvrir la v\u00e9ritable fraternit\u00e9, qui se convertira en un symbole identificateur de leur nationalit\u00e9. M\u00e8re de tous, de marins de toute provenance, couleur et credo. \u00bb  <strong>Sardina Pereira aime comparer ce m\u00e9lange d\u2019ethnies \u00e0 un plat typique du centre de l\u2019\u00eele appel\u00e9 \u00ab ajiaco \u00bb.<\/strong> \u00ab Dans un monde globalis\u00e9 et toujours plus interd\u00e9pendant \u2013 ajoute notre architecte \u2013 tr\u00e8s souvent l\u2019intol\u00e9rance envers les diff\u00e9rences ethniques, culturelles et religieuses continue d\u2019\u00eatre la cause premi\u00e8re des conflits les plus graves. <a href=\"https:\/\/www.focolare.org\/fr\/chiara-lubich\/chi-e-chiara\/\">Chiara Lubich<\/a>, cette grande personnalit\u00e9 de l\u2019\u00c9glise catholique, dans son intervention au palais des Nations-Unies en 1997, a pu affirmer que pour construire aujourd\u2019hui un monde plus uni et en paix, il est n\u00e9cessaire d\u2019arriver \u00e0 aimer la patrie d\u2019autrui comme la sienne. \u00bb  <strong>Sardina Pereira conclut par un aveu personnel :<\/strong> \u00ab En r\u00e9alisant ce travail, j\u2019ai pu me rendre compte de ce que la connaissance et la diffusion de la culture cubaine peuvent apporter \u00e0 la paix dans le monde, dans la mesure o\u00f9 elle parviendra \u00e0 r\u00e9cup\u00e9rer et \u00e0 maintenir une m\u00e9moire historique authentique et ses profondes racines chr\u00e9tiennes. \u00bb  Par Gustavo Clari\u00e1<\/p>\n","protected":false},"excerpt":{"rendered":"<p>Dialogue avec l\u2019architecte espagnol Jos\u00e9 Andr\u00e9s Sardina Pereira, coordinateur d\u2019un projet de recherche architecturale, historique et artistique \u00e0 Santiago de Cuba. Dans l\u2019attente de la prochaine visite du Pape en septembre.<\/p>\n","protected":false},"author":34,"featured_media":0,"comment_status":"open","ping_status":"open","sticky":false,"template":"","format":"standard","meta":{"give_campaign_id":0,"_seopress_robots_primary_cat":"","_seopress_titles_title":"","_seopress_titles_desc":"","_seopress_robots_index":"","_et_pb_use_builder":"","_et_pb_old_content":"","_et_gb_content_width":"","footnotes":""},"categories":[906],"tags":[],"class_list":["post-330620","post","type-post","status-publish","format-standard","hentry","category-focolare-worldwide-2-3"],"_links":{"self":[{"href":"https:\/\/www.focolare.org\/fr\/wp-json\/wp\/v2\/posts\/330620","targetHints":{"allow":["GET"]}}],"collection":[{"href":"https:\/\/www.focolare.org\/fr\/wp-json\/wp\/v2\/posts"}],"about":[{"href":"https:\/\/www.focolare.org\/fr\/wp-json\/wp\/v2\/types\/post"}],"author":[{"embeddable":true,"href":"https:\/\/www.focolare.org\/fr\/wp-json\/wp\/v2\/users\/34"}],"replies":[{"embeddable":true,"href":"https:\/\/www.focolare.org\/fr\/wp-json\/wp\/v2\/comments?post=330620"}],"version-history":[{"count":0,"href":"https:\/\/www.focolare.org\/fr\/wp-json\/wp\/v2\/posts\/330620\/revisions"}],"wp:attachment":[{"href":"https:\/\/www.focolare.org\/fr\/wp-json\/wp\/v2\/media?parent=330620"}],"wp:term":[{"taxonomy":"category","embeddable":true,"href":"https:\/\/www.focolare.org\/fr\/wp-json\/wp\/v2\/categories?post=330620"},{"taxonomy":"post_tag","embeddable":true,"href":"https:\/\/www.focolare.org\/fr\/wp-json\/wp\/v2\/tags?post=330620"}],"curies":[{"name":"wp","href":"https:\/\/api.w.org\/{rel}","templated":true}]}}