{"id":330646,"date":"2015-08-15T04:00:15","date_gmt":"2015-08-15T02:00:15","guid":{"rendered":"https:\/\/www.focolare.org\/marie-transparence-de-dieu\/"},"modified":"2024-05-16T15:12:55","modified_gmt":"2024-05-16T13:12:55","slug":"marie-transparence-de-dieu","status":"publish","type":"post","link":"https:\/\/www.focolare.org\/fr\/marie-transparence-de-dieu\/","title":{"rendered":"Marie, transparence de Dieu"},"content":{"rendered":"<p><div id=\"attachment_127341\" style=\"width: 360px\" class=\"wp-caption alignright\"><a href=\"https:\/\/www.focolare.org\/wp-content\/uploads\/2015\/08\/A.Cerquetti.jpg\"><img loading=\"lazy\" decoding=\"async\" aria-describedby=\"caption-attachment-127341\" class=\"wp-image-127341\" src=\"https:\/\/www.focolare.org\/wp-content\/uploads\/2015\/08\/A.Cerquetti.jpg\" alt=\"A.Cerquetti Mater Christi\" width=\"350\" height=\"255\" \/><\/a><p id=\"caption-attachment-127341\" class=\"wp-caption-text\">Ave Cerquetti, &lsquo;Mater Christi&rsquo; &#8211; Roma, 1971<\/p><\/div>  <strong>Entre toutes les paroles<\/strong> prononc\u00e9es par le P\u00e8re dans Sa Cr\u00e9ation, il en fut une, tout \u00e0 fait singuli\u00e8re. Celle-ci ne pouvait pas tant \u00eatre objet de l\u2019intelligence que de l\u2019intuition.  <strong>Non pas splendeur du soleil divin,<\/strong> mais ombre suave et douce. L\u00e9ger nuage blanc qui, dans sa course, vient adoucir la lumi\u00e8re du soleil trop vive pour nos yeux. C\u2019\u00e9tait dans les plans de la Providence que le Verbe se f\u00eet chair.  <strong>Une parole, la Parole,<\/strong> devait s\u2019\u00e9crire ici-bas en chair et en sang, et cette Parole avait besoin d\u2019une toile de fond. Les harmonies c\u00e9lestes d\u00e9siraient ardemment, par amour pour nous, transporter leur concert unique sous nos tentes.  <strong>Il leur fallait un silence sur lequel retentir.<\/strong> Celui qui allait conduire l\u2019humanit\u00e9, donner sens aux si\u00e8cles pass\u00e9s, \u00e9clairer et entra\u00eener \u00e0 Sa suite les si\u00e8cles \u00e0 venir, devait appara\u00eetre sur la sc\u00e8ne du monde. Mais il Lui fallait un \u00e9cran immacul\u00e9 o\u00f9 Il p\u00fbt resplendir.  <strong>Le plus grand des projets que l\u2019Amour-Dieu<\/strong> pouvait imaginer devait se tracer en lignes majestueuses et divines. Toute la palette des vertus devait se trouver r\u00e9unie dans un c\u0153ur humain dispos\u00e9 \u00e0 Le servir.  <strong>Cette ombre admirable<\/strong>, qui porte en elle le soleil, lui c\u00e8de la place et en lui se retrouve ; cette toile immacul\u00e9e, cet ab\u00eeme insondable, qui contient la Parole, le Christ, et en Lui se perd, lumi\u00e8re dans la Lumi\u00e8re ; ce sublime silence qui ne se tait plus puisque chantent en lui les divines harmonies du Verbe et qui devient, en Lui, la note entre toutes les notes, le \u00ab la \u00bb du chant \u00e9ternel s\u2019\u00e9levant du Paradis ; ce d\u00e9cor majestueux et splendide comme la nature, o\u00f9 se concentre la beaut\u00e9 r\u00e9pandue \u00e0 profusion dans l\u2019univers par le Cr\u00e9ateur ; cet univers r\u00e9serv\u00e9 au Fils de Dieu, qui s\u2019oublie lui-m\u00eame, n\u2019ayant d\u2019autre part et d\u2019autre int\u00e9r\u00eat qu\u2019en Celui qui devait venir et qui est venu, en Celui qui devait accomplir Son \u0153uvre et l\u2019a accomplie ; cet arc-en-ciel de vertus qui dit \u00ab paix \u00bb au monde entier, ayant donn\u00e9 au monde la Paix ; cette cr\u00e9ature, que la Trinit\u00e9, dans son myst\u00e8re insondable, a invent\u00e9e et nous a donn\u00e9e : c\u2019est Marie.  <strong>On ne saurait parler d\u2019elle :<\/strong> on la chante. Difficile de raisonner \u00e0 son sujet : on l\u2019aime et on l\u2019invoque. Elle est objet non de sp\u00e9culations de l\u2019esprit, mais de po\u00e9sie. Les plus grands g\u00e9nies de l\u2019univers ont mis leurs pinceaux et leurs plumes \u00e0 son service.  <strong>Si J\u00e9sus incarne le Verbe,<\/strong> le Logos, la Lumi\u00e8re, la Raison, elle personnifie l\u2019Art, la Beaut\u00e9, l\u2019Amour.  <strong>Marie,<\/strong> chef-d\u2019\u0153uvre du Cr\u00e9ateur, est celle en qui l\u2019Esprit Saint a donn\u00e9 libre cours \u00e0 Son g\u00e9nie, celle en qui il a d\u00e9vers\u00e9 le flot de Ses inspirations.  <strong>Comme elle est belle, Marie !<\/strong> Jamais on ne pourra assez la chanter.  (In <em>Marie transparence de Dieu<\/em>, 2003, Nouvelle Cit\u00e9, Paris, p.11 \u00e0 14)  Source:<a href=\"http:\/\/www.centrochiaralubich.org\/fr\/documents-fr\/textes\/155-scritto-fr\/1203-marie-transparence-de-dieu.html\" target=\"_blank\" rel=\"noopener\"> Chiara Lubich Centre<\/a><\/p>\n","protected":false},"excerpt":{"rendered":"<p>F\u00eate de l&rsquo;Assomption de Marie. Nous publions un texte po\u00e9tique de Chiara Lubich, \u00e9crit en 1959 \u00e0 Fiera di Primiero (Trente, Italie), d\u00e9di\u00e9 \u00e0 la Vierge de Nazareth.<\/p>\n","protected":false},"author":27,"featured_media":0,"comment_status":"open","ping_status":"open","sticky":false,"template":"","format":"standard","meta":{"give_campaign_id":0,"_seopress_robots_primary_cat":"","_seopress_titles_title":"","_seopress_titles_desc":"","_seopress_robots_index":"","_et_pb_use_builder":"","_et_pb_old_content":"","_et_gb_content_width":"","footnotes":""},"categories":[47],"tags":[],"class_list":["post-330646","post","type-post","status-publish","format-standard","hentry","category-non-classifiee"],"_links":{"self":[{"href":"https:\/\/www.focolare.org\/fr\/wp-json\/wp\/v2\/posts\/330646","targetHints":{"allow":["GET"]}}],"collection":[{"href":"https:\/\/www.focolare.org\/fr\/wp-json\/wp\/v2\/posts"}],"about":[{"href":"https:\/\/www.focolare.org\/fr\/wp-json\/wp\/v2\/types\/post"}],"author":[{"embeddable":true,"href":"https:\/\/www.focolare.org\/fr\/wp-json\/wp\/v2\/users\/27"}],"replies":[{"embeddable":true,"href":"https:\/\/www.focolare.org\/fr\/wp-json\/wp\/v2\/comments?post=330646"}],"version-history":[{"count":0,"href":"https:\/\/www.focolare.org\/fr\/wp-json\/wp\/v2\/posts\/330646\/revisions"}],"wp:attachment":[{"href":"https:\/\/www.focolare.org\/fr\/wp-json\/wp\/v2\/media?parent=330646"}],"wp:term":[{"taxonomy":"category","embeddable":true,"href":"https:\/\/www.focolare.org\/fr\/wp-json\/wp\/v2\/categories?post=330646"},{"taxonomy":"post_tag","embeddable":true,"href":"https:\/\/www.focolare.org\/fr\/wp-json\/wp\/v2\/tags?post=330646"}],"curies":[{"name":"wp","href":"https:\/\/api.w.org\/{rel}","templated":true}]}}