{"id":330686,"date":"2015-09-01T04:00:44","date_gmt":"2015-09-01T02:00:44","guid":{"rendered":"https:\/\/www.focolare.org\/religions-pour-la-paix-campagne-en-faveur-de-lenvironnement\/"},"modified":"2024-05-16T15:13:04","modified_gmt":"2024-05-16T13:13:04","slug":"religions-pour-la-paix-campagne-en-faveur-de-lenvironnement","status":"publish","type":"post","link":"https:\/\/www.focolare.org\/fr\/religions-pour-la-paix-campagne-en-faveur-de-lenvironnement\/","title":{"rendered":"Religions pour la Paix : campagne en faveur de l\u2019environnement"},"content":{"rendered":"<p><strong><a href=\"http:\/\/faithsforearth.org\/?utm_source=Faiths+for+Earth+Campaign&amp;utm_campaign=Recommendations+Request&amp;utm_medium=email\"><img loading=\"lazy\" decoding=\"async\" class=\" size-full wp-image-127967 alignleft\" src=\"https:\/\/www.focolare.org\/wp-content\/uploads\/2015\/09\/Religions_for_Peace-logo.jpg\" alt=\"Religions_for_Peace logo\" width=\"316\" height=\"64\" \/><\/a>Le changement climatique est l\u2019un des d\u00e9fis majeurs de notre temps<\/strong>. Les leaders des diverses Religions s\u2019unissent pour promouvoir une campagne mondiale. <strong>Leur objectif : atteindre les 100% d\u2019\u00e9nergies renouvelables avant 2050.<\/strong>  \u00ab <a href=\"http:\/\/religionspourlapaix.org\/\" target=\"_blank\" rel=\"noopener\">Religions pour la Paix<\/a> (RPP) \u2013 comme le pr\u00e9cise sa pr\u00e9sentation \u2013 travaille \u00e0 la r\u00e9solution des conflits violents, \u00e0 la construction d\u2019une soci\u00e9t\u00e9 plus juste et harmonieuse et \u00e0 la protection de la terre. RPP dispose d\u2019un<a href=\"http:\/\/www.religionsforpeaceinternational.org\/who-we-are\/world-council\" target=\"_blank\" rel=\"noopener\"> Conseil mondial<\/a> de leaders religieux de haut niveau, issus de toutes les Religions du monde, de nombreuses instances interreligieuses nationales et aussi r\u00e9gionales \u00bb.  <strong>La Pr\u00e9sidente du Mouvement des Focolari<\/strong>, <a href=\"https:\/\/www.focolare.org\/fr\/news\/2014\/09\/15\/maria-voce\/\" target=\"_blank\" rel=\"noopener\">Maria Voce<\/a>, fait partie des copr\u00e9sidents de \u00ab Religions pour la Paix \u00bb. Consciente de la responsabilit\u00e9 morale que repr\u00e9sente la protection de notre plan\u00e8te, elle a souscrit \u00e0 cette p\u00e9tition et invite tous ceux qui le veulent \u00e0 se joindre \u00e0 cette campagne qui s\u2019adresse aux Chefs d\u2019Etat de chaque Pays. Pour signer la p\u00e9tition on-line : <a href=\"http:\/\/faithsforearth.org\/\" target=\"_blank\" rel=\"noopener\">http:\/\/faithsforearth.org<\/a> (choisir votre propre Pays)<\/p>\n","protected":false},"excerpt":{"rendered":"<p>Atteindre avant 2050 l\u2019objectif des 100% d\u2019\u00e9nergies renouvelables. Telle est la requ\u00eate faite par \u00ab Religions pour la Paix \u00bb aupr\u00e8s des Chefs d\u2019 Etat de chaque Pays. Signe toi aussi !<\/p>\n","protected":false},"author":34,"featured_media":0,"comment_status":"open","ping_status":"open","sticky":false,"template":"","format":"standard","meta":{"give_campaign_id":0,"_seopress_robots_primary_cat":"","_seopress_titles_title":"","_seopress_titles_desc":"","_seopress_robots_index":"","_et_pb_use_builder":"","_et_pb_old_content":"","_et_gb_content_width":"","footnotes":""},"categories":[47],"tags":[],"class_list":["post-330686","post","type-post","status-publish","format-standard","hentry","category-non-classifiee"],"_links":{"self":[{"href":"https:\/\/www.focolare.org\/fr\/wp-json\/wp\/v2\/posts\/330686","targetHints":{"allow":["GET"]}}],"collection":[{"href":"https:\/\/www.focolare.org\/fr\/wp-json\/wp\/v2\/posts"}],"about":[{"href":"https:\/\/www.focolare.org\/fr\/wp-json\/wp\/v2\/types\/post"}],"author":[{"embeddable":true,"href":"https:\/\/www.focolare.org\/fr\/wp-json\/wp\/v2\/users\/34"}],"replies":[{"embeddable":true,"href":"https:\/\/www.focolare.org\/fr\/wp-json\/wp\/v2\/comments?post=330686"}],"version-history":[{"count":0,"href":"https:\/\/www.focolare.org\/fr\/wp-json\/wp\/v2\/posts\/330686\/revisions"}],"wp:attachment":[{"href":"https:\/\/www.focolare.org\/fr\/wp-json\/wp\/v2\/media?parent=330686"}],"wp:term":[{"taxonomy":"category","embeddable":true,"href":"https:\/\/www.focolare.org\/fr\/wp-json\/wp\/v2\/categories?post=330686"},{"taxonomy":"post_tag","embeddable":true,"href":"https:\/\/www.focolare.org\/fr\/wp-json\/wp\/v2\/tags?post=330686"}],"curies":[{"name":"wp","href":"https:\/\/api.w.org\/{rel}","templated":true}]}}