{"id":330718,"date":"2015-09-15T04:00:55","date_gmt":"2015-09-15T02:00:55","guid":{"rendered":"https:\/\/www.focolare.org\/la-crise-qui-suit-la-mise-a-la-retraite-je-ne-sais-pas-ce-dont-il-sagit\/"},"modified":"2024-05-16T15:13:11","modified_gmt":"2024-05-16T13:13:11","slug":"la-crise-qui-suit-la-mise-a-la-retraite-je-ne-sais-pas-ce-dont-il-sagit","status":"publish","type":"post","link":"https:\/\/www.focolare.org\/fr\/la-crise-qui-suit-la-mise-a-la-retraite-je-ne-sais-pas-ce-dont-il-sagit\/","title":{"rendered":"La crise qui suit la mise \u00e0 la retraite : je ne sais pas ce dont il s&rsquo;agit"},"content":{"rendered":"<p><strong><img loading=\"lazy\" decoding=\"async\" class=\"alignleft wp-image-128467\" src=\"https:\/\/www.focolare.org\/wp-content\/uploads\/2015\/09\/20150915-021.jpg\" alt=\"20150915-02\" width=\"380\" height=\"212\" \/><\/strong>Je ne sens pas la fatigue, peut-\u00eatre seulement un peu de sommeil, pour avoir dormi moins de cinq heures par nuit pendant cinq jours cons\u00e9cutifs. Je suis rentr\u00e9 d&rsquo;un camp-\u00e9cole pour adolescents ou pour le dire autrement, d&rsquo;un \u00a0\u00bbchantier\u00a0\u00bb comme l&rsquo;ont appel\u00e9 les animateurs des<a href=\"https:\/\/www.focolare.org\/fr\/movimento-dei-focolari\/un-popolo\/rpu\/\"> Juniors pour un Monde Uni<\/a> des Focolari.  Une aventure fantastique qui, mise \u00e0 la suite de tant d&rsquo;autres que depuis un an j&rsquo;ai l&rsquo;occasion de vivre et qui mettent de la couleur dans ma vie. Et elles me font oublier d&rsquo;\u00eatre entr\u00e9 dans cette phase potentiellement critique qu&rsquo;est la p\u00e9riode de mise \u00e0 la retraite. La proposition de donner un coup de main pour ces jeunes m&rsquo;avait flatt\u00e9. Et je m&rsquo;\u00e9tais dit\u00a0: \u00a0\u00bbJe suis peut-\u00eatre retrait\u00e9 mais l&rsquo;\u00e9nergie et l&rsquo;envie de faire plein de choses, je les ai\u00a0\u00bb\u00a0!  Le rendez-vous est \u00e0 9 heures, \u00e0 Borgo Don Bosco, dans un lieu mis \u00e0 la disposition par les Sal\u00e9siens. Petit \u00e0 petit, les jeunes commencent \u00e0 arriver, 25 gar\u00e7ons et filles , en-dessous de 18 ans. Un premier moment o\u00f9 l&rsquo;on rompt la glace, puis tout de suite, une atmosph\u00e8re d&rsquo;amiti\u00e9 se cr\u00e9e, m\u00eame si la majorit\u00e9 d&rsquo;entre eux ne sait pas trop o\u00f9 elle est tomb\u00e9e ni ce qui l&rsquo;attend.  Le programme est riche en surprises, comme cela convient pour une initiative pour jeunes adolescents. Mais aussi de travail dur (si on peut dire!), en transpirant ensemble sous le soleil, ou tremp\u00e9s jusqu&rsquo;aux os sous la pluie et ce, afin d&rsquo;am\u00e9liorer l&rsquo;endroit qui nous accueille. Je me vois confier pendant trois matin\u00e9es, l&rsquo;am\u00e9lioration d&rsquo;un endroit recul\u00e9 du jardin, abandonn\u00e9 depuis vingt ans. L&rsquo;herbe a pouss\u00e9 sur une terre apport\u00e9e par le vent et la pluie, cachant tout un sol d&rsquo;asphalte, avec des vestiaires et des douches, toujours l\u00e0, devenus rep\u00e8re pour araign\u00e9es et insectes qui pour, toute proportion gard\u00e9e, semblent de race extraterrestre. Sans compter les nombreuses choses abandonn\u00e9es dans les hautes herbes invisibles \u00e0 premi\u00e8re vue. Pratiquement une jungle \u00e0 raser.  Alors qu&rsquo;on travaille, vers la moiti\u00e9 de la matin\u00e9e, j&rsquo;ai l&rsquo;id\u00e9e de raconter aux jeunes comment j&rsquo;essaie de vivre le travail et en particulier ce travail-l\u00e0. Je ne pense pas avoir dit plus de vingt \u00e0 trente paroles en tout. J&rsquo;ai conclu ces quelques mots en confiant la r\u00e9elle motivation qui me pousse \u00e0 le faire\u00a0: penser que, <strong>dans ce lieu, l&rsquo;enfant J\u00e9sus aurait pu venir jouer<\/strong>. Par le silence qui a suivi, je per\u00e7ois que les jeunes en comprennent le sens et l&rsquo;int\u00e9riorisent. Et cette lumi\u00e8re que je vois briller dans leurs jeunes yeux se transforme tout de suite en actions concr\u00e8tes, en y mettant une nouvelle ardeur, s&rsquo;aidant les uns les autres.  Cette promptitude est une le\u00e7on pour moi\u00a0: par rapport \u00e0 ce que je vois chez ces jeunes, je suis plut\u00f4t lent pour me laisser convaincre par les choses qui me sont dites.  Le dimanche \u00e0 la messe, je me trouve \u00e0 c\u00f4t\u00e9 d&rsquo;un gar\u00e7on avec lequel nous avions travaill\u00e9 c\u00f4te \u00e0 c\u00f4te. Au moment de l&rsquo;\u00e9change du signe de paix, aussi bien lui que moi nous approchons l&rsquo;un de l&rsquo;autre et nous nous d\u00e9clarons \u00eatre pr\u00eats \u00e0 donner la vie l&rsquo;un pour l&rsquo;autre. Initiative que moi, en tant qu&rsquo;adulte, je n&rsquo;aurais pas prise vis-\u00e0-vis d&rsquo;un autre adulte\u00a0; mais vis-\u00e0-vis de lui, oui.  Le fait d&rsquo;\u00eatre avec ces jeunes, m&rsquo;a donn\u00e9 une nouvelle dimension du futur comme humanit\u00e9. Et d&rsquo;esp\u00e9rance. J&rsquo;ai vu l&rsquo;envie et la capacit\u00e9 de se donner \u00e0 fond. C&rsquo;est \u00e0 nous de croire en eux. L&rsquo;adolescence est un \u00e2ge difficile mais c&rsquo;est aussi un \u00e2ge o\u00f9 l&rsquo;on peut voir les choses en grand. Beaucoup de paroles ne sont pas n\u00e9cessaires, il suffit de &lsquo;faire&rsquo; des choses positives. C&rsquo;est peut-\u00eatre pour cela qu&rsquo;en se quittant, un jeune m&rsquo;a demand\u00e9 de m&rsquo;accompagner samedi prochain au march\u00e9 du quartier pour rassembler ce qui est rest\u00e9 des invendus de fruits et l\u00e9gumes, pour la cantine des pauvres.<\/p>\n","protected":false},"excerpt":{"rendered":"<p>C&rsquo;est ce que d\u00e9clare Mario de Rome, &lsquo;rescap\u00e9&rsquo; d&rsquo;un camp-\u00e9cole pour adolescents, \u00e0 une ann\u00e9e de sa mise \u00e0 la pension. Le secret ? Disponibilit\u00e9 et cr\u00e9ativit\u00e9. En croyant dans les jeunes.<\/p>\n","protected":false},"author":34,"featured_media":0,"comment_status":"open","ping_status":"open","sticky":false,"template":"","format":"standard","meta":{"give_campaign_id":0,"_seopress_robots_primary_cat":"","_seopress_titles_title":"","_seopress_titles_desc":"","_seopress_robots_index":"","_et_pb_use_builder":"","_et_pb_old_content":"","_et_gb_content_width":"","footnotes":""},"categories":[907],"tags":[],"class_list":["post-330718","post","type-post","status-publish","format-standard","hentry","category-senza-categoria-2-3"],"_links":{"self":[{"href":"https:\/\/www.focolare.org\/fr\/wp-json\/wp\/v2\/posts\/330718","targetHints":{"allow":["GET"]}}],"collection":[{"href":"https:\/\/www.focolare.org\/fr\/wp-json\/wp\/v2\/posts"}],"about":[{"href":"https:\/\/www.focolare.org\/fr\/wp-json\/wp\/v2\/types\/post"}],"author":[{"embeddable":true,"href":"https:\/\/www.focolare.org\/fr\/wp-json\/wp\/v2\/users\/34"}],"replies":[{"embeddable":true,"href":"https:\/\/www.focolare.org\/fr\/wp-json\/wp\/v2\/comments?post=330718"}],"version-history":[{"count":0,"href":"https:\/\/www.focolare.org\/fr\/wp-json\/wp\/v2\/posts\/330718\/revisions"}],"wp:attachment":[{"href":"https:\/\/www.focolare.org\/fr\/wp-json\/wp\/v2\/media?parent=330718"}],"wp:term":[{"taxonomy":"category","embeddable":true,"href":"https:\/\/www.focolare.org\/fr\/wp-json\/wp\/v2\/categories?post=330718"},{"taxonomy":"post_tag","embeddable":true,"href":"https:\/\/www.focolare.org\/fr\/wp-json\/wp\/v2\/tags?post=330718"}],"curies":[{"name":"wp","href":"https:\/\/api.w.org\/{rel}","templated":true}]}}