{"id":330740,"date":"2015-09-24T06:32:26","date_gmt":"2015-09-24T04:32:26","guid":{"rendered":"https:\/\/www.focolare.org\/francois-a-cuba-abattre-les-murs-construire-des-ponts\/"},"modified":"2024-05-16T15:13:16","modified_gmt":"2024-05-16T13:13:16","slug":"francois-a-cuba-abattre-les-murs-construire-des-ponts","status":"publish","type":"post","link":"https:\/\/www.focolare.org\/fr\/francois-a-cuba-abattre-les-murs-construire-des-ponts\/","title":{"rendered":"Fran\u00e7ois \u00e0 Cuba, abattre les murs, construire des ponts"},"content":{"rendered":"<p><a href=\"https:\/\/www.focolare.org\/wp-content\/uploads\/2015\/09\/20150924-05.jpg\"><img loading=\"lazy\" decoding=\"async\" class=\" wp-image-128811 alignleft\" src=\"https:\/\/www.focolare.org\/wp-content\/uploads\/2015\/09\/20150924-05.jpg\" alt=\"20150924-05\" width=\"380\" height=\"209\" \/><\/a>\u00ab<strong>\u00a0Le r\u00eave du \u00a0\u00bbmonde uni\u00a0\u00bb,<\/strong> nous l&rsquo;avons fortement senti en ces jours de gr\u00e2ce de la <a href=\"http:\/\/w2.vatican.va\/content\/francesco\/fr\/travels\/2015\/outside\/documents\/papa-francesco-cuba-usa-onu-2015.html\" target=\"_blank\" rel=\"noopener\">pr\u00e9sence du Pape Fran\u00e7ois \u00e0 Cuba<\/a>. Son passage a litt\u00e9ralement laiss\u00e9 une tra\u00een\u00e9e de lumi\u00e8re\u00a0! La pr\u00e9paration de sa visite a d\u00e9j\u00e0 \u00e9t\u00e9 riche en enthousiasme et nouveaut\u00e9s. Dans les trois dioc\u00e8ses qu&rsquo;il allait visiter, toutes les communaut\u00e9s de l\u2019\u00c9glise se sont activ\u00e9es avec des initiatives vari\u00e9es\u00a0: veill\u00e9es dans les \u00e9glises, dans les \u00a0\u00bbmaisons de mission\u00a0\u00bb, groupes de jeunes dans les parcs, r\u00e9unions du voisinage pour faire conna\u00eetre le Pape\u00a0; en somme, une \u00c9glise heureuse, en attente\u00a0! Et, comme cela ne s&rsquo;est jamais produit jusqu&rsquo;\u00e0 pr\u00e9sent, les moyens de communication (de l\u2019\u00c9tat) ont offert une ample couverture m\u00e9diatique pour pr\u00e9parer le peuple cubain \u00e0 cette visite tellement importante &#8211; aussi du point de vue politique, pour l&rsquo;apport bien connu du Saint P\u00e8re au r\u00e9tablissement des rapports entre Cuba et les \u00c9tats-Unis. Radio, t\u00e9l\u00e9vision, presse, donnaient continuellement des nouvelles sur la visite, petites \u00a0\u00bbcat\u00e9ch\u00e8ses\u00a0\u00bb sur le Pape et l\u2019\u00c9glise, documentaires sur la vie du Pape Fran\u00e7ois et aussi des deux autres Papes qui avaient visit\u00e9 l\u2019\u00cele. Surprise et joie, pour une \u00c9glise qui a eu les portes des moyens de communication ferm\u00e9es pendant des ann\u00e9es\u00a0!\u00a0\u00bb  Le Pape est arriv\u00e9 en tant que \u00a0\u00bb<em>missionnaire de la mis\u00e9ricorde<\/em>\u00a0\u00bb\u00a0; avec des gestes et des paroles simples &#8211; souvent d\u00e9licats mais incisifs &#8211; il a dit aux cubains et au monde, que sans le pardon, sans pratiquer la culture de la rencontre et du dialogue, il est impossible d&rsquo;avoir de l&rsquo;esp\u00e9rance pour le futur. <a href=\"http:\/\/w2.vatican.va\/content\/francesco\/fr\/speeches\/2015\/september\/documents\/papa-francesco_20150919_cuba-benvenuto.html\" target=\"_blank\" rel=\"noopener\">Ses premi\u00e8res paroles<\/a> nous ont d\u00e9j\u00e0 ouvert de nouveaux horizons\u00a0: \u00a0\u00bbG\u00e9ographiquement, Cuba est un archipel ayant un r\u00f4le extraordinaire de &lsquo;cl\u00e9&rsquo; entre le Nord et le Sud, entre l&rsquo;Est et l&rsquo;Ouest. Sa vocation naturelle est d&rsquo;\u00eatre un point de rencontre pour que tous les peuples soient r\u00e9unis par l&rsquo;amiti\u00e9(\u2026). Nous sommes t\u00e9moins d&rsquo;un \u00e9v\u00e9nement qui nous remplit d&rsquo;esp\u00e9rance\u00a0: le processus de normalisation des rapports entre deux peuples, apr\u00e8s des ann\u00e9es d&rsquo;\u00e9loignement. C&rsquo;est un signe de la victoire de la culture de la rencontre, du dialogue\u00a0\u00bb. Il a invit\u00e9 tout le monde \u00e0 \u00a0\u00bbcontinuer \u00e0 avancer sur cette voie-l\u00e0 et \u00e0 d\u00e9velopper toutes ses potentialit\u00e9s, comme preuve de l&rsquo;important service en faveur de la paix et du bien-\u00eatre de ses peuples et de toute l&rsquo;Am\u00e9rique, comme exemple de r\u00e9conciliation pour le monde entier\u00a0\u00bb.  Au cours de la <a href=\"http:\/\/w2.vatican.va\/content\/francesco\/fr\/homilies\/2015\/documents\/papa-francesco_20150921_cuba-omelia-holguin.html\" target=\"_blank\" rel=\"noopener\">Messe sur la <\/a><em><a href=\"http:\/\/w2.vatican.va\/content\/francesco\/fr\/homilies\/2015\/documents\/papa-francesco_20150921_cuba-omelia-holguin.html\" target=\"_blank\" rel=\"noopener\">Plaza de la Revolucion<\/a>, <\/em>\u00e0 La Havane, il a entre autre dit\u00a0: \u00a0\u00bb&#8230;la vie authentique se vit dans l&rsquo;engagement concret avec le prochain, c&rsquo;est-\u00e0-dire en servant\u00a0\u00bb, rappelant surtout le service rendu aux plus faibles. \u00a0\u00bbTous nous sommes appel\u00e9s par vocation chr\u00e9tienne, au service et \u00e0 s&rsquo;aider mutuellement \u00e0 ne pas tomber dans la tentation du service qui<em> se sert<\/em> a-t-il signal\u00e9.  <a href=\"https:\/\/www.focolare.org\/wp-content\/uploads\/2015\/09\/20150924-01.jpg\"><img loading=\"lazy\" decoding=\"async\" class=\"alignleft wp-image-128834\" src=\"https:\/\/www.focolare.org\/wp-content\/uploads\/2015\/09\/20150924-01.jpg\" alt=\"20150924-01\" width=\"380\" height=\"285\" \/><\/a>Dans sa rencontre avec les jeunes, l&#8217;empathie a \u00e9t\u00e9 imm\u00e9diate. Au d\u00e9sir exprim\u00e9 par un d&rsquo;entre eux de \u00a0\u00bbne pas vouloir lui pr\u00e9senter seulement nos r\u00eaves mais de lui demander quelque chose de sp\u00e9cial, qui renouvelle en nous l&rsquo;esp\u00e9rance\u2026\u00a0\u00bb, Fran\u00e7ois a r\u00e9pondu avec force\u00a0: \u00a0\u00bbR\u00eave, que si tu offres le meilleur de toi-m\u00eame, tu aideras \u00e0 ce que le monde soit diff\u00e9rent. N&rsquo;oubliez pas\u00a0: r\u00eavez. R\u00eavez et racontez vos r\u00eaves. Racontez parce que les grandes choses, il faut les raconter\u00a0!\u00a0\u00a0\u00bb  <a href=\"https:\/\/www.focolare.org\/wp-content\/uploads\/2015\/09\/20150924-04.jpg\"><img loading=\"lazy\" decoding=\"async\" class=\" alignright\" src=\"https:\/\/www.focolare.org\/wp-content\/uploads\/2015\/09\/20150924-04.jpg\" alt=\"20150924-04\" width=\"300\" height=\"225\" \/><\/a>\u00ab\u00a0Beaucoup parmi nous &#8211; continuent-ils \u2013 avons eu l\u2019occasion de le saluer personnellement, en commen\u00e7ant par les focolarine qui travaillent \u00e0 la Nonciature, mais aussi des familles, des jeunes, dans les diff\u00e9rentes villes o\u00f9 il s&rsquo;est rendu\u00a0\u00bb.  Le <a href=\"https:\/\/www.focolare.org\/fr\/movimento-dei-focolari\/scelte-e-impegno\/focolarini\/\" target=\"_blank\" rel=\"noopener\">Focolare <\/a>est pr\u00e9sent \u00e0 Cuba depuis 1998 et le service qu&rsquo;il essaie d&rsquo;offrir \u00e0 l\u2019\u00c9glise et \u00e0 la soci\u00e9t\u00e9 est celui de tisser un r\u00e9seau de fraternit\u00e9, d&rsquo;apporter l&rsquo; \u00a0\u00bbamiti\u00e9 sociale\u00a0\u00bb que le Pape a pr\u00e9sent\u00e9 aux jeunes et de favoriser \u00a0\u00bbla culture de la rencontre\u00a0\u00bb, \u00e0 parcourir comme chemin d&rsquo;esp\u00e9rance.  \u00a0\u00bbNous avons \u00e9t\u00e9 nombreux dans les services concrets avant et pendant la visite\u00a0: il y a ceux qui ont aid\u00e9 avec les moyens de communication, dans les organisations des \u00e9v\u00e9nements, ceux qui se sont laiss\u00e9s interviewer par les moyens de communication nationaux et internationaux, ou simplement en \u00e9tant l\u00e0, dans les endroits o\u00f9 le Pape allait passer, pour le saluer. En accord avec notre vocation \u00e0 l&rsquo;unit\u00e9, ensemble avec croyants et non croyants, nous avons v\u00e9cu et particip\u00e9 \u00e0 ces jours de gr\u00e2ce\u00a0\u00a0\u00bb.  <a href=\"http:\/\/w2.vatican.va\/content\/francesco\/fr\/homilies\/2015\/documents\/papa-francesco_20150922_cuba-omelia-santiago.html\" target=\"_blank\" rel=\"noopener\">Dans le Sanctuaire de <em>la Madonne de la Charit\u00e9<\/em>,<\/a> le Pape Fran\u00e7ois nous a laiss\u00e9 un programme\u00a0: \u00a0\u00bbNous voulons \u00eatre une \u00c9glise qui sort des maisons pour construire des ponts, casser les murs, semer la r\u00e9conciliation. Comme Marie, nous voulons \u00eatre une \u00c9glise qui sache accompagner dans les situations difficiles, les personnes qui nous sont confi\u00e9es, en s&rsquo;engageant avec la vie, la culture, la soci\u00e9t\u00e9, ne nous mettant pas \u00e0 part, mais en cheminant avec nos fr\u00e8res. Tous ensemble, tous ensemble\u00a0\u00bb.<\/p>\n","protected":false},"excerpt":{"rendered":"<p>Alors que le Pape se trouve d\u00e9j\u00e0 immerg\u00e9 dans l&rsquo;intense programme de la visite aux USA, nous publions le r\u00e9cit des membres du Mouvement de l\u2019Ile. Comment ils ont v\u00e9cu sa visite historique.<\/p>\n","protected":false},"author":34,"featured_media":0,"comment_status":"open","ping_status":"open","sticky":false,"template":"","format":"standard","meta":{"give_campaign_id":0,"_seopress_robots_primary_cat":"","_seopress_titles_title":"","_seopress_titles_desc":"","_seopress_robots_index":"","_et_pb_use_builder":"","_et_pb_old_content":"","_et_gb_content_width":"","footnotes":""},"categories":[47],"tags":[],"class_list":["post-330740","post","type-post","status-publish","format-standard","hentry","category-non-classifiee"],"_links":{"self":[{"href":"https:\/\/www.focolare.org\/fr\/wp-json\/wp\/v2\/posts\/330740","targetHints":{"allow":["GET"]}}],"collection":[{"href":"https:\/\/www.focolare.org\/fr\/wp-json\/wp\/v2\/posts"}],"about":[{"href":"https:\/\/www.focolare.org\/fr\/wp-json\/wp\/v2\/types\/post"}],"author":[{"embeddable":true,"href":"https:\/\/www.focolare.org\/fr\/wp-json\/wp\/v2\/users\/34"}],"replies":[{"embeddable":true,"href":"https:\/\/www.focolare.org\/fr\/wp-json\/wp\/v2\/comments?post=330740"}],"version-history":[{"count":0,"href":"https:\/\/www.focolare.org\/fr\/wp-json\/wp\/v2\/posts\/330740\/revisions"}],"wp:attachment":[{"href":"https:\/\/www.focolare.org\/fr\/wp-json\/wp\/v2\/media?parent=330740"}],"wp:term":[{"taxonomy":"category","embeddable":true,"href":"https:\/\/www.focolare.org\/fr\/wp-json\/wp\/v2\/categories?post=330740"},{"taxonomy":"post_tag","embeddable":true,"href":"https:\/\/www.focolare.org\/fr\/wp-json\/wp\/v2\/tags?post=330740"}],"curies":[{"name":"wp","href":"https:\/\/api.w.org\/{rel}","templated":true}]}}