{"id":330746,"date":"2015-09-26T18:04:00","date_gmt":"2015-09-26T16:04:00","guid":{"rendered":"https:\/\/www.focolare.org\/welcome-to-new-york-holy-father\/"},"modified":"2024-05-16T15:13:18","modified_gmt":"2024-05-16T13:13:18","slug":"welcome-to-new-york-holy-father","status":"publish","type":"post","link":"https:\/\/www.focolare.org\/fr\/welcome-to-new-york-holy-father\/","title":{"rendered":"\u00ab\u00a0Welcome to New York, Holy Father\u00a0\u00bb"},"content":{"rendered":"<p><img loading=\"lazy\" decoding=\"async\" class=\" wp-image-128924 alignleft\" src=\"https:\/\/www.focolare.org\/wp-content\/uploads\/2015\/09\/20150926-03.jpg\" alt=\"20150926-03\" width=\"380\" height=\"253\" \/>D\u00e9j\u00e0 le jeudi apparaissent des banderoles\u00a0: \u00ab\u00a0<em>Welcome, Holy Father\u00a0\u00bb <\/em>partout. Le chauffeur de taxi regarde le pape \u00e0 la t\u00e9l\u00e9 et ne reste pas indiff\u00e9rent\u00a0: \u00ab\u00a0Vous irez demain voir le pape\u00a0? F\u00e9licitations\u00a0!\u00a0\u00bb  \u201c<strong>Le pape attire parce qu\u2019il est authentique\u201d<\/strong>, dit un homme dans le train, non catholique. Il a raison\u00a0: Fran\u00e7ois n\u2019a pas besoin d\u2019attirer l\u2019attention ou de gagner la sympathie des gens. Il a ainsi donn\u00e9 une le\u00e7on \u00e0 l\u2019Assembl\u00e9e G\u00e9n\u00e9rale des Nations Unies\u00a0: en commen\u00e7ant par le d\u00e9veloppement durable pour aborder ensuite le changement climatique et enfin la question des\u00a0 r\u00e9fugi\u00e9s\u00a0: \u00ab\u00a0Nous ne pouvons pas nous effrayer \u00e0 cause des chiffres\u2026 nous devons regarder les choses en face et \u00e9couter leur histoire\u00a0\u00bb, a-t-il dit \u00e0 Washington. Et \u00e0 l\u2019<a href=\"http:\/\/w2.vatican.va\/content\/francesco\/fr\/speeches\/2015\/september\/documents\/papa-francesco_20150925_onu-visita.html\" target=\"_blank\" rel=\"noopener\">ONU <\/a>: \u00ab\u00a0tout homme doit avoir un acc\u00e8s effectif aux biens mat\u00e9riels et spirituels indispensables\u00a0: un logement personnel, un travail digne et correctement r\u00e9mun\u00e9r\u00e9, une alimentation ad\u00e9quate, l\u2019eau potable et la libert\u00e9 religieuse\u00a0\u00bb. Il critique de nouveau et vivement les narcotrafiquants, les abus sexuels des personnes et le trafic des armes, comme il l\u2019avait d\u00e9j\u00e0 clairement exprim\u00e9 au Congr\u00e8s des USA\u00a0: mettre de c\u00f4t\u00e9 les divisions et les luttes entre les partis et aider les pauvres. La sacralit\u00e9 de tout \u00eatre humain lui tient \u00e0 c\u0153ur, et \u00e0 la fin de son long discours, les ovations n\u2019en finissent plus. Le pape va saluer les gens depuis sa voiture Fiat qui parait toute petite au milieu des grandes limousines.  <a href=\"https:\/\/www.focolare.org\/wp-content\/uploads\/2015\/09\/20150926-a.jpg\"><img loading=\"lazy\" decoding=\"async\" class=\" size-full wp-image-128915 alignright\" src=\"https:\/\/www.focolare.org\/wp-content\/uploads\/2015\/09\/20150926-a.jpg\" alt=\"20150926-a\" width=\"300\" height=\"210\" \/><\/a>Au <em><a href=\"http:\/\/w2.vatican.va\/content\/francesco\/fr\/speeches\/2015\/september\/documents\/papa-francesco_20150925_usa-ground-zero.html\" target=\"_blank\" rel=\"noopener\">Ground Zero<\/a><\/em> 500 repr\u00e9sentants de diverses religions l\u2019attendaient pour prier tous ensemble pour la paix. \u00ab\u00a0C\u2019\u00e9tait tellement significatif en raison de la diversit\u00e9 de cette nation\u00a0\u00bb a affirm\u00e9 Sue Kopp, une <a href=\"https:\/\/www.focolare.org\/fr\/movimento-dei-focolari\/scelte-e-impegno\/focolarini\/\" target=\"_blank\" rel=\"noopener\">focolarine <\/a>de New York, qui a pu participer \u00e0 la c\u00e9r\u00e9monie. \u00ab\u00a0Il m\u2019a sembl\u00e9 que ce lieu sacr\u00e9, marqu\u00e9 par une si grande souffrance, s\u2019\u00e9tait transform\u00e9 en lieu d\u2019esp\u00e9rance, o\u00f9 le r\u00eave d\u2019une civilisation de l\u2019amour devenait r\u00e9alit\u00e9\u00a0\u00bb.  \u00ab\u00a0Le pape \u2013 ajoute Joe Klock, de<a href=\"http:\/\/www.new-humanity.org\/it\/\" target=\"_blank\" rel=\"noopener\"> Humanit\u00e9 Nouvelle<\/a> (ONG internationale accr\u00e9dit\u00e9e aupr\u00e8s de l\u2019ONU) \u2013 a soulign\u00e9 l\u2019importance de construire l\u2019unit\u00e9 dans la diversit\u00e9, o\u00f9 la paix et l\u2019amour vrai r\u00e8gnent parmi les nations et les c\u0153urs de tous. Cela nous montre la n\u00e9cessit\u00e9 de la <a href=\"https:\/\/www.focolare.org\/fr\/chiara-lubich\/spiritualita-dellunita\/\" target=\"_blank\" rel=\"noopener\">spiritualit\u00e9 de l\u2019unit\u00e9 <\/a>qui est vraiment faite pour notre pays\u00a0!\u00a0\u00bb.  <img loading=\"lazy\" decoding=\"async\" class=\"  alignleft wp-image-128922\" src=\"https:\/\/www.focolare.org\/wp-content\/uploads\/2015\/09\/20150926-02-e1443299535628.jpg\" alt=\"20150926-02\" width=\"328\" height=\"215\" \/>M\u00eame \u00e0 <em>New York,<\/em> le pape a rendu visite \u00e0 quelques \u0153uvres caritatives, parmi lesquelles une \u00e9cole mod\u00e8le de Harlem. Puis, \u00e0 <em>Central Park<\/em>, 80.000 chanceux ont r\u00e9ussi \u00e0 obtenir des billets, apr\u00e8s avoir attendu des heures, uniquement pour pouvoir le voir.  La messe a \u00e9t\u00e9 c\u00e9l\u00e9br\u00e9e au <em><a href=\"http:\/\/w2.vatican.va\/content\/francesco\/fr\/homilies\/2015\/documents\/papa-francesco_20150925_usa-omelia-nyc.html\" target=\"_blank\" rel=\"noopener\">Madisson Square Garden<\/a>,<\/em> l\u00e0 o\u00f9 normalement les places sont occup\u00e9es par les stars du basket ball et les chanteurs. Les personnes ont attendu des heures pour pouvoir entrer dans la salle, mais personne ne s\u2019est plaint. Puis la surprise\u00a0: le pape Fran\u00e7ois est arriv\u00e9 20 minutes en avance\u00a0!  L\u2019autel, la chaise et l\u2019ambon ont \u00e9t\u00e9 r\u00e9alis\u00e9s par de simples artisans. Le cardinal Timothy Dolan a pens\u00e9 que le pape aurait mieux appr\u00e9ci\u00e9 ces objets que des pi\u00e8ces pr\u00e9cieuses faites par un designer. Et l\u00e0 Fran\u00e7ois est devenu le pasteur de cette \u00e9norme ville, qui faisait r\u00e9f\u00e9rence \u00e0 la lecture d\u2019Isa\u00efe 9,1\u00a0: \u00ab\u00a0Le peuple qui marchait dans les t\u00e9n\u00e8bres a vu une grande lumi\u00e8re\u00a0\u00bb. Il parle des difficult\u00e9s des villes multiculturelles o\u00f9 l\u2019on ne voit pas la lumi\u00e8re au milieu de beaucoup de brouillard, \u00ab\u00a0Mais J\u00e9sus qui chemine aujourd\u2019hui sur nos routes\u00a0\u00bb continue et invite tout le monde \u00e0 aller vers les autres, avec un c\u0153ur de \u00ab\u00a0p\u00e8re mis\u00e9ricordieux qui attend ses fils et ses filles retourner \u00e0 la maison\u00a0\u00bb.  L\u2019\u00e9glise est vivante dans la ville, s\u2019est exclam\u00e9 le pape, et ainsi les chr\u00e9tiens doivent \u00eatre des t\u00e9moins de la lumi\u00e8re de la Bonne Nouvelle. Les applaudissements n\u2019en finissaient plus.  Comme dans tous les pays, m\u00eame aux Etats Unis, le pape a touch\u00e9 le c\u0153ur de chacun.<\/p>\n","protected":false},"excerpt":{"rendered":"<p>New-York a vibr\u00e9 plus que jamais, le 25 septembre dernier, ce qui n&rsquo;est pas rien pour une ville tr\u00e8s habitu\u00e9e aux superlatifs et aux c\u00e9l\u00e9brit\u00e9s. Mais le pape Fran\u00e7ois les d\u00e9passe tous. Le r\u00e9cit de Susanne Jansen, directrice de \u00ab Living City Magazine \u00bb.<\/p>\n","protected":false},"author":34,"featured_media":0,"comment_status":"open","ping_status":"open","sticky":false,"template":"","format":"standard","meta":{"give_campaign_id":0,"_seopress_robots_primary_cat":"","_seopress_titles_title":"","_seopress_titles_desc":"","_seopress_robots_index":"","_et_pb_use_builder":"","_et_pb_old_content":"","_et_gb_content_width":"","footnotes":""},"categories":[47],"tags":[],"class_list":["post-330746","post","type-post","status-publish","format-standard","hentry","category-non-classifiee"],"_links":{"self":[{"href":"https:\/\/www.focolare.org\/fr\/wp-json\/wp\/v2\/posts\/330746","targetHints":{"allow":["GET"]}}],"collection":[{"href":"https:\/\/www.focolare.org\/fr\/wp-json\/wp\/v2\/posts"}],"about":[{"href":"https:\/\/www.focolare.org\/fr\/wp-json\/wp\/v2\/types\/post"}],"author":[{"embeddable":true,"href":"https:\/\/www.focolare.org\/fr\/wp-json\/wp\/v2\/users\/34"}],"replies":[{"embeddable":true,"href":"https:\/\/www.focolare.org\/fr\/wp-json\/wp\/v2\/comments?post=330746"}],"version-history":[{"count":0,"href":"https:\/\/www.focolare.org\/fr\/wp-json\/wp\/v2\/posts\/330746\/revisions"}],"wp:attachment":[{"href":"https:\/\/www.focolare.org\/fr\/wp-json\/wp\/v2\/media?parent=330746"}],"wp:term":[{"taxonomy":"category","embeddable":true,"href":"https:\/\/www.focolare.org\/fr\/wp-json\/wp\/v2\/categories?post=330746"},{"taxonomy":"post_tag","embeddable":true,"href":"https:\/\/www.focolare.org\/fr\/wp-json\/wp\/v2\/tags?post=330746"}],"curies":[{"name":"wp","href":"https:\/\/api.w.org\/{rel}","templated":true}]}}