{"id":330768,"date":"2015-10-04T04:00:57","date_gmt":"2015-10-04T02:00:57","guid":{"rendered":"https:\/\/www.focolare.org\/place-st-pierre-la-parole-aux-familles\/"},"modified":"2024-05-16T15:13:23","modified_gmt":"2024-05-16T13:13:23","slug":"place-st-pierre-la-parole-aux-familles","status":"publish","type":"post","link":"https:\/\/www.focolare.org\/fr\/place-st-pierre-la-parole-aux-familles\/","title":{"rendered":"Place St Pierre, la parole aux familles"},"content":{"rendered":"<p><strong><a href=\"https:\/\/www.focolare.org\/wp-content\/uploads\/2015\/10\/Vigil_01q.jpg\"><img loading=\"lazy\" decoding=\"async\" class=\" wp-image-129262 alignleft\" src=\"https:\/\/www.focolare.org\/wp-content\/uploads\/2015\/10\/Vigil_01q.jpg\" alt=\"Vigil_01q\" width=\"380\" height=\"214\" \/><\/a>Le 4 octobre s\u2019ouvre le <\/strong><a href=\"http:\/\/www.vatican.va\/roman_curia\/synod\/index_it.htm\" target=\"_blank\" rel=\"noopener\">Synode<\/a> tr\u00e8s attendu sur la famille qui fait suite au Synode extraordinaire qui s\u2019est tenu l\u2019an dernier et en a pr\u00e9par\u00e9 les bases. Cette fois-ci aussi le pape a voulu qu\u2019il soit pr\u00e9c\u00e9d\u00e9 d\u2019une veill\u00e9e de pri\u00e8re \u201cafin que l\u2019Esprit Saint \u00e9claire les P\u00e8res Synodaux et les guide dans ce travail engageant\u201d. Aussi un public nombreux s&rsquo;est rendu\u00a0 Place St Pierre <strong>le 3 octobre au soir<\/strong>: des couples, des enfants, des fianc\u00e9s, grands parents, oncles, cousins, religieux, personnes seules&#8230; tous d\u00e9sireux de s\u2019associer \u00e9troitement \u00e0 la pri\u00e8re du pape Fran\u00e7ois. Beaucoup sont venus de loin, mais tous en tant que protagonistes, pr\u00e9cis\u00e9ment parce que chacun s\u2019est senti d\u00e8s le d\u00e9but concern\u00e9 par la r\u00e9flexion qui a pr\u00e9c\u00e9d\u00e9 les deux assembl\u00e9es synodales. Il n\u2019\u00e9tait jamais arriv\u00e9, en effet, que pour engager un Synode le pape veuille une double consultation du peuple, comme pour signifier qu&rsquo;il fallait repousser les murs de cette assembl\u00e9e\u00a0 en vue d\u2019\u00e9couter les premiers concern\u00e9s par l\u2019exp\u00e9rience de la vie de famille et tous ceux qui, sans faire parler d&rsquo;eux, veillent \u00e0 ce que la famille ait tout le soutien qui lui est d\u00fb en tant qu\u2019elle est un bien de la Cr\u00e9ation.  <a href=\"https:\/\/www.focolare.org\/wp-content\/uploads\/2015\/10\/Vigil_01.jpg\"><img loading=\"lazy\" decoding=\"async\" class=\" wp-image-129253 alignright\" src=\"https:\/\/www.focolare.org\/wp-content\/uploads\/2015\/10\/Vigil_01.jpg\" alt=\"Vigil_01\" width=\"380\" height=\"214\" \/><\/a>Chacun des participants tient un cierge allum\u00e9: autant de petites lumi\u00e8res qui toutes ensemble \u00e9clairent symboliquement l\u2019horizon de toutes les familles: celles qui avec un \u00e9lan renouvel\u00e9 chaque jour avancent \u00e9clair\u00e9es par leur premier amour, tout comme celles qui sont plong\u00e9es dans l\u2019obscurit\u00e9 parce qu\u2019elles ne croient plus en l\u2019amour. De nombreuses lumi\u00e8res pour dire \u00e0 tous qu\u2019avec le Christ un amour \u201cpour toujours\u201d est possible, que la gr\u00e2ce du sacrement de mariage gu\u00e9rit toute incapacit\u00e9 d\u2019aimer et donne aux \u00e9poux un tr\u00e9sor splendide: la pr\u00e9sence de J\u00e9sus dans leur maison.  Des chants font suite \u00e0 la pri\u00e8re &#8211; pr\u00e9sent\u00e9s par divers groupes, dont celui des Focolari \u2013 et des t\u00e9moignages de familles: une autre fa\u00e7on de prier, mais tout aussi sainte et significative. Elle met, elle aussi, en valeur la beaut\u00e9 de la famille, celle qui jaillit souvent d\u2019une vie quotidienne exigeante, faite de gratuit\u00e9, de tendresse, de pardon, la seule qui sache procurer la vraie joie. Des t\u00e9moignages qui \u00e0 travers le partage de divers parcours soulignent le don que repr\u00e9sente la famille pour le monde: un chemin privil\u00e9gi\u00e9 pour une nouvelle annonce de l\u2019Evangile.  <a href=\"https:\/\/www.focolare.org\/wp-content\/uploads\/2015\/10\/Pope_Vigil_02.jpg\"><img loading=\"lazy\" decoding=\"async\" class=\" wp-image-129261 alignleft\" src=\"https:\/\/www.focolare.org\/wp-content\/uploads\/2015\/10\/Pope_Vigil_02.jpg\" alt=\"Pope_Vigil_02\" width=\"380\" height=\"195\" \/><\/a>\u201cPrions afin que le Synode \u2013 <strong>invoque le Pape<\/strong> \u2013 mette en valeur et propose tout ce qu\u2019il y a de bon, de beau et de saint dans la famille. Qu\u2019il se penche sur les facteurs de fragilisation qui la mettent \u00e0 l\u2019\u00e9preuve: la pauvret\u00e9, les guerres, les maladies,les deuils, les relations bless\u00e9es et d\u00e9faites d&rsquo;o\u00f9 surgissent malaises, ressentiments et ruptures. Prions, a continu\u00e9 le pape, \u201cpour un synode qui plut\u00f4t que de parler de la famille sache se mettre \u00e0 son \u00e9cole dans la disponibilit\u00e9 \u00e0 en reconna\u00eetre\u00a0 toujours davantage la dignit\u00e9, la consistance et la valeur malgr\u00e9 les nombreuses difficult\u00e9s et contradictions qui peuvent la marquer\u201d. Fran\u00e7ois a aussi souhait\u00e9 que vienne en lumi\u00e8re le visage \u201cd\u2019une Eglise qui est m\u00e8re, capable d\u2019engendrer la vie et attentive \u00e0 la donner continuellement, \u00e0 accompagner avec d\u00e9vouement, tendresse et force morale parce que si nous ne savons pas concilier la compassion avec la justice, nous finissons par \u00eatre inutilement s\u00e9v\u00e8res et profond\u00e9ment injustes\u201d.  Quelques fondateurs ou pr\u00e9sidents de mouvements sont aussi pr\u00e9sents pour porter un regard \u00e9clair\u00e9 sur la famille, chacun selon leur propre charisme:<strong> Kiko Arg\u00fcello <\/strong>du Chemin N\u00e9ocat\u00e9chum\u00e9nal,<strong> Salvatore Martinez<\/strong> du Renouveau de L\u2019Esprit, <strong>Maria Voce<\/strong> des <a href=\"https:\/\/www.focolare.org\/fr\/movimento-dei-focolari\/\" target=\"_blank\" rel=\"noopener\">Focolari<\/a>, <strong>Juli\u00e1n Carr\u00f3n<\/strong> de Communion et Lib\u00e9ration, <strong>Matteo Truffelli<\/strong> de l\u2019Action Catholique Italienne.  <a href=\"https:\/\/www.focolare.org\/wp-content\/uploads\/2015\/10\/MariaVoce_vigilia_a.jpg\"><img loading=\"lazy\" decoding=\"async\" class=\"alignright wp-image-129322\" src=\"https:\/\/www.focolare.org\/wp-content\/uploads\/2015\/10\/MariaVoce_vigilia_a.jpg\" alt=\"MariaVoce_vigilia_a\" width=\"303\" height=\"539\" \/><\/a><strong>Maria Voce,<\/strong> en retra\u00e7ant le profil de familles d\u00e9cid\u00e9es \u00e0 cheminer avec le Ressuscit\u00e9, a affirm\u00e9 qu\u2019elles aussi, comme les disciples d\u2019Emmaus, \u201c sentent br\u00fbler dans leur coeur la joie qui caract\u00e9rise la pr\u00e9sence de J\u00e9sus et exp\u00e9rimentent ses dons: l\u2019unit\u00e9 avec Dieu et entre elles, la lumi\u00e8re, le courage, l\u2019\u00e9lan missionnaire\u201d. \u201c Bien plus, ajoute la Pr\u00e9sidente des Focolari, ce sera J\u00e9sus pr\u00e9sent aux milieu d\u2019elles qui parlera au coeur de tous ceux qu\u2019elles rencontreront et rallumera en eux l\u2019esp\u00e9rance\u201d.  \u201cLe Pape \u2013<strong> a poursuivi Maria Voce<\/strong> \u2013 encourage les familles \u00e0 prendre l\u2019initiative d\u2019offrir \u00e0 la communaut\u00e9 les dons qui les caract\u00e9risent . Nous voulons nous aussi accuellir ce d\u00e9fi et le r\u00e9aliser en collaborant avec nos paroisses et les autres mouvements et associations, en particulier pour ce qui est de l\u2019accueil des r\u00e9fugi\u00e9s qui frappent \u00e0 la porte de notre coeur. Aux familles chr\u00e9tiennes est confi\u00e9 le mandat de la convivialit\u00e9 humaine r\u00e9g\u00e9n\u00e9r\u00e9e par la mis\u00e9ricorde. Elles peuvent montrer \u00e0 l\u2019humanit\u00e9 la tendresse et la force de l\u2019amour de Dieu et ainsi, comme dit le pape, \u00e9crire chaque jour une page d\u2019histoire sainte, non seulement celle qu\u2019on trouve dans les livres, mais celle qui demeure pour toujours dans le coeur du P\u00e8re\u201d.<\/p>\n","protected":false},"excerpt":{"rendered":"<p>Plus de 100 000 personnes venues de toute l\u2019Italie se sont unies \u00e0 la pri\u00e8re du Pape Fran\u00e7ois pour le Synode. Le t\u00e9moignage des familles et les r\u00e9flexions d\u2019experts de cinq mouvements eccl\u00e9siaux ont fait \u00e9cho aux propos du Saint P\u00e8re.<\/p>\n","protected":false},"author":34,"featured_media":0,"comment_status":"open","ping_status":"open","sticky":false,"template":"","format":"standard","meta":{"give_campaign_id":0,"_seopress_robots_primary_cat":"","_seopress_titles_title":"","_seopress_titles_desc":"","_seopress_robots_index":"","_et_pb_use_builder":"","_et_pb_old_content":"","_et_gb_content_width":"","footnotes":""},"categories":[47],"tags":[],"class_list":["post-330768","post","type-post","status-publish","format-standard","hentry","category-non-classifiee"],"_links":{"self":[{"href":"https:\/\/www.focolare.org\/fr\/wp-json\/wp\/v2\/posts\/330768","targetHints":{"allow":["GET"]}}],"collection":[{"href":"https:\/\/www.focolare.org\/fr\/wp-json\/wp\/v2\/posts"}],"about":[{"href":"https:\/\/www.focolare.org\/fr\/wp-json\/wp\/v2\/types\/post"}],"author":[{"embeddable":true,"href":"https:\/\/www.focolare.org\/fr\/wp-json\/wp\/v2\/users\/34"}],"replies":[{"embeddable":true,"href":"https:\/\/www.focolare.org\/fr\/wp-json\/wp\/v2\/comments?post=330768"}],"version-history":[{"count":0,"href":"https:\/\/www.focolare.org\/fr\/wp-json\/wp\/v2\/posts\/330768\/revisions"}],"wp:attachment":[{"href":"https:\/\/www.focolare.org\/fr\/wp-json\/wp\/v2\/media?parent=330768"}],"wp:term":[{"taxonomy":"category","embeddable":true,"href":"https:\/\/www.focolare.org\/fr\/wp-json\/wp\/v2\/categories?post=330768"},{"taxonomy":"post_tag","embeddable":true,"href":"https:\/\/www.focolare.org\/fr\/wp-json\/wp\/v2\/tags?post=330768"}],"curies":[{"name":"wp","href":"https:\/\/api.w.org\/{rel}","templated":true}]}}