{"id":330776,"date":"2015-10-07T08:32:09","date_gmt":"2015-10-07T06:32:09","guid":{"rendered":"https:\/\/www.focolare.org\/la-contribution-de-leconomie-de-communion-aux-semaines-sociales-de-france-ssf\/"},"modified":"2024-05-16T15:13:25","modified_gmt":"2024-05-16T13:13:25","slug":"la-contribution-de-leconomie-de-communion-aux-semaines-sociales-de-france-ssf","status":"publish","type":"post","link":"https:\/\/www.focolare.org\/fr\/la-contribution-de-leconomie-de-communion-aux-semaines-sociales-de-france-ssf\/","title":{"rendered":"La contribution de l\u2019\u00c9conomie de Communion aux Semaines Sociales de France (SSF)"},"content":{"rendered":"<p><div id=\"attachment_129471\" style=\"width: 390px\" class=\"wp-caption alignright\"><a href=\"https:\/\/www.focolare.org\/wp-content\/uploads\/2015\/10\/IMG_3256.jpg\"><img loading=\"lazy\" decoding=\"async\" aria-describedby=\"caption-attachment-129471\" class=\"wp-image-129471\" src=\"https:\/\/www.focolare.org\/wp-content\/uploads\/2015\/10\/IMG_3256.jpg\" alt=\"IMG_3256\" width=\"380\" height=\"253\" \/><\/a><p id=\"caption-attachment-129471\" class=\"wp-caption-text\">\u00a9 Focolari-Alain Boudre<\/p><\/div>  La grande tradition des Semaines Sociales de France a commenc\u00e9 en 1904. Depuis toujours leur but est de faire conna\u00eetre la pens\u00e9e sociale chr\u00e9tienne et son \u00e9clairage sur les questions de soci\u00e9t\u00e9, en appliquant aux probl\u00e8mes du moment la doctrine sociale de l\u2019\u00c9glise. Le titre de cette \u00e9dition, \u00e0 laquelle pr\u00e8s de 2000 personnes ont particip\u00e9, \u00e9tait : \u00ab\u00a0<em><strong>Religions et cultures, ressources pour imaginer le monde<\/strong><\/em>\u00ab\u00a0. Les th\u00e8mes centraux, vu les grandes questions d\u2019actualit\u00e9, \u00e9taient les <strong>migrants<\/strong> et l\u2019<strong>environnement<\/strong>, que la r\u00e9cente encyclique du pape Fran\u00e7ois,<em> Laudato Si,<\/em> a r\u00e9solument plac\u00e9 au centre de l\u2019attention du monde aujourd\u2019hui.  La premi\u00e8re journ\u00e9e tout enti\u00e8re a \u00e9t\u00e9 centr\u00e9e sur la situation actuelle concernant ces deux th\u00e8mes. La seconde journ\u00e9e a \u00e9t\u00e9 enti\u00e8rement consacr\u00e9e \u00e0 la contribution des religions en r\u00e9ponse \u00e0 ces urgences. La derni\u00e8re journ\u00e9e a \u00e9t\u00e9 centr\u00e9e sur l\u2019Encyclique Laudato Si, qui a \u00e9t\u00e9 comment\u00e9e de divers points de vue.  <div id=\"attachment_129470\" style=\"width: 390px\" class=\"wp-caption alignleft\"><a href=\"https:\/\/www.focolare.org\/wp-content\/uploads\/2015\/10\/IMG_3237.jpg\"><img loading=\"lazy\" decoding=\"async\" aria-describedby=\"caption-attachment-129470\" class=\"wp-image-129470\" src=\"https:\/\/www.focolare.org\/wp-content\/uploads\/2015\/10\/IMG_3237.jpg\" alt=\"IMG_3237\" width=\"380\" height=\"253\" \/><\/a><p id=\"caption-attachment-129470\" class=\"wp-caption-text\">\u00a9 Focolari-Alain Boudre<\/p><\/div>  <strong class=\"color\">Luigino Bruni<\/strong> est intervenu le second jour, samedi 3 octobre, dans le cadre de la table ronde intitul\u00e9e\u00a0: \u201c<strong><em>Avec les religions, renouveler la vision de la mondialisation<\/em><\/strong>\u201d.\u00a0L\u2019id\u00e9e \u00e9tait de r\u00e9fl\u00e9chir ensemble \u00e0 une vision d\u2019un monde \u00ab\u00a0fini\u00a0\u00bb et \u00ab\u00a0commun\u00a0\u00bb dans un monde fait de multiples cultures et de niveaux in\u00e9gaux de d\u00e9veloppement. Trois religions, chr\u00e9tienne, musulmane et bouddhiste, sont entr\u00e9es en dialogue \u00e0 partir de leurs textes respectifs sur la cr\u00e9ation.  <div id=\"attachment_129472\" style=\"width: 390px\" class=\"wp-caption alignleft\"><a href=\"https:\/\/www.focolare.org\/wp-content\/uploads\/2015\/10\/IMG_3274.jpg\"><img loading=\"lazy\" decoding=\"async\" aria-describedby=\"caption-attachment-129472\" class=\"  wp-image-129472\" src=\"https:\/\/www.focolare.org\/wp-content\/uploads\/2015\/10\/IMG_3274.jpg\" alt=\"IMG_3274\" width=\"380\" height=\"253\" \/><\/a><p id=\"caption-attachment-129472\" class=\"wp-caption-text\">\u00a9 Focolari-Alain Boudre<\/p><\/div>  Les trois intervenants en dialogue ont \u00e9t\u00e9 <strong class=\"color\">Luigino Bruni<\/strong>, <strong class=\"color\">Cheikh Khaled Bentounes<\/strong>, musulman, guide spirituel de la confraternit\u00e9 soufi Al\u00e2wiyya (fondateur des scouts musulmans et promoteur avec d\u2019autres du festival interreligieux \u201c<a href=\"http:\/\/www.vivreensembleacannes.org\/\" target=\"_blank\" rel=\"noopener\">Vivre Ensemble \u00e0 Cannes<\/a>\u201d ) et <strong class=\"color\">Philippe Cornu<\/strong>, bouddhiste, pr\u00e9sident de l\u2019<a href=\"http:\/\/www.bouddhisme-universite.org\/\" target=\"_blank\" rel=\"noopener\">Institut d&rsquo;\u00c9tudes Bouddhiques<\/a>.<strong class=\"color\"> Anouk Grevin<\/strong>, qui traduisait Luigino Bruni en direct, nous parle de cette heure vraiment particuli\u00e8re : \u00ab\u00a0<em>Chacun dans son intervention a cit\u00e9 un texte de sa propre tradition religieuse sur la cr\u00e9ation, l\u2019a comment\u00e9, et en a tir\u00e9 des id\u00e9es vraiment tr\u00e8s profondes, face \u00e0 un public tr\u00e8s attentif, en grande \u00e9coute. \u00c0 la fin Luigino a pos\u00e9 \u00e0 l\u2019improviste quelques questions \u00e0 ses interlocuteurs, et cela a fait na\u00eetre un dialogue tr\u00e8s profond et fraternel, un beau t\u00e9moignage de dialogue\u00a0interreligieux, d\u2019o\u00f9 ressortait l\u2019estime r\u00e9ciproque et o\u00f9 venaient en lumi\u00e8re de nombreux points communs de leurs visions respectives. Le dialogue s\u2019est conclu par l\u2019accolade fraternelle des trois intervenants, sous les applaudissements de toute la salle\u00a0\u00bb. <\/em>  L\u2019intervention de Luigino Bruni \u00ab\u00a0<em><strong>Une r\u00e9flexion anthropologique et \u00e9conomique \u00e0 partir des premiers chapitres de la Gen\u00e8se<\/strong><\/em>\u00a0\u00bb a touch\u00e9 les th\u00e8mes de la cr\u00e9ation, de la terre, de la fraternit\u00e9\u00a0; d\u2019Adam et Ca\u00efn\u00a0; de No\u00e9 et de la Tour de Babel, en les transf\u00e9rant \u00e0 aujourd\u2019hui. Luigino a conclu ainsi son intervention\u00a0: \u00ab\u00a0<em>Hors de l\u2019\u00c9den, dans le jardin de l\u2019histoire, nous ne trouverons pas la nouvelle langue d\u2019Adam en revenant en arri\u00e8re ni en arr\u00eatant le cours de l\u2019histoire, enferm\u00e9s dans des tours avec ceux qui nous ressemblent. Nous ne pourrons la retrouver qu\u2019en marchant \u00e0 la suite d\u2019une voix, d\u2019un arc-en-ciel, d\u2019une \u00e9toile, d\u2019un aram\u00e9en nomade. De nos jours en Europe, en ces temps de d\u00e9luges financiers et sociaux, la tentation de Babel revient avec force. Cependant, les No\u00e9 aussi se multiplient\u00a0; ce sont eux qui combattent les barques de la mort et leurs trafiquants, en donnant vie \u00e0 des arches de salut, \u00e0 tous les niveaux. Nous devons continuer \u00e0 abattre les hautes tours et \u00e0 construire des arches, pour sauver les hommes et nous sauver nous-m\u00eames des d\u00e9luges, anciens et nouveaux. Mais, surtout, nous devons sauver les enfants, nos enfants, les filles et les fils de tous les hommes. La terre promise est pour eux.<\/em>\u00a0\u00bb  Voir\u00a0<a href=\"http:\/\/edc-online.org\/fr\/publications\/interventions-lors-de-congres\/11155-une-reflexion-anthropologique-et-economique-a-partir-des-premiers-chapitres-de-la-genese.html\" target=\"_blank\" rel=\"noopener\">intervention de Luigino Bruni<\/a>  Source: <a href=\"http:\/\/edc-online.org\/fr\/accueil\/evenements\/11157-ssf-les-ressources-du-dialogue-fraternel-pour-les-grands-defis-d-aujourd-hui.html\" target=\"_blank\" rel=\"noopener\">EdC online<\/a><\/p>\n","protected":false},"excerpt":{"rendered":"<p>Conclusion \u00e0 Paris de la 90\u00e8me session des Semaines Sociales de France (SSF) qui s\u2019est d\u00e9roul\u00e9e \u00e0 l\u2019UNESCO du 2 au 4 octobre. Les ressources du dialogue fraternel pour les grands d\u00e9fis d\u2019aujourd\u2019hui.<\/p>\n","protected":false},"author":34,"featured_media":0,"comment_status":"open","ping_status":"open","sticky":false,"template":"","format":"standard","meta":{"give_campaign_id":0,"_seopress_robots_primary_cat":"","_seopress_titles_title":"","_seopress_titles_desc":"","_seopress_robots_index":"","_et_pb_use_builder":"","_et_pb_old_content":"","_et_gb_content_width":"","footnotes":""},"categories":[906],"tags":[],"class_list":["post-330776","post","type-post","status-publish","format-standard","hentry","category-focolare-worldwide-2-3"],"_links":{"self":[{"href":"https:\/\/www.focolare.org\/fr\/wp-json\/wp\/v2\/posts\/330776","targetHints":{"allow":["GET"]}}],"collection":[{"href":"https:\/\/www.focolare.org\/fr\/wp-json\/wp\/v2\/posts"}],"about":[{"href":"https:\/\/www.focolare.org\/fr\/wp-json\/wp\/v2\/types\/post"}],"author":[{"embeddable":true,"href":"https:\/\/www.focolare.org\/fr\/wp-json\/wp\/v2\/users\/34"}],"replies":[{"embeddable":true,"href":"https:\/\/www.focolare.org\/fr\/wp-json\/wp\/v2\/comments?post=330776"}],"version-history":[{"count":0,"href":"https:\/\/www.focolare.org\/fr\/wp-json\/wp\/v2\/posts\/330776\/revisions"}],"wp:attachment":[{"href":"https:\/\/www.focolare.org\/fr\/wp-json\/wp\/v2\/media?parent=330776"}],"wp:term":[{"taxonomy":"category","embeddable":true,"href":"https:\/\/www.focolare.org\/fr\/wp-json\/wp\/v2\/categories?post=330776"},{"taxonomy":"post_tag","embeddable":true,"href":"https:\/\/www.focolare.org\/fr\/wp-json\/wp\/v2\/tags?post=330776"}],"curies":[{"name":"wp","href":"https:\/\/api.w.org\/{rel}","templated":true}]}}