{"id":330906,"date":"2015-11-19T05:00:35","date_gmt":"2015-11-19T04:00:35","guid":{"rendered":"https:\/\/www.focolare.org\/diwali-la-grande-fete-des-lumieres\/"},"modified":"2024-05-16T15:14:03","modified_gmt":"2024-05-16T13:14:03","slug":"diwali-la-grande-fete-des-lumieres","status":"publish","type":"post","link":"https:\/\/www.focolare.org\/fr\/diwali-la-grande-fete-des-lumieres\/","title":{"rendered":"Diwali, la grande f\u00eate des lumi\u00e8res"},"content":{"rendered":"<p><strong><img loading=\"lazy\" decoding=\"async\" class=\"alignleft wp-image-131364\" src=\"https:\/\/www.focolare.org\/wp-content\/uploads\/2015\/11\/20151119-03.jpg\" alt=\"20151119-03\" width=\"328\" height=\"214\" \/>Au cours du mois d\u2019ashwayuja (qui ordinairement se situe entre octobre et novembre) l\u2019Inde s\u2019illumine et se met en f\u00eate.<\/strong> C\u2019est Diwali, une tradition qui remonte \u00e0 l\u2019antique l\u00e9gende du roi Rama qui apr\u00e8s 14 ans d\u2019exil dans la for\u00eat, revient dans la ville d\u2019Ayodhya, accueilli par une procession (avali) de lumi\u00e8res (dipa) en son honneur. D\u2019o\u00f9 le nom : Dipawali ou plus simplement Diwali.Cette ann\u00e9e du 10 au 15 novembre.  <strong>Les festivit\u00e9s commencent avec le nettoyage de tous les espace de la maison<\/strong> o\u00f9, en divers points \u2013 entr\u00e9e, balcons, pi\u00e8ces \u2013 sont install\u00e9s beaucoup de lampions qui dans l\u2019obscurit\u00e9 de la nuit transforment la ville en un d\u00e9cor fantasmagorique et fabuleux. Le lampion est symbole du savoir et de la connaissance int\u00e9rieurs. Mais les significations, comme dans un kal\u00e9idoscope, s\u2019entrecroisent et s\u2019amplifient : le savoir combat l\u2019ignorance ; l\u2019int\u00e9riorit\u00e9 conduit \u00e0 la paix. Le bien l\u2019emporte sur le mal; la lumi\u00e8re triomphe des t\u00e9n\u00e8bres et lib\u00e8re la force de la vie. Diwali c\u2019est tout cela, et davantage encore.  <strong>C\u2019est une f\u00eate qu\u2019on attend toute l\u2019ann\u00e9e.<\/strong> Le troisi\u00e8me jour \u2013 celui de Diwali proprement dit \u2013 les gens mettent des v\u00eatements neufs, des couronnes de fleurs et des colliers scintillants, \u00e9changent des cadeaux avec leurs parents et amis, sp\u00e9cialement des g\u00e2teaux et des friandises faites maison. Tout le monde participe \u00e0 la c\u00e9l\u00e9bration religieuse en l\u2019honneur de Laskshmi, la d\u00e9esse de la prosp\u00e9rit\u00e9. Dans une atmosph\u00e8re de paix on lui offre des semences, des feuilles, des pi\u00e8ces de monnaie et des ic\u00f4nes religieuses, en r\u00e9citant des mantra v\u00e9diques pour obtenir sa b\u00e9n\u00e9diction. Sans oublier les jeux de soci\u00e9t\u00e9 (cartes, sp\u00e9cialement le rami), les mimes, les danses, les chasses au tr\u00e9sor, les feux d\u2019artifice.  <strong><img loading=\"lazy\" decoding=\"async\" class=\"alignright wp-image-131367\" src=\"https:\/\/www.focolare.org\/wp-content\/uploads\/2015\/11\/20151119-04.jpg\" alt=\"20151119-04\" width=\"328\" height=\"184\" \/>Diwali n\u2019est pas seulement une c\u00e9l\u00e9bration hindoue. C\u2019est aussi un \u00e9v\u00e9nement culturel et social qui <\/strong><strong>concerne tout le Pays,<\/strong> qui \u00e9pouse les diversit\u00e9s selon les contextes religieux. Musulmans, bouddhistes, chr\u00e9tiens c\u00e9l\u00e8brent cette f\u00eate. Au cours de ces cinq jours, dans <a href=\"https:\/\/www.focolare.org\/fr\/focolare-worldwide\/asia\/india\/\" target=\"_blank\" rel=\"noopener\">les centres Focolari <\/a>qui sont \u00e0 Bombay, New-Delhi, Bengalore, Goa et les 13 centres \u00e9ducatifs qui leurs sont rattach\u00e9s, s\u2019illuminent pour la f\u00eate. Ceux-ci sont fr\u00e9quent\u00e9s par un total de 1500 enfants et adolescents, en majeure partie hindous, qui gr\u00e2ce au parrainage \u00e0 distance peuvent \u00eatre scolaris\u00e9s, avoir un repas chaud chaque jour et b\u00e9n\u00e9ficier de soins m\u00e9dicaux et de la pr\u00e9vention sanitaire. (<a href=\"http:\/\/www.afnonlus.org\/\" target=\"_blank\" rel=\"noopener\">www.afnonlus.org<\/a>).  <strong>Les rituels Diwali laissent entrevoir la grande sensibilit\u00e9 du peuple de l&rsquo;Inde.<\/strong> Ils<strong>\u00a0<\/strong> mettent en valeur la famille, l\u2019amiti\u00e9, l\u2019\u00e9quilibre de vie, mais aussi le respect de l\u2019environnement. Il est significatif que pour Diwali on ne fait pas cadeau d\u2019objets achet\u00e9s et anonymes, mais confectionn\u00e9s de ses propres mains. De m\u00eame qu\u2019\u00e0 l\u2019occasion des pri\u00e8res on offre des produits de la terre, une fa\u00e7on d\u2019exprimer la reconnaissance envers la Nature et ses dons. Une tradition qui rejoint l\u2019encyclique du pape Fran\u00e7ois<a href=\"http:\/\/w2.vatican.va\/content\/francesco\/fr\/encyclicals\/documents\/papa-francesco_20150524_enciclica-laudato-si.html\" target=\"_blank\" rel=\"noopener\"> Laudato si\u2019<\/a>. C\u2019est sur ce document, qui souligne le lien indissociable d\u2019une vie harmonieuse avec la nature et les \u00eatres humains, que s\u2019appuient les souhaits envoy\u00e9s au milliard de fid\u00e8les des religions du Sanatana Dhama (que les occidentaux appellent hindouisme) par le Conseil Pontifical pour le dialogue interreligieux, au nom du pape Fran\u00e7ois. A commencer par son titre : <strong>Chr\u00e9tiens et Hindous, ensemble pour promouvoir l\u2019\u00e9cologie humaine.<\/strong> <strong>Le <\/strong><a href=\"http:\/\/www.vatican.va\/roman_curia\/pontifical_councils\/interelg\/documents\/rc_pc_interelg_doc_20151106_deepavali-2015_it.html\" target=\"_blank\" rel=\"noopener\">message <\/a><strong>envoy\u00e9 \u00e0 l\u2019occasion du Diwali<\/strong> transmet aussi le souhait qu\u2019ensemble nous puissions r\u00e9ussir \u00e0 \u0153uvrer avec d\u00e9termination \u00ab pour prot\u00e9ger l\u2019environnement, d\u00e9fendre les pauvres, mettre en place un r\u00e9seau pour le respect et la fraternit\u00e9 \u00bb \u00ab Nous pouvons &#8211; poursuit le message &#8211; Hindous et chr\u00e9tiens, avec toutes les personnes des autres traditions religieuses et de bonne volont\u00e9, d\u00e9velopper une culture qui promeut l\u2019\u00e9cologie humaine \u00bb. C\u2019est ainsi que na\u00eetra l\u2019harmonie en nous et dans nos relations avec les autres, avec la nature et avec Dieu. Comme l\u2019annonce le message cela \u00ab favorisera la croissance de l\u2019arbre de la paix \u00bb. Un arbre, celui de la paix; qui, dans notre monde, attend d&rsquo;\u00eatre toujours plus fortifi\u00e9 gr\u00e2ce \u00e0 des gestes concrets de tol\u00e9rance, d&rsquo;accueil, de dialogue dans tous les domaines.<\/p>\n","protected":false},"excerpt":{"rendered":"<p>Dans notre monde confront\u00e9 \u00e0 des questions sociales urgentes et des d\u00e9fis plan\u00e9taires, le peuple indien c\u00e9l\u00e8bre le Diwali, la f\u00eate la plus importante et la plus populaire de l\u2019ann\u00e9e. Une tradition hindoue f\u00eat\u00e9e aussi dans les familles d&rsquo;autres convictions religieuses.<\/p>\n","protected":false},"author":34,"featured_media":0,"comment_status":"open","ping_status":"open","sticky":false,"template":"","format":"standard","meta":{"give_campaign_id":0,"_seopress_robots_primary_cat":"","_seopress_titles_title":"","_seopress_titles_desc":"","_seopress_robots_index":"","_et_pb_use_builder":"","_et_pb_old_content":"","_et_gb_content_width":"","footnotes":""},"categories":[906],"tags":[],"class_list":["post-330906","post","type-post","status-publish","format-standard","hentry","category-focolare-worldwide-2-3"],"_links":{"self":[{"href":"https:\/\/www.focolare.org\/fr\/wp-json\/wp\/v2\/posts\/330906","targetHints":{"allow":["GET"]}}],"collection":[{"href":"https:\/\/www.focolare.org\/fr\/wp-json\/wp\/v2\/posts"}],"about":[{"href":"https:\/\/www.focolare.org\/fr\/wp-json\/wp\/v2\/types\/post"}],"author":[{"embeddable":true,"href":"https:\/\/www.focolare.org\/fr\/wp-json\/wp\/v2\/users\/34"}],"replies":[{"embeddable":true,"href":"https:\/\/www.focolare.org\/fr\/wp-json\/wp\/v2\/comments?post=330906"}],"version-history":[{"count":0,"href":"https:\/\/www.focolare.org\/fr\/wp-json\/wp\/v2\/posts\/330906\/revisions"}],"wp:attachment":[{"href":"https:\/\/www.focolare.org\/fr\/wp-json\/wp\/v2\/media?parent=330906"}],"wp:term":[{"taxonomy":"category","embeddable":true,"href":"https:\/\/www.focolare.org\/fr\/wp-json\/wp\/v2\/categories?post=330906"},{"taxonomy":"post_tag","embeddable":true,"href":"https:\/\/www.focolare.org\/fr\/wp-json\/wp\/v2\/tags?post=330906"}],"curies":[{"name":"wp","href":"https:\/\/api.w.org\/{rel}","templated":true}]}}