{"id":330938,"date":"2015-11-28T05:00:41","date_gmt":"2015-11-28T04:00:41","guid":{"rendered":"https:\/\/www.focolare.org\/le-kenya-premiere-etape-du-voyage-du-pape-francois-en-afrique\/"},"modified":"2024-05-16T15:14:10","modified_gmt":"2024-05-16T13:14:10","slug":"le-kenya-premiere-etape-du-voyage-du-pape-francois-en-afrique","status":"publish","type":"post","link":"https:\/\/www.focolare.org\/fr\/le-kenya-premiere-etape-du-voyage-du-pape-francois-en-afrique\/","title":{"rendered":"Le Kenya, premi\u00e8re \u00e9tape du voyage du pape Fran\u00e7ois en Afrique"},"content":{"rendered":"<p><strong><img loading=\"lazy\" decoding=\"async\" class=\"alignleft wp-image-131814\" src=\"https:\/\/www.focolare.org\/wp-content\/uploads\/2015\/11\/20151129-06.jpg\" alt=\"20151129-06\" width=\"380\" height=\"266\" \/><\/strong>  <strong>\u201cKaribu Kenya Papa\u201d (Bienvenu au Kenya, pape Fran\u00e7ois)<\/strong>. Accueilli par des chants et des danses festives, le Pape arrive \u00e0 <a href=\"https:\/\/www.focolare.org\/fr\/focolare-worldwide\/africa\/kenya\/\">Nairobi <\/a>dans l\u2019apr\u00e8s-midi du 25 novembre. C\u2019est la premi\u00e8re \u00e9tape de son voyage en terre africaine. De l\u2019a\u00e9roport \u00e0 la ville, de chaque c\u00f4t\u00e9 de la route, la foule accompagne la voiture papale : une simple auto grise. <strong>D\u00e8s ses premi\u00e8res salutations le Pape exprime son amour pour cette \u201cNation jeune et vigoureuse, une communaut\u00e9 aux riches diversit\u00e9s\u201d.<\/strong> \u00ab Le Kenya est une terre b\u00e9nie non seulement en raison de l\u2019exceptionnelle beaut\u00e9 de ses montagnes, de ses lacs et de ses fleuves, de ses for\u00eats, de sa savane et de ses r\u00e9gions semi-d\u00e9sertiques, mais en raison aussi de l\u2019abondance des ses ressources naturelles \u00bb. Et il poursuit : \u00ab Dans un monde qui continue \u00e0 exploiter plut\u00f4t qu\u2019\u00e0 prot\u00e9ger la maison commune \u00bb je souhaite que vos valeurs inspirent \u00ab les efforts des gouvernants en vue de promouvoir des mod\u00e8les de d\u00e9veloppement \u00e9conomique responsables \u00bb. <strong>L\u2019agenda du pape est tr\u00e8s serr\u00e9:<\/strong> rencontre avec le clerg\u00e9 \u00e0 qui il offre trois mots: pleurer, prier, servir; avec les repr\u00e9sentants de l\u2019ONU de Nairobi auxquels il demande un \u00ab changement de cap\u201d, pour que l\u2019\u00e9conomie et la politique se mettent au service de la personne, de mani\u00e8re \u00e0 \u00e9radiquer la malaria et la\u00a0\u00a0\u00a0 tuberculose, \u00e0 lutter contre la d\u00e9forestation, \u00e0 promouvoir un commerce \u00e9quitable et un d\u00e9veloppement qui tienne compte des pauvres.  <strong><img loading=\"lazy\" decoding=\"async\" class=\"alignright wp-image-131812\" src=\"https:\/\/www.focolare.org\/wp-content\/uploads\/2015\/11\/20151129-04.jpg\" alt=\"20151129-04\" width=\"280\" height=\"371\" \/>Significative sa rencontre <\/strong>avec les leaders des diverses Eglises, des Communaut\u00e9s musulmanes et animistes o\u00f9 il affirme que le <a href=\"https:\/\/www.focolare.org\/fr\/in-dialogo\/chiese-cristiane\/\">dialogue \u0153cum\u00e9nique<\/a> et <a href=\"https:\/\/www.focolare.org\/fr\/in-dialogo\/grandi-religioni\/\">interreligieux <\/a>ne sont ni un luxe ni une option\u2026 pour ensuite prononcer avec force cette phrase qui a trouv\u00e9 un \u00e9cho dans le monde entier : \u00ab Que le Saint Nom de Dieu ne soit jamais utilis\u00e9 pour justifier la haine et la violence \u00bb. <strong>Le 27, lors de sa derni\u00e8re journ\u00e9e \u00e0 Nairobi, il se rend \u00e0 Kangemi, un bidonville tr\u00e8s pauvre o\u00f9 se trouve un concentr\u00e9 de d\u00e9gradation humaine et environnementale<\/strong>, ce qui l\u2019a pouss\u00e9 \u00e0 intervenir aupr\u00e8s de l\u2019ONU en sa faveur. 100 000 personnes l\u2019attendent, l\u00e0 aussi en train de chanter et de danser. Et Fran\u00e7ois ne les d\u00e9\u00e7oit pas : \u00ab Je me sens chez moi \u00bb leur dit-il. \u00ab Je partage ce moment avec vous, fr\u00e8res et s\u0153urs, qui avez une place particuli\u00e8re dans ma vie et dans mes choix. Vos douleurs ne me sont pas indiff\u00e9rentes. Je connais les souffrances que vous rencontrez. Comment pouvons-nous ne pas d\u00e9noncer les injustices que vous subissez ? \u00bb <strong>Avant de partir pour l\u2019<\/strong><a href=\"https:\/\/www.focolare.org\/fr\/focolare-worldwide\/africa\/uganda\/\">Ouganda<\/a><strong>, il rencontre les jeunes au stade Kasarani pour r\u00e9pondre \u00e0 leurs questions<\/strong>, parmi lesquelles : comment vaincre le tribalisme, la corruption, l\u2019enr\u00f4lement des jeunes. \u00ab Vaincre le tribalisme \u2013 r\u00e9pond le pape \u2013 est un travail de chaque jour, il s\u2019agit de faire travailler son oreille en \u00e9coutant les autres, son c\u0153ur en l\u2019ouvrant aux autres, sa main en la tendant les uns aux autres \u00bb. \u00ab La corruption est quelque chose qui s\u2019insinue en nous, elle est comme le sucre, douce, agr\u00e9able, facile et puis cela finit mal \u00bb. Et comment vaincre la radicalisation ? \u00ab La premi\u00e8re chose \u00e0 faire pour \u00e9viter \u00e0 un jeune de se faire enr\u00f4ler, c\u2019est de lui donner une \u00e9ducation et du travail \u00bb.  <strong>Chacune de ses rencontres est empreinte d\u2019affection, de proximit\u00e9, d\u2019amour<\/strong>. Et le peuple r\u00e9pond en lui exprimant sa gratitude, sa joie, son esp\u00e9rance. La question de l\u2019inculturation de l\u2019Evangile est l\u2019un des d\u00e9fis les plus caract\u00e9ristiques de ces terres, o\u00f9 il faut tenir compte d\u2019aspects per\u00e7us comme des valeurs qui existaient avant l\u2019arriv\u00e9e du christianisme : la vision de la famille, le r\u00f4le de la tribu, la polygamie traditionnelle et celle de l\u2019Islam\u2026 <strong>Un d\u00e9fi que les Focolari aussi ont accueilli d\u00e8s leur arriv\u00e9e en Afrique au cours des ann\u00e9es 60<\/strong> et qui continue \u00e0 les engager dans une recherche sinc\u00e8re aupr\u00e8s des populations locales, dans un esprit de r\u00e9ciprocit\u00e9.  Un parcours qui a conduit<a href=\"https:\/\/www.focolare.org\/fr\/chiara-lubich\/\"> Chiara Lubich<\/a> \u00e0 fonder, en 1992, pr\u00e9cis\u00e9ment ici \u00e0 Nairobi, une Cit\u00e9 Pilote qui t\u00e9moigne de cette inculturation et o\u00f9 se tiennent des sessions de formation pour la mettre en \u0153uvre. La prochaine aura lieu en mai 2016, avec la participation de <a href=\"https:\/\/www.focolare.org\/fr\/news\/2014\/09\/15\/maria-voce\/\">Maria Voce<\/a> et <a href=\"https:\/\/www.focolare.org\/fr\/news\/2014\/09\/17\/jesus-moran-cepedano\/\">Jes\u00fas Mor\u00e1n,<\/a> respectivement pr\u00e9sidente et copr\u00e9sident des Focolari.<\/p>\n","protected":false},"excerpt":{"rendered":"<p>Un Pays o\u00f9 abondent  beaut\u00e9s et ressources naturelles, mais aussi  de nombreux d\u00e9fis. Le message : travailler  en synergie pour le pardon et la paix,  en prenant soin des jeunes g\u00e9n\u00e9rations et de l\u2019environnement.<\/p>\n","protected":false},"author":34,"featured_media":0,"comment_status":"open","ping_status":"open","sticky":false,"template":"","format":"standard","meta":{"give_campaign_id":0,"_seopress_robots_primary_cat":"","_seopress_titles_title":"","_seopress_titles_desc":"","_seopress_robots_index":"","_et_pb_use_builder":"","_et_pb_old_content":"","_et_gb_content_width":"","footnotes":""},"categories":[906],"tags":[],"class_list":["post-330938","post","type-post","status-publish","format-standard","hentry","category-focolare-worldwide-2-3"],"_links":{"self":[{"href":"https:\/\/www.focolare.org\/fr\/wp-json\/wp\/v2\/posts\/330938","targetHints":{"allow":["GET"]}}],"collection":[{"href":"https:\/\/www.focolare.org\/fr\/wp-json\/wp\/v2\/posts"}],"about":[{"href":"https:\/\/www.focolare.org\/fr\/wp-json\/wp\/v2\/types\/post"}],"author":[{"embeddable":true,"href":"https:\/\/www.focolare.org\/fr\/wp-json\/wp\/v2\/users\/34"}],"replies":[{"embeddable":true,"href":"https:\/\/www.focolare.org\/fr\/wp-json\/wp\/v2\/comments?post=330938"}],"version-history":[{"count":0,"href":"https:\/\/www.focolare.org\/fr\/wp-json\/wp\/v2\/posts\/330938\/revisions"}],"wp:attachment":[{"href":"https:\/\/www.focolare.org\/fr\/wp-json\/wp\/v2\/media?parent=330938"}],"wp:term":[{"taxonomy":"category","embeddable":true,"href":"https:\/\/www.focolare.org\/fr\/wp-json\/wp\/v2\/categories?post=330938"},{"taxonomy":"post_tag","embeddable":true,"href":"https:\/\/www.focolare.org\/fr\/wp-json\/wp\/v2\/tags?post=330938"}],"curies":[{"name":"wp","href":"https:\/\/api.w.org\/{rel}","templated":true}]}}