{"id":330940,"date":"2015-11-28T20:44:06","date_gmt":"2015-11-28T19:44:06","guid":{"rendered":"https:\/\/www.focolare.org\/du-monastere-de-halki-en-turquie-un-appel-pour-la-paix\/"},"modified":"2024-05-16T15:14:11","modified_gmt":"2024-05-16T13:14:11","slug":"du-monastere-de-halki-en-turquie-un-appel-pour-la-paix","status":"publish","type":"post","link":"https:\/\/www.focolare.org\/fr\/du-monastere-de-halki-en-turquie-un-appel-pour-la-paix\/","title":{"rendered":"Du Monast\u00e8re de Halki, en Turquie, un appel pour la paix"},"content":{"rendered":"<p><strong><img loading=\"lazy\" decoding=\"async\" class=\"alignleft wp-image-131841\" src=\"https:\/\/www.focolare.org\/wp-content\/uploads\/2015\/11\/20151128MonasteroHalki.jpg\" alt=\"20151128MonasteroHalki\" width=\"350\" height=\"263\" \/>Le 27 novembre s&rsquo;est conclue la premi\u00e8re partie du <\/strong><a href=\"https:\/\/www.focolare.org\/fr\/news\/2015\/11\/24\/espanol-vescovi-di-varie-chiese-insieme-a-istanbul\/\">Congr\u00e8s \u0153cum\u00e9nique des \u00e9v\u00eaques amis des Focolari,<\/a> dans le Monast\u00e8re de la Tr\u00e8s Sainte Trinit\u00e9, sur l&rsquo;\u00eele de Halki. Le card. Francis Kriengsak a mis en \u00e9vidence combien l&rsquo;unit\u00e9 entre les diff\u00e9rentes \u00e9glises est au service de l&rsquo;enti\u00e8re famille humaine. \u00ab<em>\u00a0La diversit\u00e9 est un don et un enrichissement r\u00e9ciproque,<\/em>\u00a0 &#8211; ce sont les paroles du cardinal \u2013 <em>mais cela est possible seulement avec une \u00e9coute sans jugement, avec le dialogue de la<\/em> <em>vie, avec le partage des exp\u00e9riences, avec un accueil qui harmonise les diff\u00e9rents charismes\u00a0\u00bb. <\/em>Dans la connaissance r\u00e9ciproque ont \u00e9merg\u00e9 les d\u00e9fis et les particularit\u00e9s de chaque \u00e9glise sur des probl\u00e9matiques br\u00fblantes.<strong>\u00a0<\/strong>  <div id=\"attachment_131839\" style=\"width: 360px\" class=\"wp-caption alignright\"><img loading=\"lazy\" decoding=\"async\" aria-describedby=\"caption-attachment-131839\" class=\"wp-image-131839\" src=\"https:\/\/www.focolare.org\/wp-content\/uploads\/2015\/11\/20151128JesusMoran.jpg\" alt=\"20151128JesusMoran\" width=\"350\" height=\"263\" \/><p id=\"caption-attachment-131839\" class=\"wp-caption-text\">Jes\u00fas Mor\u00e1n<\/p><\/div>  Pendant la matin\u00e9e,\u00a0<a href=\"https:\/\/www.focolare.org\/fr\/news\/2014\/09\/17\/jesus-moran-cepedano\/\">Jes\u00fas Mor\u00e1n<\/a>, , copr\u00e9sident des Focolari, a identifi\u00e9 quelques grands d\u00e9fis de l&rsquo;humanit\u00e9 d&rsquo;aujourd&rsquo;hui, parmi lesquels\u00a0: la globalisation, l&rsquo;ultra- contemporan\u00e9it\u00e9, l&rsquo;arriv\u00e9e d&rsquo;une troisi\u00e8me guerre mondiale par morceaux\u00a0; et a mis en \u00e9vidence les r\u00e9ponses qu&rsquo;offre la culture de l&rsquo;unit\u00e9. Tout en citant l&rsquo;\u00e9v\u00eaque<a href=\"https:\/\/www.focolare.org\/fr\/news\/2014\/01\/23\/1994-2014-ricordando-klaus-hemmerle\/\"> Klaus Hemmerle<\/a>, pionnier de ces congr\u00e8s, il a montr\u00e9 la n\u00e9cessit\u00e9 d&rsquo;une attitude d&rsquo;\u00e9coute du monde, \u00ab<em>\u00a0Enseigne-moi ta mani\u00e8re de penser \u2013<\/em> disait Hemmerle \u2013<em> afin<\/em> <em>que je puisse r\u00e9apprendre ma mani\u00e8re d&rsquo;annoncer\u00a0\u00bb, <\/em>c&rsquo;est seulement de cette fa\u00e7on, &#8211; continue Mor\u00e1n \u2013 qu&rsquo;il est possible d&rsquo;accomplir une <em>\u00ab\u00a0inexcusable op\u00e9ration de purification de nos<\/em> <em>\u00a0\u00a0\u00bbincrustations religieuses\u00a0\u00bb pr\u00e9sentes dans nos \u00e9glises. Ce sont elles qui nous divisent, le monde ne nous permet plus non seulement d&rsquo;\u00eatre d\u00e9sunis mais non plus d&rsquo;annoncer le message du Christ comme nous l&rsquo;avons fait jusqu&rsquo;\u00e0 pr\u00e9sent. Du reste, les premiers chr\u00e9tiens n&rsquo;ont pas annonc\u00e9 une nouvelle religion mais une vie pleine, la vie qu&rsquo;ils avaient trouv\u00e9e en J\u00e9sus\u00a0\u00bb.<\/em><strong>\u00a0<\/strong>  <strong>Lors du dialogue successif<\/strong>, il a \u00e9t\u00e9 mis en \u00e9vidence combien ces paroles sont entr\u00e9es en profondeur et on a vivement ressenti le d\u00e9sir d\u2019aplanir la route vers la pleine et visible communion.\u00a0 M\u00eame si le panorama mondial semble indiquer le contraire, le copr\u00e9sident invite \u00e0 l&rsquo;esp\u00e9rance\u00a0: <em>\u00ab\u00a0Ce monde tel<\/em> <em>qu&rsquo;il est aujourd&rsquo;hui <\/em>\u2013 conclut\u00a0Jes\u00fas Mor\u00e1n, \u2013<em> me porte \u00e0 \u00eatre davantage chr\u00e9tien, par cette<\/em> <em>identification avec J\u00e9sus Crucifi\u00e9 qui me permet de vivre avec les autres fr\u00e8res, la communion trinitaire plus profonde\u00a0\u00bb<\/em>.<strong>\u00a0<\/strong>  <strong>Les \u00e9v\u00eaques ont pu conna\u00eetre l&rsquo;histoire du Monast\u00e8re de la Sainte Trinit\u00e9, <\/strong>durant une br\u00e8ve visite. Le s\u00e9minaire pour la formation du clerg\u00e9 grec-orthodoxe, fonctionnait ici depuis 1844 jusqu&rsquo;\u00e0 ce qu&rsquo;en 1971, la Cours constitutionnelle turque ait d\u00e9cid\u00e9 que toutes les institutions priv\u00e9es de formation sup\u00e9rieure soit englob\u00e9es dans l&rsquo;universit\u00e9 publique offerte. Le Conseil du s\u00e9minaire s&rsquo;y \u00e9tait oppos\u00e9 et par cons\u00e9quent, la fermeture de la c\u00e9l\u00e8bre \u00c9cole th\u00e9ologique fut ordonn\u00e9e, l\u00e0 o\u00f9 avaient \u00e9tudi\u00e9 des th\u00e9ologiens issus du monde entier et \u00e9galement d&rsquo;autres \u00e9glises. En 127 ann\u00e9es d&rsquo;activit\u00e9, 950 \u00e9tudiants se sont dipl\u00f4m\u00e9s dans cette \u00e9cole, 330 sont devenus \u00e9v\u00eaques, 12 ont \u00e9t\u00e9 choisis comme Patriarches \u0153cum\u00e9niques, 2 \u00e9lus Patriarches d&rsquo;Alexandrie, 3 d&rsquo;Antioche, 1 Exarque de Bulgarie, 4 archev\u00eaques d&rsquo;Ath\u00e8nes, 1 archev\u00eaque de l&rsquo;Albanie et 318 ont \u00e9t\u00e9 ordonn\u00e9s pr\u00eatres.<strong>\u00a0<\/strong>  <strong>L&rsquo;actuel P\u00e8re Abb\u00e9 du Monast\u00e8re, le m\u00e9tropolite Elpidophoros Lambriniadis,<\/strong> a tenu une relation intitul\u00e9e \u00a0\u00bbL&rsquo;amour de mis\u00e9ricorde et la communion entre les chr\u00e9tiens\u00a0\u00bb\u00a0; une lecture historique\u00a0 int\u00e9ressante sur le cheminement du dialogue r\u00e9alis\u00e9 entre l\u2019\u00c9glise d&rsquo;Orient et celle d&rsquo;Occident, avec un accent particulier donn\u00e9 au r\u00f4le jou\u00e9 par <a href=\"https:\/\/www.focolare.org\/fr\/chiara-lubich\/\">Chiara Lubich,<\/a> fondatrice des <a href=\"https:\/\/www.focolare.org\/fr\/movimento-dei-focolari\/\">Focolari<\/a>, dans le rapprochement des deux \u00e9glises.  <img loading=\"lazy\" decoding=\"async\" class=\"alignleft wp-image-131842\" src=\"https:\/\/www.focolare.org\/wp-content\/uploads\/2015\/11\/20151128TurchiaVescovi.jpg\" alt=\"20151128TurchiaVescovi\" width=\"350\" height=\"263\" \/>A la conclusion de cette premi\u00e8re partie du congr\u00e8s, les \u00e9v\u00eaques ont fait leur, l&rsquo;appel du <a href=\"https:\/\/www.focolare.org\/fr\/news\/2015\/11\/26\/turchia-nellisola-di-heybeliada-halki-vento-di-unita\/\">Patriarche Bartolom\u00e9 I<\/a>, de prier afin que le s\u00e9minaire th\u00e9ologique soit \u00e0 nouveau ouvert. Ils ont de plus \u00e9voqu\u00e9 la lib\u00e9ration <a href=\"https:\/\/www.focolare.org\/fr\/news\/2013\/04\/24\/vicinanza-ai-due-vescovi-rapiti-in-siria\/\">des deux \u00e9v\u00eaques kidnapp\u00e9s<\/a> en Syrie en avril 2013\u00a0: l&rsquo;archev\u00eaque grec- orthodoxe d\u2019Alep, Paul Yazigi, et l&rsquo;archev\u00eaque Syro Orthodoxe Gregorios Yohanna Ibrahim, \u00e9v\u00eaque ami des Focolari et participant assidu \u00e0 leurs rendez-vous.<strong>\u00a0<\/strong>  Le soir est maintenant venu et la pluie tombe suavement sur l&rsquo;\u00eele. Les voitures descendent de la colline en portant une charge beaucoup plus l\u00e9g\u00e8re\u00a0: des \u00e9v\u00eaques fr\u00e8res engag\u00e9s \u00e0 vivre l&rsquo;amour r\u00e9ciproque pour que J\u00e9sus ressuscit\u00e9 puisse redonner une nouvelle lumi\u00e8re au monde.<strong>\u00a0<\/strong>  <em>Depuis l&rsquo;envoy\u00e9e sp\u00e9ciale Adriana Avellaneda<\/em><strong style=\"line-height: 22.2222px\">\u00a0<\/strong><\/p>\n","protected":false},"excerpt":{"rendered":"<p>Les \u00e9v\u00eaques de diff\u00e9rentes \u00e9glises r\u00e9unis \u00e0 Heybeliada (Halki) invoquent la paix au Moyen-Orient et prient pour la r\u00e9ouverture du S\u00e9minaire th\u00e9ologique sur l&rsquo;\u00eele.<\/p>\n","protected":false},"author":34,"featured_media":0,"comment_status":"open","ping_status":"open","sticky":false,"template":"","format":"standard","meta":{"give_campaign_id":0,"_seopress_robots_primary_cat":"","_seopress_titles_title":"","_seopress_titles_desc":"","_seopress_robots_index":"","_et_pb_use_builder":"","_et_pb_old_content":"","_et_gb_content_width":"","footnotes":""},"categories":[906],"tags":[],"class_list":["post-330940","post","type-post","status-publish","format-standard","hentry","category-focolare-worldwide-2-3"],"_links":{"self":[{"href":"https:\/\/www.focolare.org\/fr\/wp-json\/wp\/v2\/posts\/330940","targetHints":{"allow":["GET"]}}],"collection":[{"href":"https:\/\/www.focolare.org\/fr\/wp-json\/wp\/v2\/posts"}],"about":[{"href":"https:\/\/www.focolare.org\/fr\/wp-json\/wp\/v2\/types\/post"}],"author":[{"embeddable":true,"href":"https:\/\/www.focolare.org\/fr\/wp-json\/wp\/v2\/users\/34"}],"replies":[{"embeddable":true,"href":"https:\/\/www.focolare.org\/fr\/wp-json\/wp\/v2\/comments?post=330940"}],"version-history":[{"count":0,"href":"https:\/\/www.focolare.org\/fr\/wp-json\/wp\/v2\/posts\/330940\/revisions"}],"wp:attachment":[{"href":"https:\/\/www.focolare.org\/fr\/wp-json\/wp\/v2\/media?parent=330940"}],"wp:term":[{"taxonomy":"category","embeddable":true,"href":"https:\/\/www.focolare.org\/fr\/wp-json\/wp\/v2\/categories?post=330940"},{"taxonomy":"post_tag","embeddable":true,"href":"https:\/\/www.focolare.org\/fr\/wp-json\/wp\/v2\/tags?post=330940"}],"curies":[{"name":"wp","href":"https:\/\/api.w.org\/{rel}","templated":true}]}}