{"id":331018,"date":"2015-12-26T03:00:43","date_gmt":"2015-12-26T02:00:43","guid":{"rendered":"https:\/\/www.focolare.org\/economie-de-communion-au-guatemala-lentreprise-a-limage-dune-famille\/"},"modified":"2024-05-16T15:14:33","modified_gmt":"2024-05-16T13:14:33","slug":"economie-de-communion-au-guatemala-lentreprise-a-limage-dune-famille","status":"publish","type":"post","link":"https:\/\/www.focolare.org\/fr\/economie-de-communion-au-guatemala-lentreprise-a-limage-dune-famille\/","title":{"rendered":"Economie de Communion au Guatemala : l\u2019entreprise \u00e0 l\u2019image d\u2019une famille"},"content":{"rendered":"<p><img loading=\"lazy\" decoding=\"async\" class=\"wp-image-132848 alignright\" src=\"https:\/\/www.focolare.org\/wp-content\/uploads\/2015\/12\/Guatemala.jpg\" alt=\"Guatemala\" width=\"270\" height=\"360\" \/><strong>M\u00eame dans ce <\/strong><a href=\"https:\/\/www.focolare.org\/fr\/focolare-worldwide\/america-nord-e-centrale\/guatemala\/\">petit pays d\u2019Am\u00e9rique centrale<\/a><strong>, dont l\u2019ascendance indig\u00e8ne est tr\u00e8s forte et donc sensible aux contrastes sociaux,<\/strong> on trouve neuf entrepreneurs guat\u00e9malt\u00e8ques qui se sont inscrits au cours de l\u2019<a href=\"http:\/\/www.edc-online.org\/\" target=\"_blank\" rel=\"noopener\">EdC <\/a>depuis juin dernier. Ils approfondissent ainsi, \u00e0 raison d\u2019une fois par mois, les fondements du projet, en faisant des rapprochements avec des exp\u00e9riences d\u00e9j\u00e0 en acte en d\u2019autres parties du monde. \u00ab Le texte de base \u2013 explique Sandra Macario, coordinatrice du cours \u2013 est le livre de Bruni \u2018le prix de la gratuit\u00e9\u2019, mais nous nous relions souvent par skype avec d\u2019autres entrepreneurs EdC de la ville de Mexico et d\u2019autres pays d\u2019Am\u00e9rique Latine \u00bb.  <strong>Le 26 novembre le cours a organis\u00e9 un open day,<\/strong> en invitant tous ceux qui pouvaient \u00eatre int\u00e9ress\u00e9s par un \u2018buffet de fin d\u2019ann\u00e9e\u2019 typique de ces pays, riches en ar\u00f4mes caract\u00e9ristiques de ma\u00efs et de haricots. 40 personnes y \u00e9taient pr\u00e9sentes. Maria Luisa Altamirano du Mexique y \u00e9tait l\u2019invit\u00e9e d\u2019honneur ; elle a partag\u00e9 son exp\u00e9rience d\u2019entrepreneur et a suscit\u00e9 des questions et des approfondissements chez les participants. En plus des pr\u00e9sents, l\u2019entrepreneur br\u00e9silien Isma\u00ebl Yos a pris la parole, il avait particip\u00e9 au m\u00eame cours au Br\u00e9sil. Parmi les t\u00e9moignages, le r\u00e9cit de l\u2019architecte guat\u00e9malt\u00e8que Jorge Mario Contreras a \u00e9t\u00e9 particuli\u00e8rement touchant.  <strong>Il ne peut pas toujours compter sur des commandes permanentes<\/strong>, alors il a une r\u00e9serve de travailleurs \u00e0 qui s\u2019adresser de temps en temps. Eux, savent bien qu\u2019il n\u2019y a pas beaucoup de travail et comprennent que, lorsqu\u2019ils n\u2019ont pas de contrat avec lui, ils doivent chercher ailleurs l\u00e0 o\u00f9 ils peuvent trouver du travail. Quelquefois on leur demande des travaux de toute urgence. Une fois par exemple ils devaient restructurer et r\u00e9\u00e9quiper un centre de dialyse. Ils ont annul\u00e9 le contrat avec une autre entreprise et donc suspendu le service, afin de r\u00e9pondre \u00e0 l\u2019urgence du d\u00e9but des travaux. Ils avaient besoin de ma\u00e7ons pour arranger les locaux, de techniciens pour remettre en route les machines. Contreras a pr\u00e9sent\u00e9 son offre, dont les conditions ont toutes \u00e9t\u00e9 retenues favorables, sauf les temps de la remise des cl\u00e9s qui devaient \u00eatre divis\u00e9s par deux. Sinon le travail ne leur \u00e9tait pas assign\u00e9.  <strong><a href=\"https:\/\/www.focolare.org\/wp-content\/uploads\/2015\/12\/JorgeMarioContreras_a.jpg\"><img loading=\"lazy\" decoding=\"async\" class=\"alignleft wp-image-132857\" src=\"https:\/\/www.focolare.org\/wp-content\/uploads\/2015\/12\/JorgeMarioContreras_a.jpg\" alt=\"JorgeMarioContreras_a\" width=\"380\" height=\"283\" \/><\/a>Un probl\u00e8me impossible \u00e0 r\u00e9soudre.<\/strong> La derni\u00e8re carte \u00e0 jouer \u00e9tait le dialogue avec les ouvriers. Un concept, celui du dialogue, que Contreras avait depuis longtemps compris et introduit comme pilier et de son activit\u00e9. Un style de vie qui en ces moments de crise a montr\u00e9 toute son efficacit\u00e9. Il a propos\u00e9 aux ouvriers de faire deux tours, qui ont accept\u00e9 \u00e0 l\u2019unanimit\u00e9 non seulement pour ne pas laisser \u00e9chapper un travail mais aussi parce qu\u2019ils avaient confiance en lui et entre eux. Contre toutes les pr\u00e9visions techniques, le travail fut consign\u00e9 \u00e0 temps, et les patients en attente ont re\u00e7u leur traitement au moment pr\u00e9vu. A une autre occasion, Contreras a re\u00e7u un coup de fil d\u2019un de ses employ\u00e9s. C\u2019\u00e9tait le matin de bonne heure, o\u00f9 normalement on ne devrait pas d\u00e9ranger le boss. Mais la situation \u00e9tait grave : la petite fille allait mal et avait urgemment besoin d\u2019un m\u00e9dicament couteux et l\u2019ouvrier n\u2019avait l\u2019argent pour l\u2019acheter. Contreras l\u2019a \u00e9cout\u00e9 comme un fr\u00e8re : \u00ab Je commence par prier pour ta fille, &#8211; lui dit-il \u2013 et d\u00e8s que les banques ouvrent je ferai le versement n\u00e9cessaire \u00bb. Contreras raconte qu\u2019il a senti que son entreprise \u00ab \u00e9tait devenue une famille \u00bb.<\/p>\n","protected":false},"excerpt":{"rendered":"<p>Le projet Economie de Communion (EdC) d\u00e9barque en Am\u00e9rique centrale suscitant la curiosit\u00e9 des entrepreneurs en recherche de valeurs qui humanisent travail et production. Le t\u00e9moignage d\u2019un architecte.<\/p>\n","protected":false},"author":34,"featured_media":0,"comment_status":"open","ping_status":"open","sticky":false,"template":"","format":"standard","meta":{"give_campaign_id":0,"_seopress_robots_primary_cat":"","_seopress_titles_title":"","_seopress_titles_desc":"","_seopress_robots_index":"","_et_pb_use_builder":"","_et_pb_old_content":"","_et_gb_content_width":"","footnotes":""},"categories":[906],"tags":[],"class_list":["post-331018","post","type-post","status-publish","format-standard","hentry","category-focolare-worldwide-2-3"],"_links":{"self":[{"href":"https:\/\/www.focolare.org\/fr\/wp-json\/wp\/v2\/posts\/331018","targetHints":{"allow":["GET"]}}],"collection":[{"href":"https:\/\/www.focolare.org\/fr\/wp-json\/wp\/v2\/posts"}],"about":[{"href":"https:\/\/www.focolare.org\/fr\/wp-json\/wp\/v2\/types\/post"}],"author":[{"embeddable":true,"href":"https:\/\/www.focolare.org\/fr\/wp-json\/wp\/v2\/users\/34"}],"replies":[{"embeddable":true,"href":"https:\/\/www.focolare.org\/fr\/wp-json\/wp\/v2\/comments?post=331018"}],"version-history":[{"count":0,"href":"https:\/\/www.focolare.org\/fr\/wp-json\/wp\/v2\/posts\/331018\/revisions"}],"wp:attachment":[{"href":"https:\/\/www.focolare.org\/fr\/wp-json\/wp\/v2\/media?parent=331018"}],"wp:term":[{"taxonomy":"category","embeddable":true,"href":"https:\/\/www.focolare.org\/fr\/wp-json\/wp\/v2\/categories?post=331018"},{"taxonomy":"post_tag","embeddable":true,"href":"https:\/\/www.focolare.org\/fr\/wp-json\/wp\/v2\/tags?post=331018"}],"curies":[{"name":"wp","href":"https:\/\/api.w.org\/{rel}","templated":true}]}}