{"id":331036,"date":"2016-01-04T05:00:36","date_gmt":"2016-01-04T04:00:36","guid":{"rendered":"https:\/\/www.focolare.org\/les-jeunes-et-la-paix-de-la-roumanie-a-la-chine\/"},"modified":"2024-05-16T15:14:37","modified_gmt":"2024-05-16T13:14:37","slug":"les-jeunes-et-la-paix-de-la-roumanie-a-la-chine","status":"publish","type":"post","link":"https:\/\/www.focolare.org\/fr\/les-jeunes-et-la-paix-de-la-roumanie-a-la-chine\/","title":{"rendered":"Les jeunes et la paix, de la Roumanie \u00e0 la Chine"},"content":{"rendered":"<p><strong><img loading=\"lazy\" decoding=\"async\" class=\"alignright wp-image-133128\" src=\"https:\/\/www.focolare.org\/wp-content\/uploads\/2016\/01\/Campus-Romania.jpg\" alt=\"Campus Romania\" width=\"386\" height=\"259\" \/><\/strong><strong>Il y avait un air de f\u00eate \u00e0 Resita, une Commune <a href=\"https:\/\/www.focolare.org\/fr\/focolare-worldwide\/europa\/romania\/\">roumaine<\/a><\/strong> de presque 90.000 habitants situ\u00e9e \u00e0 la fronti\u00e8re avec la <a href=\"https:\/\/www.focolare.org\/fr\/focolare-worldwide\/europa\/serbia\/\">Serbie<\/a>.  D\u00e9j\u00e0 hier soir, les premiers, arriv\u00e9s d&rsquo;<a href=\"https:\/\/www.focolare.org\/fr\/focolare-worldwide\/europa\/italia\/\">Italie <\/a>\u2013 des jeunes catholiques \u2013 accueillis avec une c\u00e9r\u00e9monie officielle dans l&rsquo;\u00e9glise orthodoxe la plus ancienne de la ville et log\u00e9s aupr\u00e8s des familles de jeunes roumains de leur \u00e2ge. Aujourd&rsquo;hui, ce sont plut\u00f4t les jeunes orthodoxes du coin qui arrivent : il y a celui qui vient en car, en auto mais aussi \u00e0 pied. L&rsquo;administration communale a organis\u00e9 un moment de salutation avant que le groupe au complet ne se dirige vers Baile Herculane, un village touristique dans le sud ouest du pays, o\u00f9 aura lieu un \u00a0\u00bbcamp \u0153cum\u00e9nique \u00a0\u00bb. Les paroles du maire &#8211; adjoint parlent de contentement et de f\u00e9licitations pour l&rsquo;exp\u00e9rience de jumelage entre la paroisse roumaine de l&rsquo;Assomption et celle de Borgo s. Maria, \u00e0 Pesaro (Italie), qui dure d\u00e9sormais depuis 8 ans.  <strong>Les interventions se succ\u00e8dent, aussi bien de la part des jeunes italiens que roumains.<\/strong> La note dominante est la joie de se red\u00e9couvrir fr\u00e8res, unis dans la m\u00eame foi chr\u00e9tienne. Un lien qui est renforc\u00e9 par l&rsquo;objectif commun de vouloir construire un monde plus uni et qu&rsquo;ils veulent approfondir avec un \u00e9change vrai et sinc\u00e8re pendant les journ\u00e9es du &lsquo;camp&rsquo;. <strong>En les connaissant plus en profondeur, on d\u00e9couvre qu&rsquo;entre eux, il n&rsquo;y a pas seulement des catholiques et des orthodoxes.<\/strong> Gabor, par exemple, est calviniste, d&rsquo;autres sont \u00e9vang\u00e9liques. Mais ici, ils sont seulement chr\u00e9tiens guid\u00e9s par le sage et affectueux accompagnement de leurs cur\u00e9s. Venir \u00e0 Resita n&rsquo;a pas \u00e9t\u00e9 un choix fait au hasard. Cette ville se trouve dans la r\u00e9gion du Banat, dont la vocation particuli\u00e8re, depuis des d\u00e9cennies, est la tol\u00e9rance et l&rsquo;ouverture. Il y a ici 18 ethnies diff\u00e9rentes, appartenant \u00e0 diverses \u00e9glises chr\u00e9tiennes.  <strong>Anna est venue parce qu&rsquo;elle croit dans l&rsquo;<\/strong><a href=\"https:\/\/www.focolare.org\/es\/in-dialogo\/chiese-cristiane\/\">unit\u00e9 entre les chr\u00e9tiens<\/a> et veut donner sa propre contribution pour que celle-ci se r\u00e9alise le plus t\u00f4t possible. Joseph \u00e9tudie la m\u00e9decine mais, une fois sa formation termin\u00e9e, il voudrait se pr\u00e9parer au sacerdoce. Emile veut devenir metteur en sc\u00e8ne. Quant \u00e0 Matteo, il n&rsquo;a encore aucune certitude sur ce qu&rsquo;il veut \u00e9tudier et encore moins sur ce qu&rsquo;il veut faire dans la vie. Il sait seulement qu&rsquo;il veut faire partie de ce projet de construire l&rsquo;unit\u00e9 \u00e0 tous les niveaux. Ils ne savent pas comment sera leur futur mais ils croient dans l&rsquo;id\u00e9al qui les rassemble. Ce sont des jours de partage et d&rsquo;amiti\u00e9 profonde qui les attend, amiti\u00e9 bas\u00e9e sur le m\u00eame amour de chacun pour J\u00e9sus et pour &lsquo;son r\u00eave&rsquo; : que tous soient une seule chose.  <img loading=\"lazy\" decoding=\"async\" class=\" wp-image-133088 alignleft\" src=\"https:\/\/www.focolare.org\/wp-content\/uploads\/2016\/01\/Cina-1.jpg\" alt=\"Cina 1\" width=\"217\" height=\"296\" \/>En <a href=\"https:\/\/www.focolare.org\/fr\/focolare-worldwide\/asia\/cina\/\">Chine<\/a>, l&rsquo;initiative concerne plut\u00f4t la paix et la fraternit\u00e9. Ceux qui ouvrent la piste, c&rsquo;est encore eux, les jeunes. Avec l&rsquo;intention cependant d&rsquo;impliquer des personnes de tous \u00e2ges. Leur proposition est vite exprim\u00e9e : le 11 de chaque mois, de novembre \u00e0 avril, celui qui veut, peut renoncer \u00e0 un repas ou \u00e0 une collation ou \u00e0 quelque chose qui lui est superflu mais qu&rsquo;il voudrait acheter, pour donner l&rsquo;argent correspondant aux pauvres. Le montant peut \u00eatre envoy\u00e9 \u00e0 travers un \u00a0\u00bbred pocket\u00a0\u00bb via social network.  Afin de le rappeler \u00e0 tout le monde, ils ont pr\u00e9vu des pochettes d&rsquo;abonnement de bus avec dessus, le logo des <a href=\"https:\/\/www.focolare.org\/fr\/movimento-dei-focolari\/un-popolo\/giovani-per-un-mondo-unito\/\">Jeunes pour un Monde Uni<\/a> et six \u00a0\u00bbthumbs up\u00a0\u00bb (le pouce lev\u00e9 en signe d&rsquo; &lsquo;ok&rsquo;) \u00e0 colorier chaque fois qu&rsquo;on adh\u00e8re \u00e0 l&rsquo;initiative. Avec surprise et joie, en quelques heures \u00e0 peine, ils sont arriv\u00e9s \u00e0 un bon nombre de \u00a0\u00bbred pockets\u00a0\u00bb accompagn\u00e9s de messages de remerciement et d&rsquo;encouragement. On aurait dit un tam-tam qui diffusait la paix, la g\u00e9n\u00e9rosit\u00e9 et l&rsquo;engagement. Jusqu&rsquo;\u00e0 pr\u00e9sent le montant r\u00e9colt\u00e9 s&rsquo;\u00e9l\u00e8ve \u00e0 844 euros, une petite contribution si on veut, mais pleine de signification pour les messages qui accompagnaient les donations. Le 11 novembre, en Chine \u00e9tait c\u00e9l\u00e9br\u00e9e la journ\u00e9e d\u00e9di\u00e9e aux personnes c\u00e9libataires et au shopping. Qui avait renonc\u00e9 \u00e0 la collation, qui \u00e0 un repas plus somptueux. Une jeune fille a \u00e9crit : \u00a0\u00bbJe n&rsquo;ai rien trouv\u00e9 \u00e0 acheter car tout \u00e9tait tr\u00e8s cher. J&rsquo;ai ensuite \u00e9t\u00e9 contente de conna\u00eetre votre initiative qui me permet d&rsquo;offrir ma petite contribution pour celui qui est plus dans le besoin\u00a0\u00bb.  &nbsp;  Gustavo Clari\u00e1<\/p>\n","protected":false},"excerpt":{"rendered":"<p>Oriente Europeo (Romania) ed Estremo Oriente (Cina). Come denominatore comune, la capacit\u00e0 dei giovani di progettare il nuovo per due scottanti obiettivi: ecumenismo e pace.<\/p>\n","protected":false},"author":34,"featured_media":0,"comment_status":"open","ping_status":"open","sticky":false,"template":"","format":"standard","meta":{"give_campaign_id":0,"_seopress_robots_primary_cat":"","_seopress_titles_title":"","_seopress_titles_desc":"","_seopress_robots_index":"","_et_pb_use_builder":"","_et_pb_old_content":"","_et_gb_content_width":"","footnotes":""},"categories":[906,907],"tags":[],"class_list":["post-331036","post","type-post","status-publish","format-standard","hentry","category-focolare-worldwide-2-3","category-senza-categoria-2-3"],"_links":{"self":[{"href":"https:\/\/www.focolare.org\/fr\/wp-json\/wp\/v2\/posts\/331036","targetHints":{"allow":["GET"]}}],"collection":[{"href":"https:\/\/www.focolare.org\/fr\/wp-json\/wp\/v2\/posts"}],"about":[{"href":"https:\/\/www.focolare.org\/fr\/wp-json\/wp\/v2\/types\/post"}],"author":[{"embeddable":true,"href":"https:\/\/www.focolare.org\/fr\/wp-json\/wp\/v2\/users\/34"}],"replies":[{"embeddable":true,"href":"https:\/\/www.focolare.org\/fr\/wp-json\/wp\/v2\/comments?post=331036"}],"version-history":[{"count":0,"href":"https:\/\/www.focolare.org\/fr\/wp-json\/wp\/v2\/posts\/331036\/revisions"}],"wp:attachment":[{"href":"https:\/\/www.focolare.org\/fr\/wp-json\/wp\/v2\/media?parent=331036"}],"wp:term":[{"taxonomy":"category","embeddable":true,"href":"https:\/\/www.focolare.org\/fr\/wp-json\/wp\/v2\/categories?post=331036"},{"taxonomy":"post_tag","embeddable":true,"href":"https:\/\/www.focolare.org\/fr\/wp-json\/wp\/v2\/tags?post=331036"}],"curies":[{"name":"wp","href":"https:\/\/api.w.org\/{rel}","templated":true}]}}