{"id":331058,"date":"2016-01-15T09:00:22","date_gmt":"2016-01-15T08:00:22","guid":{"rendered":"https:\/\/www.focolare.org\/maria-voce-et-jesus-moran-visitent-les-communautes-des-focolari-en-inde\/"},"modified":"2024-05-16T15:14:41","modified_gmt":"2024-05-16T13:14:41","slug":"maria-voce-et-jesus-moran-visitent-les-communautes-des-focolari-en-inde","status":"publish","type":"post","link":"https:\/\/www.focolare.org\/fr\/maria-voce-et-jesus-moran-visitent-les-communautes-des-focolari-en-inde\/","title":{"rendered":"Maria Voce et Jes\u00fas Mor\u00e1n visitent les communaut\u00e9s des Focolari en Inde"},"content":{"rendered":"<p>Sur les traces des voyages effectu\u00e9s par<a href=\"https:\/\/www.focolare.org\/fr\/chiara-lubich\/chi-e-chiara\/\"> Chiara Lubich<\/a> en\u00a02001 et\u00a02003, <a href=\"https:\/\/www.focolare.org\/fr\/news\/2014\/09\/15\/maria-voce\/\">Maria Voce<\/a>, pr\u00e9sidente du Mouvement des Focolari, et <a href=\"https:\/\/www.focolare.org\/fr\/news\/2014\/09\/17\/jesus-moran-cepedano\/\">Jes\u00fas Mor\u00e1n<\/a>, copr\u00e9sident, sont en Inde du 15\u00a0janvier au 10\u00a0f\u00e9vrier pour rendre visite aux communaut\u00e9s des Focolari dans quelques r\u00e9gions du pays. Les principales \u00e9tapes pr\u00e9vues sont New Delhi, Bangalore, Trichy, Coimbatore et Mumbai. Ces semaines auront notamment une dimension interreligieuse, dialogue lanc\u00e9 en son temps par la fondatrice des Focolari.<\/p>\n","protected":false},"excerpt":{"rendered":"<p>Maria Voce et Jes\u00fas Mor\u00e1n visiter les communaut\u00e9s du Mouvement des Focolari en Inde.<\/p>\n","protected":false},"author":34,"featured_media":0,"comment_status":"open","ping_status":"open","sticky":false,"template":"","format":"standard","meta":{"give_campaign_id":0,"_seopress_robots_primary_cat":"","_seopress_titles_title":"","_seopress_titles_desc":"","_seopress_robots_index":"","_et_pb_use_builder":"","_et_pb_old_content":"","_et_gb_content_width":"","footnotes":""},"categories":[47],"tags":[],"class_list":["post-331058","post","type-post","status-publish","format-standard","hentry","category-non-classifiee"],"_links":{"self":[{"href":"https:\/\/www.focolare.org\/fr\/wp-json\/wp\/v2\/posts\/331058","targetHints":{"allow":["GET"]}}],"collection":[{"href":"https:\/\/www.focolare.org\/fr\/wp-json\/wp\/v2\/posts"}],"about":[{"href":"https:\/\/www.focolare.org\/fr\/wp-json\/wp\/v2\/types\/post"}],"author":[{"embeddable":true,"href":"https:\/\/www.focolare.org\/fr\/wp-json\/wp\/v2\/users\/34"}],"replies":[{"embeddable":true,"href":"https:\/\/www.focolare.org\/fr\/wp-json\/wp\/v2\/comments?post=331058"}],"version-history":[{"count":0,"href":"https:\/\/www.focolare.org\/fr\/wp-json\/wp\/v2\/posts\/331058\/revisions"}],"wp:attachment":[{"href":"https:\/\/www.focolare.org\/fr\/wp-json\/wp\/v2\/media?parent=331058"}],"wp:term":[{"taxonomy":"category","embeddable":true,"href":"https:\/\/www.focolare.org\/fr\/wp-json\/wp\/v2\/categories?post=331058"},{"taxonomy":"post_tag","embeddable":true,"href":"https:\/\/www.focolare.org\/fr\/wp-json\/wp\/v2\/tags?post=331058"}],"curies":[{"name":"wp","href":"https:\/\/api.w.org\/{rel}","templated":true}]}}