{"id":331078,"date":"2016-01-23T04:00:35","date_gmt":"2016-01-23T03:00:35","guid":{"rendered":"https:\/\/www.focolare.org\/trente-italie-le-centre-mariapolis-chiara-lubich-fete-ses-30-ans\/"},"modified":"2024-05-16T15:14:46","modified_gmt":"2024-05-16T13:14:46","slug":"trente-italie-le-centre-mariapolis-chiara-lubich-fete-ses-30-ans","status":"publish","type":"post","link":"https:\/\/www.focolare.org\/fr\/trente-italie-le-centre-mariapolis-chiara-lubich-fete-ses-30-ans\/","title":{"rendered":"Trente (Italie) : le Centre Mariapolis Chiara Lubich f\u00eate ses 30 ans"},"content":{"rendered":"<p><a href=\"https:\/\/www.focolare.org\/wp-content\/uploads\/2016\/01\/CentroMariapoliCadine.jpg\"><img alt=\"\" alt=\"\" loading=\"lazy\" decoding=\"async\" class=\"alignright wp-image-133839\" src=\"https:\/\/www.focolare.org\/wp-content\/uploads\/2016\/01\/CentroMariapoliCadine.jpg\" alt=\"\" width=\"380\" height=\"241\" \/><\/a>  \u00a0\u00bbCette maison construite sur le roc, nous rappellera avec son nom (Parole de Vie), la maison b\u00e2tie sur le roc dont parle J\u00e9sus. Des vents et des temp\u00eates surviennent, mais elle ne s&rsquo;\u00e9croule pas\u00a0\u00bb dit <a href=\"https:\/\/www.focolare.org\/fr\/chiara-lubich\/chi-e-chiara\/\" target=\"_blank\" rel=\"noopener\">Chiara Lubich <\/a>le 24 mai 1986 inaugurant le <a href=\"http:\/\/www.centromariapolitrento.it\/\" target=\"_blank\" rel=\"noopener\">Centre Mariapolis <\/a>de sa ville natale.  <strong>23 janvier 2016<\/strong>\u00a0: jour de f\u00eate au Centre, portant aujourd&rsquo;hui le nom &lsquo;Chiara Lubich&rsquo;, pour se souvenir de trente ann\u00e9e d&rsquo;histoire, de t\u00e9moignage, de dialogue et de communion, \u00e0 la lumi\u00e8re du charisme de l&rsquo;unit\u00e9. L&rsquo;\u00e9v\u00e9nement s&rsquo;ouvre avec un message de <a href=\"https:\/\/www.focolare.org\/fr\/news\/2014\/09\/15\/maria-voce\/\" target=\"_blank\" rel=\"noopener\">Maria Voce<\/a> et une vid\u00e9o qui retrace ces trente ann\u00e9es d&rsquo;histoire. S&rsquo;ensuivent quelques t\u00e9moignages de la pr\u00e9sence locale du Mouvement dans le domaine civil et eccl\u00e9sial et les salutations de l&rsquo;archev\u00eaque de Trente Mgr Luigi Bressan, du maire Alessandro Andreatta et d&rsquo;autres autorit\u00e9s.  <strong>Apr\u00e8s trente ans, le Centre de Cadine a tenu sa promesse de sa propre vocation\u00a0<\/strong>: celle d&rsquo;\u00eatre un lieu de rencontre et de formation pour ceux qui souhaitent s&rsquo;engager et diffuser la vie de l\u2019\u00c9vangile et \u00e0 reporter la pr\u00e9sence de Dieu dans le monde avec l&rsquo;amour r\u00e9ciproque.  <strong>Un peu d&rsquo;histoire. Dans les ann\u00e9es &rsquo;70, le <\/strong><a href=\"https:\/\/www.focolare.org\/chi-siamo\/\" target=\"_blank\" rel=\"noopener\">Mouvement des Focolari,<\/a> r\u00e9pandu dans la r\u00e9gion, ressent la n\u00e9cessit\u00e9 d&rsquo;avoir un centre de formation. Apr\u00e8s de nombreuses recherches infructueuses, on se concentre sur Trente. Mise au courant de cette id\u00e9e, Chiara r\u00e9pond\u00a0:\u00a0\u00bbJe l&rsquo;ai toujours pens\u00e9 l\u00e0\u00a0: c&rsquo;est une ville choisie par Dieu\u00a0\u00bb. Quelques mois apr\u00e8s, dans tout le Mouvement on vit la Parole de Vie\u00a0:<em> \u00a0\u00bbVendez tout ce que vous poss\u00e9dez, donnez-le en aum\u00f4ne\u00a0\u00bb.<\/em> Le d\u00e9sir de mettre en pratique cette Parole de l\u2019\u00c9vangile, encourage Nostra Fadanelli, adh\u00e9rente du Mouvement, \u00e0 donner 9 hectares de bois justement pour la construction du Centre Mariapolis.<strong> <\/strong>  On confie le projet \u00e0 Carlo Fumagalli, focolarino architecte, qui, conscient d&rsquo;\u00e9difier un Centre dans la ville o\u00f9 le Mouvement est n\u00e9, parcourt \u00e0 nouveau les pas de son histoire \u00e0 Trente et dans la vall\u00e9e de Primiero, reproduisant quelques particularit\u00e9s dans l&rsquo;architecture de la construction.<strong> <\/strong>  Le projet est pr\u00e9sent\u00e9 \u00e0 l&rsquo;archev\u00eaque de Trente de l&rsquo;\u00e9poque, Mgr Gottardi, qui dit\u00a0: \u00a0\u00bbCeci doit \u00eatre un &lsquo;monumentum&rsquo; \u00e0 Chiara Lubich, logiquement quand elle sera au Paradis. Et ce sera le meilleur monument si, par rapport \u00e0 l&rsquo;histoire de Trente, ce sera&#8230;une Mariapolis ayant aussi une saveur \u0153cum\u00e9nique\u00a0\u00bb, faisant allusion au mandat \u0153cum\u00e9nique qu&rsquo;a la ville de Trente exprim\u00e9 par le pape Paul VI en 1964. Et il conclut\u00a0: \u00a0\u00bbVous avez cette mission\u00a0!\u00a0\u00bb.<strong> <\/strong>  A partir de ce moment-l\u00e0, on met en route la g\u00e9n\u00e9rosit\u00e9 de chacun dans le Mouvement, d&rsquo;apr\u00e8s ses possibilit\u00e9s et la cr\u00e9ativit\u00e9 de celui qui construit sa \u00a0\u00bbpropre\u00a0\u00bb maison.<strong> <\/strong>  <strong>Au mois d&rsquo;octobre 1980, <\/strong>alors que les d\u00e9marches pratiques sont en cours, on apprend la nouvelle qu&rsquo;\u00e0 Rome, on cherche une maison pour le <a href=\"http:\/\/www.centromariapoli.org\/\" target=\"_blank\" rel=\"noopener\">Centre Mariapolis international.<\/a>  Une fois tout le monde d&rsquo;accord, on d\u00e9cide de donner tout ce qui a \u00e9t\u00e9 r\u00e9colt\u00e9 jusqu&rsquo;\u00e0 pr\u00e9sent\u00a0: une somme importante qui \u00e9tonne Chiara elle-m\u00eame. Cela semble \u00eatre une folie, mais au moment de recevoir les permis pour commencer la construction, une nouvelle somme consistante arrive, trois fois plus grande que celle qui a \u00e9t\u00e9 donn\u00e9e, ce qui fait exp\u00e9rimenter les promesses de l\u2019\u00c9vangile\u00a0: \u00a0\u00bbDonnez et il vous sera donn\u00e9&rsquo;.  <strong>En 1982, <\/strong>on commence la construction de la partie &lsquo;jour&rsquo;\u00a0: le hall d&rsquo;entr\u00e9e, les salles de r\u00e9unions, la cuisine et la salle \u00e0 manger. Beaucoup de personnes veulent collaborer en donnant du temps et des forces, et la derni\u00e8re ann\u00e9e du chantier, environ 800 personnes s&rsquo;alterneront en contribuant pour tous les travaux artisanaux, de finitions et de main d\u2019\u0153uvre. M\u00e9morable fut le travail de placement du dallage pav\u00e9 de la route et de la place, ordonn\u00e9 la nuit avant l&rsquo;inauguration.<strong> <\/strong>  <a href=\"https:\/\/www.focolare.org\/wp-content\/uploads\/2016\/01\/CentroMariapoliChiaraLubichCadine_a.jpg\"><img loading=\"lazy\" decoding=\"async\" class=\"size-full wp-image-133838 alignleft\" src=\"https:\/\/www.focolare.org\/wp-content\/uploads\/2016\/01\/CentroMariapoliChiaraLubichCadine_a.jpg\" alt=\"CentroMariapoliChiaraLubichCadine_a\" width=\"300\" height=\"225\" \/><\/a><strong>Le 24 mai 1986, <\/strong>en pr\u00e9sence d&rsquo;environ 2000 personnes, parmi lesquelles les repr\u00e9sentants des \u00e9glises les plus importantes pr\u00e9sentes en Europe, Chiara elle-m\u00eame inaugure le Centre Mariapolis, tout en soulignant la vocation formative et \u0153cum\u00e9nique, et en le nommant \u00a0\u00bbParole de Vie\u00a0\u00bb.<strong> <\/strong>  <strong>Apr\u00e8s la mort de Chiara, en 2008, le 24 janvier 2009, <\/strong>avec une c\u00e9r\u00e9monie de grande importance \u0153cum\u00e9nique, avec la pr\u00e9sence de Maria Voce, ayant succ\u00e9d\u00e9 \u00e0 Chiara comme Pr\u00e9sidente du Mouvement des Focolari, et en pr\u00e9sence de nombreuses personnalit\u00e9s civiles et religieuses,<strong> le nom<\/strong> <strong>du Centre fut attribu\u00e9 \u00e0 Chiara Lubich. <\/strong>  Au cours de ces trente ann\u00e9es, des dizaines de milliers de personnes ont \u00e9t\u00e9 accueillies dans le Centre, en grande partie, des membres du Mouvement, mais non seulement, \u00e9tant donn\u00e9 qu&rsquo; il a ouvert ses portes \u00e0 des rencontres organis\u00e9es par le dioc\u00e8se, par des Mouvements Catholiques et d&rsquo;autres r\u00e9alit\u00e9s associatives la\u00efques de la r\u00e9gion. Le Centre accueille en particulier, des congr\u00e8s, des \u00e9coles de formation, diff\u00e9rents groupes du Mouvement originaires du monde entier, qui viennent pour revivre \u00e0 Trente et dans la vall\u00e9e de Primiero, l&rsquo;exp\u00e9rience des premiers temps, quand tout a commenc\u00e9.  Ce que le Centre t\u00e9moigne, comme au tout d\u00e9but du Mouvement, c&rsquo;est l&rsquo;urgence de garder pr\u00e9sente \u00e0 l&rsquo;esprit, une \u00a0\u00bb plate-forme du dialogue\u00a0\u00bb entre les individus, entre les peuples, entre les \u00e9glises et entre les grandes religions, afin de donner de l&rsquo;espace \u00e0 la fraternit\u00e9.<\/p>\n","protected":false},"excerpt":{"rendered":"<p>Une histoire fid\u00e8le \u00e0 la propre vocation du lieu de rencontre et de formation selon la spiritualit\u00e9 de l&rsquo;unit\u00e9 n\u00e9e du charisme de Chiara Lubich.<\/p>\n","protected":false},"author":34,"featured_media":0,"comment_status":"open","ping_status":"open","sticky":false,"template":"","format":"standard","meta":{"give_campaign_id":0,"_seopress_robots_primary_cat":"","_seopress_titles_title":"","_seopress_titles_desc":"","_seopress_robots_index":"","_et_pb_use_builder":"","_et_pb_old_content":"","_et_gb_content_width":"","footnotes":""},"categories":[906],"tags":[],"class_list":["post-331078","post","type-post","status-publish","format-standard","hentry","category-focolare-worldwide-2-3"],"_links":{"self":[{"href":"https:\/\/www.focolare.org\/fr\/wp-json\/wp\/v2\/posts\/331078","targetHints":{"allow":["GET"]}}],"collection":[{"href":"https:\/\/www.focolare.org\/fr\/wp-json\/wp\/v2\/posts"}],"about":[{"href":"https:\/\/www.focolare.org\/fr\/wp-json\/wp\/v2\/types\/post"}],"author":[{"embeddable":true,"href":"https:\/\/www.focolare.org\/fr\/wp-json\/wp\/v2\/users\/34"}],"replies":[{"embeddable":true,"href":"https:\/\/www.focolare.org\/fr\/wp-json\/wp\/v2\/comments?post=331078"}],"version-history":[{"count":0,"href":"https:\/\/www.focolare.org\/fr\/wp-json\/wp\/v2\/posts\/331078\/revisions"}],"wp:attachment":[{"href":"https:\/\/www.focolare.org\/fr\/wp-json\/wp\/v2\/media?parent=331078"}],"wp:term":[{"taxonomy":"category","embeddable":true,"href":"https:\/\/www.focolare.org\/fr\/wp-json\/wp\/v2\/categories?post=331078"},{"taxonomy":"post_tag","embeddable":true,"href":"https:\/\/www.focolare.org\/fr\/wp-json\/wp\/v2\/tags?post=331078"}],"curies":[{"name":"wp","href":"https:\/\/api.w.org\/{rel}","templated":true}]}}