{"id":331122,"date":"2016-02-10T05:00:24","date_gmt":"2016-02-10T04:00:24","guid":{"rendered":"https:\/\/www.focolare.org\/mexique-dans-lattente-de-francois\/"},"modified":"2024-05-16T15:14:55","modified_gmt":"2024-05-16T13:14:55","slug":"mexique-dans-lattente-de-francois","status":"publish","type":"post","link":"https:\/\/www.focolare.org\/fr\/mexique-dans-lattente-de-francois\/","title":{"rendered":"Mexique : dans l&rsquo;attente de Fran\u00e7ois"},"content":{"rendered":"<p><img loading=\"lazy\" decoding=\"async\" class=\"alignright wp-image-134503\" src=\"https:\/\/www.focolare.org\/wp-content\/uploads\/2016\/02\/20160210-01.jpg\" alt=\"20160210-01\" width=\"280\" height=\"374\" \/>\u00a0\u00bb<strong>La ville de Mexico, aujourd&rsquo;hui, semble diff\u00e9rente<\/strong>. Il y a un courant d&rsquo;espoir, de vie nouvelle, de joie. Dans la rue, dans les cabines t\u00e9l\u00e9phoniques, dans le m\u00e9tro, sur les panneaux publicitaires des grandes avenues des villes, on annonce l&rsquo;arriv\u00e9e du P\u00e8lerin qui vient de Rome, et qui veut, <em>\u00a0\u00bbcomme<\/em> <em>n&rsquo;importe quel fils , se rapprocher de la M\u00e8re\u00a0\u00bb. <\/em>La tr\u00e8s aim\u00e9e<em> \u00a0\u00bbVirgen de Guadalupe\u00a0\u00bb, <\/em>m\u00e8re de tous les mexicains et Patronne du continent am\u00e9ricain, et pour beaucoup d&rsquo;historiens, v\u00e9ritable artisan de l&rsquo;unit\u00e9 de la nation azt\u00e8que.  <em>\u00a0\u00bbJe vais au Mexique comme un p\u00e8lerin de mis\u00e9ricorde et de paix, je vais rechercher aupr\u00e8s du peuple mexicain quelque chose qu&rsquo;il puisse me donner\u2026.je vais \u00e0 la recherche de la foi que vous avez, je vais essayer de me laisser contaminer par cette richesse de foi\u2026\u00a0\u00bb, <\/em>ce sont l\u00e0 quelques expressions du Pape Fran\u00e7ois dans le <a href=\"http:\/\/youtu.be\/o8Y9VMFmOx0\" target=\"_blank\" rel=\"noopener\">message vid\u00e9o<u> <\/u><\/a>envoy\u00e9 au peuple mexicain. Et le Mexique ne se pr\u00e9pare pas seulement \u00e0 l&rsquo;accueil mat\u00e9riel mais surtout avec le d\u00e9sir de recevoir avec le c\u0153ur, le message de l&rsquo; \u00a0\u00bb\u00e9v\u00eaque de Rome\u00a0\u00bb. Un message d&rsquo;esp\u00e9rance, de mis\u00e9ricorde, de r\u00e9conciliation, de paix, de fraternit\u00e9. On per\u00e7oit une nouvelle attitude vis-\u00e0-vis de cette visite pastorale. Oui, la joie, l&rsquo;\u00e9motion, la f\u00eate, mais aussi le d\u00e9sir de faire silence, d&rsquo;\u00e9couter, de la vivre en profondeur.<em> <\/em>  Le Pape nous rend visite \u00e0 un moment particuli\u00e8rement difficile pour notre pays, touch\u00e9 par la violence, la pauvret\u00e9, la corruption, mais Fran\u00e7ois, dans les messages qu&rsquo;il a d\u00e9j\u00e0 adress\u00e9s au peuple mexicain, a laiss\u00e9 entrevoir qu&rsquo;il vient comme \u00a0\u00bbn&rsquo;importe qui\u00a0\u00bb et qu&rsquo;il interpellera chaque mexicain pour qu&rsquo;il r\u00e9ussisse \u00e0 aller chercher le meilleur de lui-m\u00eame. En lisant entre les lignes, nous pourrions presque dire que sa pr\u00e9sence parmi nous, si nous la vivons bien et que nous savons bien l&rsquo;interpr\u00e9ter, pourra devenir un canalisateur des multiples capacit\u00e9s que poss\u00e8de notre peuple et ainsi, donner un coup de barre radical vers un Mexique plus fraternel.<em> <\/em>  <strong>Les \u00e9tapes du voyage ne laisseront personne indiff\u00e9rent\u00a0<\/strong>: Villes du Mexique, Ecatepec, Chiapas, Morelia, Ciudad Ju\u00e1rez. Le pape parcourra des milliers de kilom\u00e8tres du nord au sud du pays, un parcours qui touchera les points n\u00e9vralgiques de conflits, de souffrances, parfois jusqu&rsquo;\u00e0 des trag\u00e9dies pour lesquelles le Mexique est en train de souffrir. De la grande ville avec son anonymat et ses injustices sociales, au monde indig\u00e8ne marginalis\u00e9, au trafic de stup\u00e9fiants avec toute sa violence, au probl\u00e8me migratoire \u00e0 la fronti\u00e8re du nord du pays. Le parcours choisi et les activit\u00e9s qu&rsquo;il fera lancent un message clair\u00a0: le Pape vient en tant que missionnaire de mis\u00e9ricorde et de paix, en particulier pour ceux qui en ont le plus besoin et il veut s&rsquo;approcher des plaies pr\u00e9sentes dans la nation.  Avec toutes les personnes du <a href=\"https:\/\/www.focolare.org\/fr\/movimento-dei-focolari\/\" target=\"_blank\" rel=\"noopener\">Mouvement des Focolari<\/a> du <a href=\"https:\/\/www.focolare.org\/fr\/focolare-worldwide\/america-nord-e-centrale\/messico\/\" target=\"_blank\" rel=\"noopener\">pays<\/a>, nous nous sommes pr\u00e9par\u00e9s en approfondissant l&rsquo;enseignement de Fran\u00e7ois, en particulier les th\u00e8mes qu&rsquo;il affrontera lors de sa visite\u00a0: les jeunes, les familles, l&rsquo;immigration, le travail, la civilisation aborig\u00e8ne. Nous d\u00e9sirons accueillir son message, le rencontrer et l&rsquo;\u00e9couter l\u00e0 o\u00f9 il ira, aussi dans la rue, lors des multiples parcours qu&rsquo;il effectuera dans sa papamobile ouverte. De plus, nous avons \u00e9t\u00e9 convoqu\u00e9s par la Conf\u00e9rence \u00c9piscopale mexicaine afin de collaborer, ensemble avec d&rsquo;autres mouvements eccl\u00e9siaux, \u00e0 la partie logistique de la visite\u00a0, sp\u00e9cialement pour la ville de Mexico.  <strong>Sois le bienvenu, pape Fran\u00e7ois au Mexique<\/strong>, avec toi, nous voulons \u00eatre missionnaires de mis\u00e9ricorde et de paix\u00a0!\u00a0\u00bb.  De la part de nos correspondants <strong>Anabel<\/strong> et <strong>Raffaele Massolin<\/strong>  Message vid\u00e9o au peuple mexicain\u00a0: <a href=\"http:\/\/youtu.be\/o8Y9VMFmOx0\" target=\"_blank\" rel=\"noopener\">http:\/\/youtu.be\/o8Y9VMFmOx0<\/a>  Lire aussi\u00a0: <a href=\"http:\/\/www.news.va\/es\/news\/el-papa-a-los-mexicanos-voy-a-buscar-a-la-riquez-2\" target=\"_blank\" rel=\"noopener\">http:\/\/www.news.va\/es\/news\/el-papa-a-los-mexicanos-voy-a-buscar-a-la-riquez-2<\/a>  Site officiel\u00a0: <a href=\"http:\/\/papafranciscoenmexico.org\/\" target=\"_blank\" rel=\"noopener\">http:\/\/papafranciscoenmexico.org\/<\/a>  &nbsp;<\/p>\n","protected":false},"excerpt":{"rendered":"<p>Le peuple mexicain se pr\u00e9pare \u00e0 recevoir \u00a0\u00bbles bras ouverts\u00a0\u00bb le Pape  \u00a0\u00bbmissionnaire de la mis\u00e9ricorde et de la paix\u00a0\u00bb du 12 au 18 f\u00e9vrier. La joie des gens.<\/p>\n","protected":false},"author":34,"featured_media":0,"comment_status":"open","ping_status":"open","sticky":false,"template":"","format":"standard","meta":{"give_campaign_id":0,"_seopress_robots_primary_cat":"","_seopress_titles_title":"","_seopress_titles_desc":"","_seopress_robots_index":"","_et_pb_use_builder":"","_et_pb_old_content":"","_et_gb_content_width":"","footnotes":""},"categories":[906],"tags":[],"class_list":["post-331122","post","type-post","status-publish","format-standard","hentry","category-focolare-worldwide-2-3"],"_links":{"self":[{"href":"https:\/\/www.focolare.org\/fr\/wp-json\/wp\/v2\/posts\/331122","targetHints":{"allow":["GET"]}}],"collection":[{"href":"https:\/\/www.focolare.org\/fr\/wp-json\/wp\/v2\/posts"}],"about":[{"href":"https:\/\/www.focolare.org\/fr\/wp-json\/wp\/v2\/types\/post"}],"author":[{"embeddable":true,"href":"https:\/\/www.focolare.org\/fr\/wp-json\/wp\/v2\/users\/34"}],"replies":[{"embeddable":true,"href":"https:\/\/www.focolare.org\/fr\/wp-json\/wp\/v2\/comments?post=331122"}],"version-history":[{"count":0,"href":"https:\/\/www.focolare.org\/fr\/wp-json\/wp\/v2\/posts\/331122\/revisions"}],"wp:attachment":[{"href":"https:\/\/www.focolare.org\/fr\/wp-json\/wp\/v2\/media?parent=331122"}],"wp:term":[{"taxonomy":"category","embeddable":true,"href":"https:\/\/www.focolare.org\/fr\/wp-json\/wp\/v2\/categories?post=331122"},{"taxonomy":"post_tag","embeddable":true,"href":"https:\/\/www.focolare.org\/fr\/wp-json\/wp\/v2\/tags?post=331122"}],"curies":[{"name":"wp","href":"https:\/\/api.w.org\/{rel}","templated":true}]}}