{"id":331126,"date":"2016-02-11T15:50:59","date_gmt":"2016-02-11T14:50:59","guid":{"rendered":"https:\/\/www.focolare.org\/oncity-reseaux-de-lumieres-pour-habiter-la-planete\/"},"modified":"2024-05-16T15:14:57","modified_gmt":"2024-05-16T13:14:57","slug":"oncity-reseaux-de-lumieres-pour-habiter-la-planete","status":"publish","type":"post","link":"https:\/\/www.focolare.org\/fr\/oncity-reseaux-de-lumieres-pour-habiter-la-planete\/","title":{"rendered":"OnCity: r\u00e9seaux de lumi\u00e8res pour habiter la plan\u00e8te"},"content":{"rendered":"<p><strong>Du 1er au 3 avril 2016 aura lieu, au Centre des Congr\u00e8s de Castel Gandolfo (Rome), \u201cOnCity: r\u00e9seaux de lumi\u00e8res pour habiter la plan\u00e8te\u201d<\/strong>, <strong>une rencontre internationale pour le bien commun.<\/strong> Envrion 800 personnes sont attendues, en provenance des cinq continents. Ce Congr\u00e8s est organis\u00e9 par le Mouvement Humanit\u00e9 Nouvelle, par le Mouvement Jeunes pour un Monde Uni et par l\u2019Ong AMU (Action pour un Monde Uni): trois instances du Mouvement des Focolari engag\u00e9es dans la construction d\u2019un monde uni et plus fraternel sur le plan social, entre jeunes et entre g\u00e9n\u00e9rations, entre personnes, communaut\u00e9s et peuples.  L\u2019actualit\u00e9 du moment nous interpelle: attentats, terrorisme, nouvelles discriminations, pauvret\u00e9, \u201cguerres fragment\u00e9es\u201d: nos villes vivent des probl\u00e8mes et des contradictions qui sautent aux yeux de tous, <strong>mais il ne manque pas d\u2019exp\u00e9riences positives, d\u00e9sormais bien confirm\u00e9es<\/strong>, qui montrent la possbilit\u00e9 de travailler, de croire et d\u2019esp\u00e9rer en des villes plus solidaires et plus fraternelles, plus vivables pour tous. C\u2019est sur cette base que prendra forme cet \u00e9v\u00e9nement pr\u00e9vu sur trois journ\u00e9es, une occasion d\u2019approfondir des sujets comme la solidarit\u00e9, la fraternit\u00e9, d\u2019identifier les changements des villes o\u00f9 nous vivons, pour apprendre \u00e0 <strong>faire du dialogue un style de vie<\/strong>, une mani\u00e8re de se rapporter au monde et \u00e0 la r\u00e9alit\u00e9: dans notre monde globalis\u00e9, mais en m\u00eame temps si \u00e9clat\u00e9, ce style de vie m\u00e9rite d\u2019\u00eatre cultiv\u00e9 et diffus\u00e9.  <em>Renseignements et r\u00e9servations<\/em>: <a href=\"http:\/\/oncity2016.net\" target=\"_blank\" rel=\"noopener\">oncity2016.net<\/a> <a href=\"mailto:info@oncity2016.net\" target=\"_blank\" rel=\"noopener\">info@oncity2016.net<\/a> 06\/94792170 Pour t\u00e9l\u00e9charger le flyer: pdf <a href=\"http:\/\/www.umanitanuova.org\/it\/pdf\/italiano\/pensare-la-citta\/244-2016-02-03-volantino-oncity-def.html\" target=\"_blank\" rel=\"noopener\">ONCITY2016- reti di luci per abitare il pianeta<\/a> (14.05 MB)<\/p>\n","protected":false},"excerpt":{"rendered":"<p>Trois jours de travaux en vue de contribuer \u00e0 la r\u00e9flexion et \u00e0 la confrontation autour de quelques grandes questions d\u2019actualit\u00e9.<\/p>\n","protected":false},"author":34,"featured_media":0,"comment_status":"open","ping_status":"open","sticky":false,"template":"","format":"standard","meta":{"give_campaign_id":0,"_seopress_robots_primary_cat":"","_seopress_titles_title":"","_seopress_titles_desc":"","_seopress_robots_index":"","_et_pb_use_builder":"","_et_pb_old_content":"","_et_gb_content_width":"","footnotes":""},"categories":[47],"tags":[],"class_list":["post-331126","post","type-post","status-publish","format-standard","hentry","category-non-classifiee"],"_links":{"self":[{"href":"https:\/\/www.focolare.org\/fr\/wp-json\/wp\/v2\/posts\/331126","targetHints":{"allow":["GET"]}}],"collection":[{"href":"https:\/\/www.focolare.org\/fr\/wp-json\/wp\/v2\/posts"}],"about":[{"href":"https:\/\/www.focolare.org\/fr\/wp-json\/wp\/v2\/types\/post"}],"author":[{"embeddable":true,"href":"https:\/\/www.focolare.org\/fr\/wp-json\/wp\/v2\/users\/34"}],"replies":[{"embeddable":true,"href":"https:\/\/www.focolare.org\/fr\/wp-json\/wp\/v2\/comments?post=331126"}],"version-history":[{"count":0,"href":"https:\/\/www.focolare.org\/fr\/wp-json\/wp\/v2\/posts\/331126\/revisions"}],"wp:attachment":[{"href":"https:\/\/www.focolare.org\/fr\/wp-json\/wp\/v2\/media?parent=331126"}],"wp:term":[{"taxonomy":"category","embeddable":true,"href":"https:\/\/www.focolare.org\/fr\/wp-json\/wp\/v2\/categories?post=331126"},{"taxonomy":"post_tag","embeddable":true,"href":"https:\/\/www.focolare.org\/fr\/wp-json\/wp\/v2\/tags?post=331126"}],"curies":[{"name":"wp","href":"https:\/\/api.w.org\/{rel}","templated":true}]}}