{"id":331188,"date":"2016-03-04T06:00:43","date_gmt":"2016-03-04T05:00:43","guid":{"rendered":"https:\/\/www.focolare.org\/cheikh-khaled-bentounes-je-reve-dune-academie-de-la-paix\/"},"modified":"2024-05-16T15:15:12","modified_gmt":"2024-05-16T13:15:12","slug":"cheikh-khaled-bentounes-je-reve-dune-academie-de-la-paix","status":"publish","type":"post","link":"https:\/\/www.focolare.org\/fr\/cheikh-khaled-bentounes-je-reve-dune-academie-de-la-paix\/","title":{"rendered":"Cheikh Khaled Bentounes: je r\u00eave d\u2019une Acad\u00e9mie de la Paix."},"content":{"rendered":"<p><strong><a href=\"https:\/\/www.focolare.org\/wp-content\/uploads\/2016\/03\/20160304-02.jpg\"><img loading=\"lazy\" decoding=\"async\" class=\"alignright wp-image-135581\" src=\"https:\/\/www.focolare.org\/wp-content\/uploads\/2016\/03\/20160304-02.jpg\" alt=\"20160304-02\" width=\"326\" height=\"303\" \/><\/a>Khaled Bentounes, alg\u00e9rien n\u00e9 en 1949, guide spirituel de la Voie Soufie Al\u00e2wiyya, est un homme de paix.<\/strong> Ayant v\u00e9cu en France d\u00e8s les ann\u00e9es soixante, il est \u00e0 l\u2019origine de nombreuses initiatives originales et de grande envergure : la fondation des scouts musulmans de France, l\u2019Association Terres d\u2019Europe, des colloques internationaux pour un islam de paix, le lancement \u2013 \u00e0 travers l\u2019<a href=\"http:\/\/aisa-ong.org\/\" target=\"_blank\" rel=\"noopener\">Association Internationale Soufie Alaouite<\/a>, fond\u00e9e par lui \u2013 d\u2019une campagne de mobilisation internationale afin que l\u2019ONU institue la journ\u00e9e mondiale du <em>Vivre ensemble<\/em>.  <strong>Le 26 f\u00e9vrier dernier il s\u2019est rendu en visite au Centre International des Focolari<\/strong> et il s\u2019est entretenu avec la pr\u00e9sidente Maria Voce et le copr\u00e9sident Jes\u00fas Mor\u00e1n. Au cours de cette visite il a \u00e9t\u00e9 possible de lui poser quelques questions. La premi\u00e8re, qui s\u2019inscrit \u00e0 la suite de ses nombreuses initiatives de ces derni\u00e8res ann\u00e9es, concerne le pr\u00e9sent. \u00ab Pour r\u00e9pondre rapidement \u00e0 cette question \u00bb &#8211; \u00e0 quoi suis-je entrain de travailler en ce moment ? &#8211; affirme Bentounes, \u00ab je travaille \u00e0 me convertir encore davantage, \u00e0 me convertir \u00e0 la vision d\u2019un monde plus fraternel, plus en harmonie, un monde plus juste ; je travaille \u00e0 l\u2019av\u00e8nement de ce cercle de fraternit\u00e9, que je puisse le voir avant de quitter cette terre, que je puisse voir se r\u00e9aliser ce r\u00eave partag\u00e9 par une grande partie de l\u2019humanit\u00e9. Je ne sais pas si je le verrai, mais j\u2019ai au moins la conviction que j\u2019aurai donn\u00e9 ma contribution \u00bb.  <strong>Quant aux raisons d\u2019esp\u00e9rer, en une p\u00e9riode o\u00f9 la fraternit\u00e9 entre les peuples ne semble plus de mise,<\/strong> Khaled Bentounes les trouve \u201cavant tout dans la richesse de l\u2019h\u00e9ritage spirituel re\u00e7u de mes anc\u00eatres, o\u00f9 la fraternit\u00e9 est incontournable. Quand je consid\u00e8re d\u2019o\u00f9 je viens, je vois un unique fil conducteur, sans interruption aucune. \u00ab Il m\u2019arrive de rencontrer des personnes engag\u00e9es dans la politique ou dans l\u2019\u00e9conomie \u2013 ajoute-t-il \u2013 qui d\u00e9crivent un monde qui va vers des probl\u00e8mes insolubles et je leur dis ce que nous ont dit nos ma\u00eetres : \u00ab Si l\u2019on vous disait que la fin du monde est pour demain, que feriez-vous ? Continuez \u00e0 planter et \u00e0 semer ! Ne vous pr\u00e9occupez pas trop ! \u00bb Il faut donc faire ce que nous devons faire! Plantons et semons l\u2019amour, l\u2019esp\u00e9rance et la fraternit\u00e9, quoi qu\u2019il arrive ! M\u00eame si la fin du monde est pour demain. Tant que nous disposons d\u2019une minute, il faut l\u2019utiliser. Il se peut que demain soit un jour diff\u00e9rent, un mode diff\u00e9rent. Et puis : pers\u00e9v\u00e9rer ! \u00bb.  <strong>Khaled Bentounes, qui en 1986 avait particip\u00e9 \u00e0 la rencontre d\u2019Assise pour la paix avec Jean-Paul II<\/strong> et les responsables religieux du monde entier, conna\u00eet aussi les focolari depuis sa rencontre avec <a href=\"https:\/\/www.focolare.org\/fr\/chiara-lubich\/\" target=\"_blank\" rel=\"noopener\">Chiara Lubich<\/a> au cours des ann\u00e9es quatre-vingt. Une relation qui s\u2019est ensuite poursuivie en France, jusqu\u2019\u00e0 sa r\u00e9cente collaboration en 2015, lors de la remise du prix Chiara Lubich pour la Fraternit\u00e9 \u00e0 l\u2019association\u00a0 <em>Vivre ensemble \u00e0 Cannes<\/em>, dont il est l\u2019un des promoteurs.  <strong><a href=\"https:\/\/www.focolare.org\/wp-content\/uploads\/2016\/03\/20160304-01.jpg\"><img loading=\"lazy\" decoding=\"async\" class=\"alignleft wp-image-135578\" src=\"https:\/\/www.focolare.org\/wp-content\/uploads\/2016\/03\/20160304-01.jpg\" alt=\"20160304-01\" width=\"420\" height=\"280\" \/><\/a><\/strong><strong>Quelle relation aujourd\u2019hui avec les <\/strong><a href=\"https:\/\/www.focolare.org\/fr\/chi-siamo\/\" target=\"_blank\" rel=\"noopener\">Focolari <\/a><strong>? Quelles convergences spirituelles?<\/strong> \u00ab Je pense que le temps \u2013 affirme le cheik \u2013 a fait m\u00fbrir cette relation et que la rencontre d\u2019aujourd\u2019hui est aussi le fruit du pass\u00e9. Cette amiti\u00e9 est rest\u00e9e constante. Ma pr\u00e9sence aujourd\u2019hui au Centre International et ma rencontre avec la pr\u00e9sidente Maria Voce et le copr\u00e9sident confirment cette continuit\u00e9. Nous avons parl\u00e9 de confiance r\u00e9ciproque, du projet de porter une vision plus fraternelle au monde qui nous entoure, de la fa\u00e7on dont les mouvements spirituels de tradition chr\u00e9tienne et de tradition musulmane peuvent agir pour donner leur t\u00e9moignage \u00e0 ceux qui d\u00e9sirent les \u00e9couter. Nous ne pr\u00e9tendons pas changer le monde seuls, mais c\u2019est un fait : il y a certainement entre les diverses traditions religieuses des liens \u00e0 consolider, pour cheminer ensemble vers un avenir commun qui se construit l\u2019un avec l\u2019autre et non pas l\u2019un contre l\u2019autre \u00bb.  <strong>L\u2019interview se termine par le partage d\u2019un r\u00eave<\/strong> : \u00ab Il existe des acad\u00e9mies des sciences, des math\u00e9matiques, de musique, de philosophie, des arm\u00e9es \u2013 nous confie Khaled Bentounes \u2013 mais il n\u2019y a pas d\u2019acad\u00e9mies de la paix. Pourquoi ? L\u2019engagement spirituel ne suffit pas. Nous avons besoin de l\u2019enseigner. La paix n\u2019est pas quelque chose qui descend du ciel, c\u2019est une r\u00e9alit\u00e9 autour de laquelle on \u00ab travaille \u00bb. C\u2019est un \u00e9tat existentiel, une vision du monde, une fa\u00e7on d\u2019\u00eatre. Il y a la paix \u00e9conomique, la paix sociale, la paix politique. La paix concerne tous les domaines. L\u2019\u00e9cologie est une forme de paix avec la nature. \u00bb. \u00ab Il faut apprendre comment faire la paix \u2013 continue-t-il \u2013 C\u2019est un projet qui me tient \u00e0 c\u0153ur ! Comment lier la paix et l\u2019art, la paix et l\u2019architecture ? La paix peut-elle \u00eatre transmise \u00e0 travers l\u2019art aux futures g\u00e9n\u00e9rations ? Comment peut-on, \u00e0 travers une \u00e9conomie solidaire, cr\u00e9er le partage des savoirs, de la richesse, de mani\u00e8re juste, au-del\u00e0 les Pays ? Il s\u2019agit l\u00e0 d\u2019un chantier sacrosaint ! Cette acad\u00e9mie n\u2019est pas un mot, c\u2019est un travail concret qui doit accompagner nos actions dans tous les domaines \u00bb.\u00ab C\u2019est cela, je pense, \u2013 conclut-il \u2013 notre spiritualit\u00e9, qui nourrit la conscience pour aller plus loin et faire participer tout le monde \u00bb.  <a href=\"https:\/\/www.focolare.org\/wp-content\/uploads\/2016\/03\/20160226-interview-Cheikh-Bentounes2.pdf\" target=\"_blank\" rel=\"noopener\">Lire l&rsquo;interview int\u00e9grale<\/a><\/p>\n","protected":false},"excerpt":{"rendered":"<p>En visite au Centre International des Focolari le cheikh d\u2019origine alg\u00e9rienne, guide spirituel de milliers de personnes<\/p>\n","protected":false},"author":34,"featured_media":0,"comment_status":"open","ping_status":"open","sticky":false,"template":"","format":"standard","meta":{"give_campaign_id":0,"_seopress_robots_primary_cat":"","_seopress_titles_title":"","_seopress_titles_desc":"","_seopress_robots_index":"","_et_pb_use_builder":"","_et_pb_old_content":"","_et_gb_content_width":"","footnotes":""},"categories":[47],"tags":[],"class_list":["post-331188","post","type-post","status-publish","format-standard","hentry","category-non-classifiee"],"_links":{"self":[{"href":"https:\/\/www.focolare.org\/fr\/wp-json\/wp\/v2\/posts\/331188","targetHints":{"allow":["GET"]}}],"collection":[{"href":"https:\/\/www.focolare.org\/fr\/wp-json\/wp\/v2\/posts"}],"about":[{"href":"https:\/\/www.focolare.org\/fr\/wp-json\/wp\/v2\/types\/post"}],"author":[{"embeddable":true,"href":"https:\/\/www.focolare.org\/fr\/wp-json\/wp\/v2\/users\/34"}],"replies":[{"embeddable":true,"href":"https:\/\/www.focolare.org\/fr\/wp-json\/wp\/v2\/comments?post=331188"}],"version-history":[{"count":0,"href":"https:\/\/www.focolare.org\/fr\/wp-json\/wp\/v2\/posts\/331188\/revisions"}],"wp:attachment":[{"href":"https:\/\/www.focolare.org\/fr\/wp-json\/wp\/v2\/media?parent=331188"}],"wp:term":[{"taxonomy":"category","embeddable":true,"href":"https:\/\/www.focolare.org\/fr\/wp-json\/wp\/v2\/categories?post=331188"},{"taxonomy":"post_tag","embeddable":true,"href":"https:\/\/www.focolare.org\/fr\/wp-json\/wp\/v2\/tags?post=331188"}],"curies":[{"name":"wp","href":"https:\/\/api.w.org\/{rel}","templated":true}]}}