{"id":331242,"date":"2016-03-20T05:00:35","date_gmt":"2016-03-20T04:00:35","guid":{"rendered":"https:\/\/www.focolare.org\/maria-voce-la-culture-du-dialogue-comme-facteur-de-paix\/"},"modified":"2024-05-16T15:15:22","modified_gmt":"2024-05-16T13:15:22","slug":"maria-voce-la-culture-du-dialogue-comme-facteur-de-paix","status":"publish","type":"post","link":"https:\/\/www.focolare.org\/fr\/maria-voce-la-culture-du-dialogue-comme-facteur-de-paix\/","title":{"rendered":"Maria Voce : la culture du dialogue comme facteur de paix"},"content":{"rendered":"<p><img loading=\"lazy\" decoding=\"async\" class=\"alignleft\" src=\"https:\/\/www.focolare.org\/wp-content\/uploads\/2016\/03\/MariaVoce_12.3.206.jpg\" alt=\"\" width=\"218\" height=\"327\" \/>\u00abLe d\u00e9sir qui nous anime n\u2019est pas celui de se souvenir mais de relire ensemble, 20 ans apr\u00e8s, <strong>les contenus et la m\u00e9thode que Chiara Lubich exposa \u00e0 l\u2019UNESCO le 17\u00a0d\u00e9cembre 1996<\/strong> sur un objectif important, comme jamais en ce moment, pour les relations internationales\u00a0: l\u2019\u00e9ducation \u00e0 la paix. \u00c0 cette occasion, l\u2019UNESCO avait remis \u00e0 la fondatrice du mouvement des Focolari le prix sp\u00e9cial qui s\u2019adresse \u00e0 ceux qui, par leurs \u0153uvres, contribuent \u00e0 cr\u00e9er les voies et les conditions pour que la paix devienne une r\u00e9alit\u00e9\u00bb. C\u2019est ce que rappelle la pr\u00e9sidente des Focolari, Maria Voce, dans son intervention\u00a0; le 12 mars dernier \u00e0 Castel Gandolfo, au cours de l\u2019<a href=\"https:\/\/www.focolare.org\/fr\/news\/2016\/03\/13\/un-intreccio-di-voci-per-la-pace\/\">apr\u00e8s-midi \u00a0consacr\u00e9 \u00e0 Chiara Lubich et \u00e0 la paix<\/a>, en pr\u00e9sence d\u2019ambassadeurs, de repr\u00e9sentants de la culture et du monde \u0153cum\u00e9nique.  \u00abEn consid\u00e9rant la vie actuelle, cet \u00e9pisode appara\u00eet de grande actualit\u00e9\u00a0: qui y a-t-il de plus important que l\u2019\u00e9ducation pour parvenir \u00e0 cet objectif\u00a0?  L\u2019actualit\u00e9 dominante, celle qui s\u2019impose tous les jours \u00e0 nos yeux, nous offre des images de paix viol\u00e9e, souvent ridiculis\u00e9e. Nous avons presque l\u2019impression que depuis la r\u00e9alit\u00e9 des individus jusqu\u2019\u00e0 la dimension internationale, le fait de \u00ab\u00a0vivre en paix\u00a0\u00bb n\u2019appartient pas aux g\u00e9n\u00e9rations du Troisi\u00e8me Mill\u00e9naire. Pourtant, combien de fois invoquons-nous la paix ou cherchons-nous \u00e0 renouer le fil rompu dans les relations entre les personnes, entre les peuples, entre les \u00c9tats\u00a0?  Nous ne pouvons nier que l\u2019on parvient plus facilement \u00e0 \u00e9riger des barri\u00e8res, pensant sans doute qu\u2019elles peuvent nous d\u00e9fendre, au lieu d\u2019\u0153uvrer pour construire l\u2019unit\u00e9 dans les relations, entre les id\u00e9es en politique, dans l\u2019\u00e9conomie, entre des visions religieuses de la vie. Et la paix nous \u00e9chappe. Elle s\u2019\u00e9loigne.  Au si\u00e8ge de l\u2019UNESCO, Chiara offrait une <strong><u>m\u00e9thode<\/u><\/strong> d\u2019\u00e9ducation \u00e0 la paix\u00a0: la <em>spiritualit\u00e9 de l\u2019unit\u00e9. C\u2019<\/em>est un nouveau style de vie en mesure de surmonter les divisions entre les personnes, entre les communaut\u00e9s\u00a0et entre les peuples, par cons\u00e9quent capable de contribuer \u00e0 retrouver la paix ou \u00e0 la consolider.  <img loading=\"lazy\" decoding=\"async\" class=\"ngg-singlepic ngg-none alignright\" src=\"https:\/\/www.focolare.org\/wp-content\/blogs.dir\/1\/files\/event-anniversario-chiara-2016\/MG_2370.JPG\" alt=\"_MG_2370\" width=\"361\" height=\"240\" \/>Cette spiritualit\u00e9 est v\u00e9cue par des personnes provenant d\u2019exp\u00e9riences et de conditions diverses\u00a0: chr\u00e9tiens de diff\u00e9rentes \u00c9glises, croyants de diverses religions, et personnes de cultures diff\u00e9rentes, tous anim\u00e9s du d\u00e9sir de faire de l\u2019humanit\u00e9 une seule famille. Ils sont conscients de devoir affronter des probl\u00e8mes et des situations qui se pr\u00e9sentent tous les jours \u00e0 tous les niveaux et dans tous les domaines. Ils sont tendus \u00e0 \u00eatre, au moins l\u00e0 o\u00f9 ils sont \u2013 je cite Chiara \u2013 \u00ab\u00a0<em>semences d\u2019un peuple nouveau, d\u2019un monde de paix plus solidaire des plus petits et des plus pauvres, d\u2019un monde plus uni\u00a0\u00bb<\/em> (<em>Discours de Chiara Lubich \u00e0 l\u2019Unesco<\/em>, 17.12.1996), o\u00f9 il est possible non seulement de dire que nous sommes fr\u00e8res mais aussi de l\u2019\u00eatre.  Si la m\u00e9thode est celle-ci, quel est le \u00ab\u00a0<strong><u>secret<\/u><\/strong> de sa r\u00e9ussite\u00a0\u00bb\u00a0? C\u2019est un secret que Chiara d\u00e9finit l\u2019<em>art d\u2019aimer<\/em>, \u00e0 savoir \u00ab\u00a0<em>que cela nous demande d\u2019aimer en premier, sans attendre que l\u2019autre nous aime. Cela signifie aussi savoir \u00ab\u00a0se faire un\u00a0\u00bb avec les autres, c\u2019est-\u00e0-dire assumer leurs fardeaux, leurs pr\u00e9occupations, leurs souffrances et leurs joies. Si cet amour est v\u00e9cu par plusieurs personnes, il devient r\u00e9ciproque\u00a0\u00bb<a href=\"#_ftn1\" name=\"_ftnref1\"><sup><strong><sup>[1]<\/sup><\/strong><\/sup><\/a>. <\/em>R\u00e9ciprocit\u00e9\u00a0: un mot qui a un grand poids dans les relations internationales mais qui se limite souvent \u00e0 garantir la tr\u00eave dans les conflits et non \u00e0 les pr\u00e9venir ou \u00e0 les r\u00e9soudre.  <strong>Ceux qui ont des responsabilit\u00e9s et des fonctions importantes au niveau international <\/strong>savent combien les n\u00e9gociations sont difficiles, combien d\u2019obstacles ils rencontrent pour parvenir \u00e0 des accords satisfaisants pour chacune des parties [en pr\u00e9sence]. Faire de l\u2019amour un instrument de n\u00e9gociation concernant le grand objectif de la paix, serait utile pour sentir que nous faisons partie de la m\u00eame famille, pour vivre cette dimension authentique de la fraternit\u00e9 sans la restreindre \u00e0 la seule cohabitation mais en la rendant ouverte aux exigences des plus faibles, des derniers, de ceux qui sont exclus de la dynamique de la politique ou d\u2019une \u00e9conomie dont le profit est la seule loi.  <strong>Aimer donc, c\u2019est \u0153uvrer <em>pour l\u2019autre et avec l\u2019autre<\/em>\u00a0<\/strong>; c\u2019est contribuer \u00e0 surmonter les barri\u00e8res dress\u00e9es par des int\u00e9r\u00eats oppos\u00e9s, par le d\u00e9sir de manifester sa puissance, par les in\u00e9galit\u00e9s au niveau du d\u00e9veloppement, par l\u2019impossibilit\u00e9 d\u2019acc\u00e9der au march\u00e9 ou \u00e0 la technologie \u00bb.  Pour parler d\u2019\u00e9ducation \u00e0 la paix, nous nous trouvons face au grand <strong><u>d\u00e9fi<\/u><\/strong> de conjuguer une m\u00e9thode &#8211; celle de l\u2019unit\u00e9 fruit de l\u2019amour r\u00e9ciproque -, avec la fragmentation qui atteint d\u00e9sormais tous les domaines de notre quotidien.  <strong>Chiara Lubich en \u00e9tait bien consciente<\/strong>\u00a0; c\u2019est pour cette raison qu\u2019elle offrit aux Repr\u00e9sentants des \u00c9tats membres de l\u2019UNESCO, cette cl\u00e9 de vo\u00fbte, une <em>bonne pratique<\/em> selon le langage utilis\u00e9 dans les relations internationales. Elle disait en effet\u00a0:  <em>\u00ab\u00a0On ne fait rien de bon, d\u2019utile et de f\u00e9cond en ce monde si l\u2019on ne conna\u00eet pas, si l\u2019on ne sait pas accepter la peine, la souffrance, en un mot\u00a0: la croix\u00a0\u00bb (Ibid.<\/em>). L\u2019engagement pour la paix est difficile \u00e0 r\u00e9aliser si l\u2019on n\u2019est pas pr\u00eat \u00e0 perdre certitudes et confort, \u00e0 s\u2019aventurer sur des voies nouvelles, inexplor\u00e9es\u00a0; en devenant cr\u00e9atifs sans improviser\u00a0; en \u00e9coutant la voix de ceux qui demandent un avenir de paix et en individualisant les lieux o\u00f9 \u00e9mergent les possibilit\u00e9s de r\u00e9aliser cet engagement. [\u2026]  Il y a vingt ans, \u00e0 l\u2019UNESCO, Chiara indiquait l\u2019amour comme <em>\u00ab\u00a0l\u2019arme la plus puissante pour donner \u00e0 l\u2019humanit\u00e9 une tr\u00e8s grande dignit\u00e9\u00a0: celle d\u2019\u00eatre non pas un ensemble de peuples plac\u00e9s les uns \u00e0 c\u00f4t\u00e9 des autres, mais un seul peuple, une famille.\u00a0\u00bb<\/em> (<em>Ibid.<\/em>).  Aujourd\u2019hui encore, bien que nous sommes face \u00e0 des difficult\u00e9s multiples qui reviennent sans cesse, c\u2019est cet id\u00e9al que nous voulons r\u00e9aliser gr\u00e2ce \u00e0 l\u2019apport de tous\u00a0\u00bb.<\/p>\n","protected":false},"excerpt":{"rendered":"<p>Le 14 mars dernier, dans le monde, de nombreux \u00e9v\u00e9nements ont c\u00e9l\u00e9br\u00e9 le 8\u00b0 anniversaire de la mort de Chiara Lubich. Il a \u00e9t\u00e9 fait m\u00e9moire d\u2019elle sous l\u2019aspect de sa contribution \u00e0 la construction de la paix. Les paroles de la pr\u00e9sidente des Focolari.<\/p>\n","protected":false},"author":34,"featured_media":0,"comment_status":"open","ping_status":"open","sticky":false,"template":"","format":"standard","meta":{"give_campaign_id":0,"_seopress_robots_primary_cat":"","_seopress_titles_title":"","_seopress_titles_desc":"","_seopress_robots_index":"","_et_pb_use_builder":"","_et_pb_old_content":"","_et_gb_content_width":"","footnotes":""},"categories":[47],"tags":[],"class_list":["post-331242","post","type-post","status-publish","format-standard","hentry","category-non-classifiee"],"_links":{"self":[{"href":"https:\/\/www.focolare.org\/fr\/wp-json\/wp\/v2\/posts\/331242","targetHints":{"allow":["GET"]}}],"collection":[{"href":"https:\/\/www.focolare.org\/fr\/wp-json\/wp\/v2\/posts"}],"about":[{"href":"https:\/\/www.focolare.org\/fr\/wp-json\/wp\/v2\/types\/post"}],"author":[{"embeddable":true,"href":"https:\/\/www.focolare.org\/fr\/wp-json\/wp\/v2\/users\/34"}],"replies":[{"embeddable":true,"href":"https:\/\/www.focolare.org\/fr\/wp-json\/wp\/v2\/comments?post=331242"}],"version-history":[{"count":0,"href":"https:\/\/www.focolare.org\/fr\/wp-json\/wp\/v2\/posts\/331242\/revisions"}],"wp:attachment":[{"href":"https:\/\/www.focolare.org\/fr\/wp-json\/wp\/v2\/media?parent=331242"}],"wp:term":[{"taxonomy":"category","embeddable":true,"href":"https:\/\/www.focolare.org\/fr\/wp-json\/wp\/v2\/categories?post=331242"},{"taxonomy":"post_tag","embeddable":true,"href":"https:\/\/www.focolare.org\/fr\/wp-json\/wp\/v2\/tags?post=331242"}],"curies":[{"name":"wp","href":"https:\/\/api.w.org\/{rel}","templated":true}]}}