{"id":331328,"date":"2016-04-17T03:00:06","date_gmt":"2016-04-17T01:00:06","guid":{"rendered":"https:\/\/www.focolare.org\/letreinte-de-francois-bartolome-et-jerome-aux-migrants\/"},"modified":"2024-05-16T15:15:42","modified_gmt":"2024-05-16T13:15:42","slug":"letreinte-de-francois-bartolome-et-jerome-aux-migrants","status":"publish","type":"post","link":"https:\/\/www.focolare.org\/fr\/letreinte-de-francois-bartolome-et-jerome-aux-migrants\/","title":{"rendered":"L&rsquo;\u00e9treinte de Fran\u00e7ois, Bartolom\u00e9 et J\u00e9r\u00f4me aux migrants."},"content":{"rendered":"<p><strong><img loading=\"lazy\" decoding=\"async\" class=\"wp-image-137370 alignleft\" src=\"https:\/\/www.focolare.org\/wp-content\/uploads\/2016\/04\/20160417-01.jpg\" alt=\"Papa Francesco visita il campo dei rifugiati a Moria, in Mytilene, Lesbo, 16 aprile 2016\" width=\"368\" height=\"245\" \/>\u0152cum\u00e9nisme v\u00e9cu, avec une souffrance port\u00e9e ensemble\u00a0: <\/strong>celle de la trag\u00e9die humanitaire la plus grande apr\u00e8s la seconde guerre mondiale, comme a \u00e9t\u00e9 d\u00e9finie la crise des migrants par le pape Fran\u00e7ois en parlant avec les journalistes lors du vol aller. Un voyage, celui du 16 avril sur l&rsquo; ile grecque de Lesbos, marqu\u00e9e par la tristesse. Apr\u00e8s l&rsquo;accord UE- Turquie, le camp de r\u00e9fugi\u00e9s du Moria semble \u00eatre devenu un camp de d\u00e9tention, entre les protestations et le d\u00e9saccord des organisations humanitaires. Et, dans les bras du pape Fran\u00e7ois, du patriarche \u0153cum\u00e9nique de Constantinople Bartolom\u00e9, de J\u00e9r\u00f4me, l&rsquo;archev\u00eaque orthodoxe d&rsquo;Ath\u00e8nes et de toute la Gr\u00e8ce, les marginaux de l&rsquo;histoire, les rejet\u00e9s des d\u00e9cisions politiques, deviennent le centre du monde. \u00ab\u00a0Celui qui a peur de vous ne vous a pas regard\u00e9s dans les yeux\u00a0\u00bb, affirme avec force Bartolom\u00e9. \u00ab\u00a0Ne perdez pas l&rsquo;esp\u00e9rance\u00a0!\u00a0\u00bb est le message que le pape Fran\u00e7ois souhaite laisser aux r\u00e9fugi\u00e9s, \u00ab\u00a0Le plus grand cadeau que nous puissions nous offrir r\u00e9ciproquement est l&rsquo;amour\u00a0: un regard mis\u00e9ricordieux, le souci de vouloir s&rsquo;\u00e9couter et se comprendre, une parole d&rsquo;encouragement, une pri\u00e8re\u00a0\u00bb.  <a href=\"https:\/\/s.yimg.com\/ny\/api\/res\/1.2\/xoX0ahS2_AdOMKcEMZvFPA--\/YXBwaWQ9aGlnaGxhbmRlcjtzbT0xO3c9ODAwO2lsPXBsYW5l\/http:\/\/media.zenfs.com\/en_us\/News\/ap_webfeeds\/d7fd26b662043c13960f6a7067008766.jpg\"><img loading=\"lazy\" decoding=\"async\" class=\"alignright wp-image-137383\" src=\"https:\/\/www.focolare.org\/wp-content\/uploads\/2016\/04\/20160417-05.jpg\" alt=\"Yahoo.com\" width=\"368\" height=\"246\" \/><\/a> <\/p>\n<p style=\"text-align: left\"><strong>Reconnaissance pour le peuple grec<\/strong>, exprim\u00e9e avec diff\u00e9rentes nuances par les trois leaders religieux\u00a0: dans un moment de grande difficult\u00e9 \u00e0 cause de la grave crise \u00e9conomique, les gens r\u00e9ussissent \u00e0 trouver les ressources pour ouvrir les bras et le c\u0153ur \u00e0 celui qui est en fuite vers un futur\u00a0; il en est ainsi des nombreux volontaires qui sont venus de tous les coins d&rsquo;Europe et du monde. Pauline, originaire de l&rsquo;Afrique du Sud, de la communaut\u00e9 des Focolari, vit depuis des ann\u00e9es entre Ath\u00e8nes et Lesbos. Plus d&rsquo;une fois, elle a assist\u00e9 aux d\u00e9barquements et a secouru les r\u00e9fugi\u00e9s\u00a0: \u00ab\u00a0Le Pape a donn\u00e9 aussi un message politique \u00e0 propos de l&rsquo;ouverture des fronti\u00e8res. Je me demande pourquoi il n&rsquo;est pas all\u00e9 \u00e0 Idomeni. Peut-\u00eatre cela aurait-il \u00e9t\u00e9 un geste politique trop explicite\u00a0\u00bb.\u00a0 Chiara, de l&rsquo;association Pape Jean XXIII\u00a0:\u00a0\u00ab\u00a0Il a dit ce que je sens depuis longtemps\u00a0: arr\u00eatons de classifier ces gens seulement comme &lsquo;r\u00e9fugi\u00e9s&rsquo;, comme des num\u00e9ros. C&rsquo;est l&rsquo;heure des contacts personnels, de conna\u00eetre les histoires\u00a0\u00bb\u00a0; tandis qu&rsquo; Eugenio, du Corps Italien de Secours de l&rsquo;Ordre de Malte, d\u00e9clare\u00a0:\u00a0\u00ab\u00a0J&rsquo;ai \u00e9t\u00e9 \u00e9mu lorsqu&rsquo;il a parl\u00e9 des enfants morts dans la mer, parce que j&rsquo;ai moi-m\u00eame vu ces sc\u00e8nes. J&rsquo;ai pu lui serrer la main et j&rsquo;ai re\u00e7u de la force pour mon travail\u00a0\u00bb. Cristina est catholique et ses grands-parents ont fui comme r\u00e9fugi\u00e9s, de la Turquie \u00e0 Losbos\u00a0: \u00ab\u00a0Cela a \u00e9t\u00e9 un \u00e9v\u00e9nement historique, impensable pour cette ile. Cela me semble \u00eatre un r\u00eave\u00a0\u00bb.<\/p>\n<p> <strong>Le P\u00e8re Maurice, coordinateur du JRS (Jesuit Refugee Service) en Gr\u00e8ce, d\u00e9clare\u00a0<\/strong>: \u00ab\u00a0Tout a \u00e9t\u00e9 important\u00a0: les paroles, les gestes, le silence. Tout parlait de soi. Le moment le plus fort, dans les \u00a0\u00bbcarcere (prisons)\u00a0\u00bb\u00a0: le contact personnel du Pape avec chacun\u00a0\u00bb. \u00ab\u00a0Un message commun a \u00e9t\u00e9 envoy\u00e9 aux r\u00e9fugi\u00e9s \u2013 affirme encore le religieux, engag\u00e9 en premi\u00e8re ligne pour l&rsquo;accueil \u2013\u00a0 Ils sont en majorit\u00e9 d&rsquo;origine ou de foi musulmane. Ils d\u00e9couvrent une terre dont les racines sont chr\u00e9tiennes. Il est donc important qu&rsquo;ils voient l&rsquo;unit\u00e9 des leaders chr\u00e9tiens et le rapprochement que ceux-ci d\u00e9sirent leur t\u00e9moigner\u00a0\u00bb. <strong>\u00ab\u00a0\u00c9mouvant. C&rsquo;est tr\u00e8s important du point de vue \u0153cum\u00e9nique et<\/strong> <strong>politique,<\/strong> pour la rencontre avec le premier ministre, Alexis Tsipras\u00a0\u00bb, commente Vasileios Meichanetsidis, de Apostoli, une ong de l\u2019\u00c9glise orthodoxe. \u00ab\u00a0Le Pape a reconnu tout ce que les Grecs ont fait, et les Grecs l&rsquo;ont accueilli avec joie\u00a0\u00bb.  <strong><img loading=\"lazy\" decoding=\"async\" class=\"alignleft wp-image-137379\" src=\"https:\/\/www.focolare.org\/wp-content\/uploads\/2016\/04\/img20160416134142571224f689f6f_topo2.png\" alt=\"img20160416134142571224f689f6f_topo2\" width=\"369\" height=\"222\" \/>\u00ab\u00a0Nous sommes tous des migrants\u00a0\u00bb<\/strong> a affirm\u00e9 encore Fran\u00e7ois dans la pri\u00e8re au port de Lesbos, o\u00f9, comme \u00e0 Lampedusa en 2013, il a jet\u00e9, en souvenir des morts dans la M\u00e9diterran\u00e9e, une couronne de fleurs, dans ce qui a \u00e9t\u00e9 plus d&rsquo;une fois d\u00e9fini comme \u00e9tant un cimeti\u00e8re.  Quelles attentes pour le monde politique\u00a0? \u00ab\u00a0Il s&rsquo;agit d&rsquo;un suppl\u00e9mentaire et fort appel avant tout \u00e0 l&rsquo;Europe, de consid\u00e9rer la question des migrations et des r\u00e9fugi\u00e9s non seulement en termes de politique interne et d&rsquo;urgence mais comme un nouveau front sur lequel on joue le m\u00eame avenir du continent , et sa cr\u00e9dibilit\u00e9 dans la coh\u00e9rence entre les principes et les les politiques concr\u00e8tes\u00a0\u00bb, d\u00e9clare Pasquale Ferrara , auteur du r\u00e9cent volume \u00a0\u00bble monde de Fran\u00e7ois. Bergoglio et la politique internationale\u00a0\u00bb, et membre de l\u2019\u00c9cole Abba pour les Sciences politiques. Ferrara est entre autres Consul d&rsquo;Italie \u00e0 Ath\u00e8nes.  \u00ab\u00a0Le Pape, en se rendant l\u00e0, n&rsquo;a pas fait une visite humanitaire, mais a soulign\u00e9 cette dimension profonde\u00a0\u00bb, continue Ferrara. \u00ab\u00a0Et qu&rsquo;il l&rsquo;ait fait d&rsquo;une mani\u00e8re \u0153cum\u00e9nique repr\u00e9sente un signal encore plus fort\u00a0: presque pour dire, la politique ne r\u00e9ussit pas \u00e0 r\u00e9soudre ce sujet, nous nous mettons dans le jeu, non dans des termes de substitution mais pour souligner que cela soit un point prioritaire dans l&rsquo;agenda politique mondial. Le fait que les r\u00e9fugi\u00e9s emmen\u00e9s au Vatican sont tous musulmans, souligne que l&rsquo;on ne prot\u00e8ge pas seulement les chr\u00e9tiens pers\u00e9cut\u00e9s, objet d&rsquo;extermination de la part de l&rsquo;Isis. Ce n&rsquo;est pas un probl\u00e8me de religion, mais de mettre fin \u00e0 la guerre, \u00e0 toutes les guerres\u00a0\u00bb.  &nbsp;  <u>D\u00e9claration commune<\/u>  &nbsp;  &nbsp;  <em>Maria Chiara De Lorenzo<\/em>  <strong>\u00a0<\/strong>  &nbsp;  <em>\u00a0<\/em>  &nbsp;<\/p>\n","protected":false},"excerpt":{"rendered":"<p>Solidarit\u00e9, esp\u00e9rance, amour comme don r\u00e9ciproque, ce sont les paroles fortes qui r\u00e9sonnent depuis Lesbos sur la mer \u00c9g\u00e9e. Avec une vive condamnation pour toute fermeture des fronti\u00e8res, g\u00e9ographiques et du coeur. 12 r\u00e9fugi\u00e9s repartent \u00e0 Rome, avec le Pape Fran\u00e7ois.<\/p>\n","protected":false},"author":34,"featured_media":0,"comment_status":"open","ping_status":"open","sticky":false,"template":"","format":"standard","meta":{"give_campaign_id":0,"_seopress_robots_primary_cat":"","_seopress_titles_title":"","_seopress_titles_desc":"","_seopress_robots_index":"","_et_pb_use_builder":"","_et_pb_old_content":"","_et_gb_content_width":"","footnotes":""},"categories":[906],"tags":[],"class_list":["post-331328","post","type-post","status-publish","format-standard","hentry","category-focolare-worldwide-2-3"],"_links":{"self":[{"href":"https:\/\/www.focolare.org\/fr\/wp-json\/wp\/v2\/posts\/331328","targetHints":{"allow":["GET"]}}],"collection":[{"href":"https:\/\/www.focolare.org\/fr\/wp-json\/wp\/v2\/posts"}],"about":[{"href":"https:\/\/www.focolare.org\/fr\/wp-json\/wp\/v2\/types\/post"}],"author":[{"embeddable":true,"href":"https:\/\/www.focolare.org\/fr\/wp-json\/wp\/v2\/users\/34"}],"replies":[{"embeddable":true,"href":"https:\/\/www.focolare.org\/fr\/wp-json\/wp\/v2\/comments?post=331328"}],"version-history":[{"count":0,"href":"https:\/\/www.focolare.org\/fr\/wp-json\/wp\/v2\/posts\/331328\/revisions"}],"wp:attachment":[{"href":"https:\/\/www.focolare.org\/fr\/wp-json\/wp\/v2\/media?parent=331328"}],"wp:term":[{"taxonomy":"category","embeddable":true,"href":"https:\/\/www.focolare.org\/fr\/wp-json\/wp\/v2\/categories?post=331328"},{"taxonomy":"post_tag","embeddable":true,"href":"https:\/\/www.focolare.org\/fr\/wp-json\/wp\/v2\/tags?post=331328"}],"curies":[{"name":"wp","href":"https:\/\/api.w.org\/{rel}","templated":true}]}}