{"id":331332,"date":"2016-04-18T08:22:56","date_gmt":"2016-04-18T06:22:56","guid":{"rendered":"https:\/\/www.focolare.org\/urgence-en-equateur-et-au-japon\/"},"modified":"2024-05-16T15:15:42","modified_gmt":"2024-05-16T13:15:42","slug":"urgence-en-equateur-et-au-japon","status":"publish","type":"post","link":"https:\/\/www.focolare.org\/fr\/urgence-en-equateur-et-au-japon\/","title":{"rendered":"Urgence en \u00c9quateur et au Japon"},"content":{"rendered":"<p><img loading=\"lazy\" decoding=\"async\" class=\"wp-image-137410 alignleft\" src=\"https:\/\/www.focolare.org\/wp-content\/uploads\/2016\/04\/Ecuador__Jose_Jacomor_EEE_EEP1.jpg\" alt=\"Ecuador__Jose_Jacomor_EEE_EEP\" width=\"386\" height=\"217\" \/>\u00ab\u00a0Notre pays a \u00e9t\u00e9 frapp\u00e9 par un <a href=\"http:\/\/cnt.rm.ingv.it\/event\/6608411\" target=\"_blank\" rel=\"noopener\">fort tremblement<\/a> de terre de magnitude 7,8 sur l\u2019\u00e9chelle de Richter dont l\u2019\u00e9picentre se trouvait dans les zones c\u00f4ti\u00e8res. Il a \u00e9t\u00e9 ressenti dans tout l\u2019\u00c9quateur, mais aussi dans quelques r\u00e9gions de la Colombie et le nord du P\u00e9rou, \u00e9crivent Ardita et Fabian de la communaut\u00e9 des Focolari de Quito au lendemain du s\u00e9isme. La situation est critique, surtout dans certaines villes d\u00e9truites\u00a0\u00bb.  \u201c La solidarit\u00e9 des gens se manifeste de mani\u00e8re ponctuelle et concr\u00e8te\u00a0: des personnes ont risqu\u00e9 leur propre vie pour autrui, il y a les nombreux t\u00e9moignages de ceux qui ont perdu un des leurs\u00a0; mais au milieu de la souffrance, la foi en Dieu de nos peuples se fait vraiment sentir\u00a0; c\u2019est \u00e9mouvant, et cela nous encourage \u00e0 croire davantage \u00e0 Son amour\u00a0\u00bb.  Afin de r\u00e9pondre \u00e0 l&rsquo;urgence de la situation\u00a0 le <a href=\"https:\/\/www.focolare.org\/fr\/chi-siamo\/\" target=\"_blank\" rel=\"noopener\">mouvement des Focolari <\/a>a engag\u00e9 une collecte de fonds. En m\u00eame temps on est en train d&rsquo;\u00e9tudier les possibilit\u00e9s et les conditions d\u2019une intervention sur place.  Du <a href=\"https:\/\/www.focolare.org\/fr\/focolare-worldwide\/asia\/giappone\/\" target=\"_blank\" rel=\"noopener\">Japon <\/a>aussi des nouvelles directes nous arrivent \u00e0 travers les communaut\u00e9s des Focolari de Nagasaki e de Tokyo\u00a0: \u00ab\u00a0Depuis deux jours le pays se trouve \u00ab d\u00e9stabilis\u00e9 \u00bb \u00e0 cause du tremblement de terre sur l\u2019\u00eele de Kyushu, dans la r\u00e9gion de Kummoto et d\u2019Oita, en face de la r\u00e9gion de Nagasaki. Cette situation a d\u00e9j\u00e0 suscit\u00e9 une solidarit\u00e9 imm\u00e9diate et des pri\u00e8res dans les milieux religieux et m\u00eame civils \u00bb. Les autorit\u00e9s locales ont d\u00e9j\u00e0 pr\u00e9par\u00e9 l\u2019accueil pour environ 184.000 personnes d\u00e9plac\u00e9es.  <strong>Pour aider<\/strong> :  DESTINATION : Urgence Tremblement de terre \u00c9quateur <\/p>\n<table>\n<tbody>\n<tr>\n<td width=\"419\"><strong>Azione per un Mondo Unito ONLUS (AMU) <\/strong><\/td>\n<td width=\"419\"><strong>Azione per Famiglie Nuove ONLUS\u00a0(AFN) <\/strong><\/td>\n<\/tr>\n<tr>\n<td width=\"419\">            IBAN: IT16 G050 1803 2000 0000 0120 434  Aupr\u00e8s de la Banca Popolare Etica<\/td>\n<td width=\"419\">            IBAN: IT55 K033 5901 6001 0000 0001 060  Aupr\u00e8s de la Banca Prossima<\/td>\n<\/tr>\n<tr>\n<td width=\"419\">Code SWIFT\/BIC: CCRTIT2184D<\/td>\n<td width=\"419\">Code SWIFT\/BIC: BCITITMX<\/td>\n<\/tr>\n<\/tbody>\n<\/table>\n<p> &nbsp;  Les aides vers\u00e9es \u00e0 cet effet sur les deux comptes courants seront g\u00e9r\u00e9es conjointement par AMU e AFN.  Pour ces dons, il est pr\u00e9vu une d\u00e9duction fiscale dans beaucoup de pays de l\u2019Union europ\u00e9enne et d\u2019autres pays du monde selon les diff\u00e9rentes r\u00e9glementations locales.<\/p>\n","protected":false},"excerpt":{"rendered":"<p>Le mouvement des Focolari dans le monde se veut tr\u00e8s proche des populations frapp\u00e9es par les tremblements de terre en \u00c9quateur et au Japon. Une pens\u00e9e toute particuli\u00e8re va aux victimes et \u00e0 leurs familles. Dans l&rsquo;imm\u00e9diat  un lien est activ\u00e9 pour coordonner les aides destin\u00e9es \u00e0 urgence humanitaire en \u00c9quateur, alors que la solidarit\u00e9 se manifeste d\u00e9j\u00e0 sur place de mani\u00e8re ponctuelle et concr\u00e8te.<\/p>\n","protected":false},"author":34,"featured_media":0,"comment_status":"open","ping_status":"open","sticky":false,"template":"","format":"standard","meta":{"give_campaign_id":0,"_seopress_robots_primary_cat":"","_seopress_titles_title":"","_seopress_titles_desc":"","_seopress_robots_index":"","_et_pb_use_builder":"","_et_pb_old_content":"","_et_gb_content_width":"","footnotes":""},"categories":[906],"tags":[],"class_list":["post-331332","post","type-post","status-publish","format-standard","hentry","category-focolare-worldwide-2-3"],"_links":{"self":[{"href":"https:\/\/www.focolare.org\/fr\/wp-json\/wp\/v2\/posts\/331332","targetHints":{"allow":["GET"]}}],"collection":[{"href":"https:\/\/www.focolare.org\/fr\/wp-json\/wp\/v2\/posts"}],"about":[{"href":"https:\/\/www.focolare.org\/fr\/wp-json\/wp\/v2\/types\/post"}],"author":[{"embeddable":true,"href":"https:\/\/www.focolare.org\/fr\/wp-json\/wp\/v2\/users\/34"}],"replies":[{"embeddable":true,"href":"https:\/\/www.focolare.org\/fr\/wp-json\/wp\/v2\/comments?post=331332"}],"version-history":[{"count":0,"href":"https:\/\/www.focolare.org\/fr\/wp-json\/wp\/v2\/posts\/331332\/revisions"}],"wp:attachment":[{"href":"https:\/\/www.focolare.org\/fr\/wp-json\/wp\/v2\/media?parent=331332"}],"wp:term":[{"taxonomy":"category","embeddable":true,"href":"https:\/\/www.focolare.org\/fr\/wp-json\/wp\/v2\/categories?post=331332"},{"taxonomy":"post_tag","embeddable":true,"href":"https:\/\/www.focolare.org\/fr\/wp-json\/wp\/v2\/tags?post=331332"}],"curies":[{"name":"wp","href":"https:\/\/api.w.org\/{rel}","templated":true}]}}