{"id":331340,"date":"2016-04-20T14:22:55","date_gmt":"2016-04-20T12:22:55","guid":{"rendered":"https:\/\/www.focolare.org\/portugal-alta-resolucao-ajusta-o-foco-a-paz\/"},"modified":"2024-05-16T15:15:43","modified_gmt":"2024-05-16T13:15:43","slug":"portugal-alta-resolucao-ajusta-o-foco-a-paz","status":"publish","type":"post","link":"https:\/\/www.focolare.org\/fr\/portugal-alta-resolucao-ajusta-o-foco-a-paz\/","title":{"rendered":"Portugal. \u00ab\u00a0Alta Resolu\u00e7\u00e3o \u2013 Ajusta o foco \u00e0 Paz\u201d"},"content":{"rendered":"<p><strong>Organis\u00e9e par les <\/strong><a href=\"https:\/\/www.focolare.org\/fr\/movimento-dei-focolari\/un-popolo\/giovani-per-un-mondo-unito\/\" target=\"_blank\" rel=\"noopener\">Jeunes pour un Monde Uni<\/a> <em>\u00ab\u00a0Haute r\u00e9solution \u2013 Focaliser sur la Paix\u00a0\u00bb <\/em>sera une journ\u00e9e d\u00e9di\u00e9e \u00e0 la paix.  Il s\u2019agit d\u2019un \u00e9v\u00e9nement qui a lieu au <a href=\"https:\/\/www.focolare.org\/fr\/focolare-worldwide\/europa\/portogallo\/\" target=\"_blank\" rel=\"noopener\">Portugal <\/a>depuis 2002, tous les deux ans, toujours le 1<sup>ier<\/sup> mai. Y participent quelques milliers de jeunes portugais mais aussi des jeunes d\u2019autres pays.  <strong>En 2016,<\/strong> c\u2019est une proposition \u00e0 <em>\u201chaute d\u00e9finition\u00a0\u00bb<\/em>\u00a0: c\u2019est-\u00e0-dire que l\u2019on invite aussi les jeunes \u00e0 jouer le r\u00f4le de la fraternit\u00e9 et de b\u00e2tisseurs de paix, sans compromis. A travers la musique, les chor\u00e9graphies, les t\u00e9moignages et les Expo seront pr\u00e9sent\u00e9es les actions d\u00e9j\u00e0 en cours de r\u00e9alisation, dans le but de fournir des r\u00e9ponses concr\u00e8tes et offrir des occasions et des id\u00e9es pour continuer dans cette direction.  <strong>Cette ann\u00e9e le programme comprendra aussi diff\u00e9rents laboratoires <\/strong>qui affronteront le th\u00e8me de la paix dans diff\u00e9rents domaines comme l\u2019\u00e9cologie, l\u2019art, le dialogue interculturel, l\u2019\u00e9conomie, le sport, la communication, science et technologie.  <strong>Cette journ\u00e9e fait partie du projet international <\/strong><a href=\"http:\/\/www.unitedworldproject.org\/it\/\" target=\"_blank\" rel=\"noopener\">United World Project <\/a>(Projet Monde Uni), qui propose la fraternit\u00e9 universelle comme paradigme des relations humaines, en d\u00e9veloppant l\u2019identification, la syst\u00e9matisation et la diffusion des actions qui existent d\u00e9j\u00e0 au niveau mondial en faveur de la fraternit\u00e9.  <a href=\"http:\/\/focolares.pt\/wp-content\/uploads\/2016\/02\/convite_1Maio.pdf\" target=\"_blank\" rel=\"noopener\">Invitation <\/a>1<sup>ier<\/sup> mai 2016<\/p>\n","protected":false},"excerpt":{"rendered":"<p>Des centaines de jeunes se donnent rendez-vous sous le th\u00e8me de la paix dans la cit\u00e9-pilote Arc-en-Ciel (Abrigada, Alenquer).<\/p>\n","protected":false},"author":34,"featured_media":0,"comment_status":"open","ping_status":"open","sticky":false,"template":"","format":"standard","meta":{"give_campaign_id":0,"_seopress_robots_primary_cat":"","_seopress_titles_title":"","_seopress_titles_desc":"","_seopress_robots_index":"","_et_pb_use_builder":"","_et_pb_old_content":"","_et_gb_content_width":"","footnotes":""},"categories":[47],"tags":[],"class_list":["post-331340","post","type-post","status-publish","format-standard","hentry","category-non-classifiee"],"_links":{"self":[{"href":"https:\/\/www.focolare.org\/fr\/wp-json\/wp\/v2\/posts\/331340","targetHints":{"allow":["GET"]}}],"collection":[{"href":"https:\/\/www.focolare.org\/fr\/wp-json\/wp\/v2\/posts"}],"about":[{"href":"https:\/\/www.focolare.org\/fr\/wp-json\/wp\/v2\/types\/post"}],"author":[{"embeddable":true,"href":"https:\/\/www.focolare.org\/fr\/wp-json\/wp\/v2\/users\/34"}],"replies":[{"embeddable":true,"href":"https:\/\/www.focolare.org\/fr\/wp-json\/wp\/v2\/comments?post=331340"}],"version-history":[{"count":0,"href":"https:\/\/www.focolare.org\/fr\/wp-json\/wp\/v2\/posts\/331340\/revisions"}],"wp:attachment":[{"href":"https:\/\/www.focolare.org\/fr\/wp-json\/wp\/v2\/media?parent=331340"}],"wp:term":[{"taxonomy":"category","embeddable":true,"href":"https:\/\/www.focolare.org\/fr\/wp-json\/wp\/v2\/categories?post=331340"},{"taxonomy":"post_tag","embeddable":true,"href":"https:\/\/www.focolare.org\/fr\/wp-json\/wp\/v2\/tags?post=331340"}],"curies":[{"name":"wp","href":"https:\/\/api.w.org\/{rel}","templated":true}]}}