{"id":331348,"date":"2016-04-24T03:00:57","date_gmt":"2016-04-24T01:00:57","guid":{"rendered":"https:\/\/www.focolare.org\/chiara-lubich-nous-revetir-de-misericorde\/"},"modified":"2024-05-16T15:15:46","modified_gmt":"2024-05-16T13:15:46","slug":"chiara-lubich-nous-revetir-de-misericorde","status":"publish","type":"post","link":"https:\/\/www.focolare.org\/fr\/chiara-lubich-nous-revetir-de-misericorde\/","title":{"rendered":"Chiara Lubich : \u00ab nous rev\u00eatir de mis\u00e9ricorde \u00bb"},"content":{"rendered":"<p><strong><img loading=\"lazy\" decoding=\"async\" class=\"alignleft wp-image-137593\" src=\"https:\/\/www.focolare.org\/wp-content\/uploads\/2016\/04\/20160424-01.jpg\" alt=\"20160424-01\" width=\"320\" height=\"212\" \/><\/strong>\u00ab<strong>\u00a0Nous avions convenu de voir, de rencontrer et d\u2019aimer<\/strong> <a href=\"https:\/\/www.focolare.org\/fr\/chiara-lubich\/spiritualita-dellunita\/amore-al-fratello\/\">J\u00e9sus seul dans notre fr\u00e8re<\/a>, mais voil\u00e0 que maintenant nous nous rappelons qu\u2019il a tel d\u00e9faut, telle imperfection.  Notre \u0153il perd sa simplicit\u00e9 et notre \u00eatre n\u2019est plus dans la lumi\u00e8re. Dans ces conditions l\u2019unit\u00e9 se brise et nous nous fourvoyons.  Ce fr\u00e8re, comme nous tous, a sans doute commis des erreurs. Mais Dieu, de quel \u0153il le voit-il\u00a0? Quel est en r\u00e9alit\u00e9 son \u00e9tat, quelle est la v\u00e9rit\u00e9 de sa situation\u00a0? S\u2019il est en paix avec Dieu, Dieu ne se souvient plus de rien. Il a tout effac\u00e9 de son sang. Alors nous, pourquoi nous souvenir\u00a0?  Qui est dans l\u2019erreur \u00e0 ce moment\u00a0? Mon fr\u00e8re ou moi qui le condamne\u00a0? Moi\u00a0!  <strong>Je dois donc m\u2019employer \u00e0 voir les choses avec le regard de Dieu<\/strong>, dans la v\u00e9rit\u00e9, et \u00e0 traiter mon fr\u00e8re en cons\u00e9quence. De toute mani\u00e8re, si par malheur il ne s\u2019\u00e9tait pas encore r\u00e9concili\u00e9 avec Dieu, la ferveur de mon amour, qui est le Christ en moi, le porterait au repentir. Le soleil s\u00e8che et cicatrise tant de blessures.  <strong>La charit\u00e9 se maintient par la v\u00e9rit\u00e9<\/strong> et la v\u00e9rit\u00e9 est mis\u00e9ricorde pure, dont nous devons \u00eatre rev\u00eatus de pied en cap pour avoir le droit de nous dire chr\u00e9tiens\u00a0\u00bb.  <strong>Traduit en fran\u00e7ais<\/strong> in: Chiara Lubich, <a href=\"http:\/\/www.nouvellecite.fr\/librairie\/meditations-nouvelle-edition\/\" target=\"_blank\" rel=\"noopener\"><em>M\u00e9ditations<\/em>, Nouvelle Cit\u00e9<\/a>, Paris 2000, p 100-101<\/p>\n","protected":false},"excerpt":{"rendered":"<p>Dans l\u2019Ann\u00e9e de la Mis\u00e9ricorde proclam\u00e9e par le Pape Fran\u00e7ois, nous publions un \u00e9crit de Chiara Lubich qui remonte \u00e0 la fin des ann\u00e9es cinquante. La v\u00e9rit\u00e9 consid\u00e9r\u00e9e comme mis\u00e9ricorde pure.<\/p>\n","protected":false},"author":34,"featured_media":0,"comment_status":"open","ping_status":"open","sticky":false,"template":"","format":"standard","meta":{"give_campaign_id":0,"_seopress_robots_primary_cat":"","_seopress_titles_title":"","_seopress_titles_desc":"","_seopress_robots_index":"","_et_pb_use_builder":"","_et_pb_old_content":"","_et_gb_content_width":"","footnotes":""},"categories":[47],"tags":[],"class_list":["post-331348","post","type-post","status-publish","format-standard","hentry","category-non-classifiee"],"_links":{"self":[{"href":"https:\/\/www.focolare.org\/fr\/wp-json\/wp\/v2\/posts\/331348","targetHints":{"allow":["GET"]}}],"collection":[{"href":"https:\/\/www.focolare.org\/fr\/wp-json\/wp\/v2\/posts"}],"about":[{"href":"https:\/\/www.focolare.org\/fr\/wp-json\/wp\/v2\/types\/post"}],"author":[{"embeddable":true,"href":"https:\/\/www.focolare.org\/fr\/wp-json\/wp\/v2\/users\/34"}],"replies":[{"embeddable":true,"href":"https:\/\/www.focolare.org\/fr\/wp-json\/wp\/v2\/comments?post=331348"}],"version-history":[{"count":0,"href":"https:\/\/www.focolare.org\/fr\/wp-json\/wp\/v2\/posts\/331348\/revisions"}],"wp:attachment":[{"href":"https:\/\/www.focolare.org\/fr\/wp-json\/wp\/v2\/media?parent=331348"}],"wp:term":[{"taxonomy":"category","embeddable":true,"href":"https:\/\/www.focolare.org\/fr\/wp-json\/wp\/v2\/categories?post=331348"},{"taxonomy":"post_tag","embeddable":true,"href":"https:\/\/www.focolare.org\/fr\/wp-json\/wp\/v2\/tags?post=331348"}],"curies":[{"name":"wp","href":"https:\/\/api.w.org\/{rel}","templated":true}]}}