{"id":331392,"date":"2016-05-09T12:14:18","date_gmt":"2016-05-09T10:14:18","guid":{"rendered":"https:\/\/www.focolare.org\/loppiano-exercices-spirituels-pour-religieuses\/"},"modified":"2024-05-16T15:15:57","modified_gmt":"2024-05-16T13:15:57","slug":"loppiano-exercices-spirituels-pour-religieuses","status":"publish","type":"post","link":"https:\/\/www.focolare.org\/fr\/loppiano-exercices-spirituels-pour-religieuses\/","title":{"rendered":"Loppiano \u2013 Exercices spirituels pour religieuses"},"content":{"rendered":"<p>Durant l\u2019<a href=\"https:\/\/w2.vatican.va\/content\/francesco\/fr\/apost_letters\/documents\/papa-francesco_bolla_20150411_misericordiae-vultus.html\">Ann\u00e9e de la Mis\u00e9ricorde<\/a>, les religieuses qui adh\u00e8rent au Mouvement des Focolari b\u00e9n\u00e9ficieront d\u2019une semaine d\u2019exercices spirituels dans la cit\u00e9-pilote de Loppiano, au Centre de spiritualit\u00e9 \u00ab\u00a0Maison Emmaus\u00a0\u00bb.  \u00ab\u00a0Les religieuses auront aussi la possibilit\u00e9 d\u2019approfondir leur charisme \u00e0 la lumi\u00e8re de la spiritualit\u00e9 de l&rsquo;unit\u00e9 \u2013 d\u00e9clare la responsable, s\u0153ur Antonia Moioli \u2013 et, dans ce contexte, elles pourront vivre la r\u00e9ciprocit\u00e9 des charismes, grandissant en constructrices de ponts vers tous ceux qu\u2019elles rencontrent.\u00a0\u00bb<\/p>\n","protected":false},"excerpt":{"rendered":"<p>L\u2019Unit\u00e9 durant l\u2019Ann\u00e9e de la Mis\u00e9ricorde<\/p>\n","protected":false},"author":34,"featured_media":0,"comment_status":"open","ping_status":"open","sticky":false,"template":"","format":"standard","meta":{"give_campaign_id":0,"_seopress_robots_primary_cat":"","_seopress_titles_title":"","_seopress_titles_desc":"","_seopress_robots_index":"","_et_pb_use_builder":"","_et_pb_old_content":"","_et_gb_content_width":"","footnotes":""},"categories":[47],"tags":[],"class_list":["post-331392","post","type-post","status-publish","format-standard","hentry","category-non-classifiee"],"_links":{"self":[{"href":"https:\/\/www.focolare.org\/fr\/wp-json\/wp\/v2\/posts\/331392","targetHints":{"allow":["GET"]}}],"collection":[{"href":"https:\/\/www.focolare.org\/fr\/wp-json\/wp\/v2\/posts"}],"about":[{"href":"https:\/\/www.focolare.org\/fr\/wp-json\/wp\/v2\/types\/post"}],"author":[{"embeddable":true,"href":"https:\/\/www.focolare.org\/fr\/wp-json\/wp\/v2\/users\/34"}],"replies":[{"embeddable":true,"href":"https:\/\/www.focolare.org\/fr\/wp-json\/wp\/v2\/comments?post=331392"}],"version-history":[{"count":0,"href":"https:\/\/www.focolare.org\/fr\/wp-json\/wp\/v2\/posts\/331392\/revisions"}],"wp:attachment":[{"href":"https:\/\/www.focolare.org\/fr\/wp-json\/wp\/v2\/media?parent=331392"}],"wp:term":[{"taxonomy":"category","embeddable":true,"href":"https:\/\/www.focolare.org\/fr\/wp-json\/wp\/v2\/categories?post=331392"},{"taxonomy":"post_tag","embeddable":true,"href":"https:\/\/www.focolare.org\/fr\/wp-json\/wp\/v2\/tags?post=331392"}],"curies":[{"name":"wp","href":"https:\/\/api.w.org\/{rel}","templated":true}]}}