{"id":331444,"date":"2016-05-29T03:00:31","date_gmt":"2016-05-29T01:00:31","guid":{"rendered":"https:\/\/www.focolare.org\/kenya-le-droit-dans-la-societe-contemporaine-vue-par-maria-voce\/"},"modified":"2024-05-16T15:16:08","modified_gmt":"2024-05-16T13:16:08","slug":"kenya-le-droit-dans-la-societe-contemporaine-vue-par-maria-voce","status":"publish","type":"post","link":"https:\/\/www.focolare.org\/fr\/kenya-le-droit-dans-la-societe-contemporaine-vue-par-maria-voce\/","title":{"rendered":"Kenya\u00a0: Le Droit dans la soci\u00e9t\u00e9 contemporaine, vue par Maria Voce"},"content":{"rendered":"<p><strong><img loading=\"lazy\" decoding=\"async\" class=\"alignright\" src=\"https:\/\/www.focolare.org\/notiziariomariapoli\/files\/2016\/05\/CUEA.jpg\" alt=\"\" width=\"365\" height=\"243\" \/>Donner \u00e0 la loi un visage humain et la<\/strong> <strong>recherche d\u2019une justice bas\u00e9e sur la valeur de la fraternit\u00e9<\/strong>\u00a0: c\u2019est le message fort que <a href=\"https:\/\/www.focolare.org\/fr\/news\/2014\/09\/15\/maria-voce\/\">Maria Voce<\/a>, avocate et pr\u00e9sidente du <a href=\"https:\/\/www.focolare.org\/fr\/movimento-dei-focolari\/\">mouvement des Focolari<\/a>, a donn\u00e9 \u00e0 un public de 300 personnes r\u00e9unies le 25\u00a0mai dernier \u00e0 la Facult\u00e9 de Jurisprudence de la Catholic University of Eastern Africa (CUEA), \u00e0 Nairobi (Kenya). Il s\u2019agissait d\u2019\u00e9tudiants en droit et en sciences sociales, professeurs, membres de la Facult\u00e9 et \u2018staff\u2019 de l\u2019universit\u00e9.  Dans son discours intitul\u00e9\u00a0: \u00ab\u00a0<strong><em>Le Droit dans la soci\u00e9t\u00e9 contemporaine\u00a0<\/em><\/strong>\u00bb, Maria Voce explique qu\u2019avec l\u2019\u00e9volution de la soci\u00e9t\u00e9, le faits de se comporter correctement a \u00e9t\u00e9 syst\u00e9matis\u00e9 dans la communaut\u00e9. Lorsque des \u00c9tats parviennent \u00e0 \u00e9tablir leur identit\u00e9 politique, cette correction a \u00e9t\u00e9 incorpor\u00e9e dans les Constitutions, dans leurs codes ou dans d\u2019autres lois.  <strong>Avec l\u2019arriv\u00e9e du christianisme<\/strong> \u2013 selon la pr\u00e9sidente des Focolari \u2013 \u00ab\u00a0comme valeur de r\u00e9f\u00e9rence, une loi sup\u00e9rieure vient en lumi\u00e8re. Cette loi vient de Dieu, le seul Juste, et elle est communiqu\u00e9e \u00e0 l\u2019humanit\u00e9, en J\u00e9sus\u00a0: la loi de l\u2019amour\u00a0\u00bb.  <div id=\"attachment_139138\" style=\"width: 372px\" class=\"wp-caption alignleft\"><a href=\"https:\/\/www.focolare.org\/wp-content\/uploads\/2016\/05\/CUEI_10.jpg\"><img loading=\"lazy\" decoding=\"async\" aria-describedby=\"caption-attachment-139138\" class=\"wp-image-139138\" src=\"https:\/\/www.focolare.org\/wp-content\/uploads\/2016\/05\/CUEI_10.jpg\" alt=\"CUEI_10\" width=\"362\" height=\"181\" \/><\/a><p id=\"caption-attachment-139138\" class=\"wp-caption-text\">\u00a9 CSC Audiovisivi &#8211; Ver\u00f4nica Farias<\/p><\/div>  Maria Voce s\u2019arr\u00eate alors sur le d\u00e9veloppement du syst\u00e8me l\u00e9gislatif en Afrique. Elle constate que l\u00e0, \u00ab\u00a0la tendance communautaire est tr\u00e8s forte si bien que l\u2019individu n\u2019est jamais consid\u00e9r\u00e9 de fa\u00e7on isol\u00e9e mais toujours comme membre d\u2019une communaut\u00e9 (famille, clan, lign\u00e9e, tribu) envers laquelle elle a des devoirs et des responsabilit\u00e9s et de laquelle elle re\u00e7oit aide, soutien et protection\u00a0\u00bb.  <strong>En outre, elle soutient que la<\/strong> <a href=\"https:\/\/www.focolare.org\/fr\/chiara-lubich\/spiritualita-dellunita\/\">spiritualit\u00e9 de communion <\/a>v\u00e9cue par les membres des Focolari, commence \u00e0 influencer la construction du tissu social et par cons\u00e9quent les r\u00e8gles qui gouvernent toute communaut\u00e9 humaine. Pour l\u2019expliquer, elle reprend quelques points de la spiritualit\u00e9 de l\u2019unit\u00e9. <strong>Le premier<\/strong>\u00a0: la d\u00e9couverte de <a href=\"https:\/\/www.focolare.org\/fr\/chiara-lubich\/spiritualita-dellunita\/dio-amore\/\">Dieu comme Amour.<\/a> \u00ab\u00a0Cette compr\u00e9hension nous porte \u00e0 vivre la \u2018plus grande justice\u2019. Si la justice est de donner \u00e0 chacun ce qui lui est d\u00fb \u2013 ce que nous nous disions \u2013 puisque tout est de Dieu, donne tout \u00e0 Dieu et tu seras juste\u00a0!\u00a0\u00bb. <strong>Le second<\/strong>\u00a0: l\u2019engagement \u00e0 accomplir la <a href=\"https:\/\/www.focolare.org\/fr\/chiara-lubich\/spiritualita-dellunita\/volonta-di-dio\/\">Volont\u00e9 de Dieu<\/a> \u00ab\u00a0conduit \u00e0 la d\u00e9couverte du fondement de la l\u00e9galit\u00e9, entendue comme coh\u00e9rence entre notre action et le choix fondamental que nous avons fait, \u00e0 savoir le choix de Dieu-Amour\u00a0\u00bb.\u00a0<strong>Et le troisi\u00e8me<\/strong>\u00a0: <a href=\"https:\/\/www.focolare.org\/fr\/chiara-lubich\/spiritualita-dellunita\/amore-al-fratello\/\">l\u2019amour du prochain<\/a>. Pour Maria Voce, \u00ab\u00a0on ne peut faire abstraction de lui si nous voulons reconna\u00eetre efficacement la dignit\u00e9 de tout homme (de toute femme) et ses droits inviolables\u00a0\u00bb.  <strong>Parlant de<\/strong> <strong>l<\/strong><a href=\"https:\/\/www.focolare.org\/fr\/chiara-lubich\/spiritualita-dellunita\/amore-reciproco\/\">\u2019amour r\u00e9ciproque<\/a>,<strong> elle rappelle que<\/strong> \u00ab\u00a0l\u2019homme na\u00eet \u2018social\u2019 par nature et qu\u2019il a besoin des autres de m\u00eame que les autres ont besoin de lui\u00a0\u00bb. Elle ajoute que \u00ab\u00a0l\u2019amour r\u00e9ciproque est une loi de collaboration qui, en nous faisant d\u00e9couvrir un don d\u2019amour en chacun, est le ciment de la soci\u00e9t\u00e9 et l\u2019\u00e9quilibre du droit\u00a0\u00bb.  <div id=\"attachment_139137\" style=\"width: 374px\" class=\"wp-caption alignleft\"><a href=\"https:\/\/www.focolare.org\/wp-content\/uploads\/2016\/05\/CUEI_09.jpg\"><img loading=\"lazy\" decoding=\"async\" aria-describedby=\"caption-attachment-139137\" class=\"wp-image-139137\" src=\"https:\/\/www.focolare.org\/wp-content\/uploads\/2016\/05\/CUEI_09.jpg\" alt=\"CUEI_09\" width=\"364\" height=\"252\" \/><\/a><p id=\"caption-attachment-139137\" class=\"wp-caption-text\">\u00a9 CSC Audiovisivi &#8211; Ver\u00f4nica Farias<\/p><\/div>  <strong>Elle conclut<\/strong>\u00a0: \u00ab\u00a0L\u2019exp\u00e9rience du mouvement des Focolari nous encourage. Elle nous appara\u00eet comme la v\u00e9rification d\u2019une hypoth\u00e8se de vie tiss\u00e9e de relations personnelles bas\u00e9es sur le principe de l\u2019unit\u00e9. Elle t\u00e9moigne qu\u2019il est possible de fonder la l\u00e9galit\u00e9 sur le commandement nouveau, norme fondamentale de la vie de relation\u00a0\u00bb.  \u00c0 la suite de son intervention, le<strong> Doyen de la Facult\u00e9 de Droit, le prof. Maurice Owuor,<\/strong> souligne l\u2019actualit\u00e9 du discours de Maria Voce car \u00ab\u00a0l\u2019amour est une valeur capable de soutenir nos lois\u00a0\u00bb. Il affirme que \u00ab\u00a0nous devrions d\u00e9velopper davantage l\u2019\u00e9ducation des citoyens aux valeurs telles que l\u2019amour, la fraternit\u00e9, la mise en pratique des lois non pas par peur des sanctions mais parce que c\u2019est quelque chose de bon en soi\u00a0\u00bb.  <strong>\u00c0 la fin, un forum ouvert aux commentaires et aux questions<\/strong>. R\u00e9pondant \u00e0 qui lui demande quels effets la justice peut avoir sur le bien commun, Maria Voce affirme que \u00ab\u00a0ce n\u2019est pas la loi qui contribue au bien commun mais la personne lorsqu\u2019elle contribue \u00e0 promouvoir des lois justes\u00a0\u00bb. Et elle lance un d\u00e9fi aux \u00e9tudiants\u00a0: \u00ab\u00a0Je souhaite que de beaucoup d\u2019entre vous puissent na\u00eetre de bonnes et nombreuses lois\u00a0\u00bb. <\/p>\n<p style=\"text-align: right\"><em>Willy Niyansaba<\/em><\/p>\n<hr \/>\n<p>  Texte du discours de Maria Voce: <a href=\"https:\/\/www.focolare.org\/wp-content\/uploads\/2016\/05\/TFr-20160525-alla-CUEA_NairobiTP-ACM.pdf\" target=\"_blank\" rel=\"noopener\">Le droit dans la soci\u00e9t\u00e9 contemporaine<\/a><\/p>\n","protected":false},"excerpt":{"rendered":"<p>\u00ab\u00a0Que de vous naissent de bonnes lois pour le bien commun\u00a0\u00bb\u00a0: c\u2019est le souhait de Maria Voce aux \u00e9tudiants de la Facult\u00e9 de Jurisprudence de la Catholic University of Eastern Africa, au cours de sa conf\u00e9rence du 25\u00a0mai.<\/p>\n","protected":false},"author":34,"featured_media":0,"comment_status":"open","ping_status":"open","sticky":false,"template":"","format":"standard","meta":{"give_campaign_id":0,"_seopress_robots_primary_cat":"","_seopress_titles_title":"","_seopress_titles_desc":"","_seopress_robots_index":"","_et_pb_use_builder":"","_et_pb_old_content":"","_et_gb_content_width":"","footnotes":""},"categories":[906],"tags":[],"class_list":["post-331444","post","type-post","status-publish","format-standard","hentry","category-focolare-worldwide-2-3"],"_links":{"self":[{"href":"https:\/\/www.focolare.org\/fr\/wp-json\/wp\/v2\/posts\/331444","targetHints":{"allow":["GET"]}}],"collection":[{"href":"https:\/\/www.focolare.org\/fr\/wp-json\/wp\/v2\/posts"}],"about":[{"href":"https:\/\/www.focolare.org\/fr\/wp-json\/wp\/v2\/types\/post"}],"author":[{"embeddable":true,"href":"https:\/\/www.focolare.org\/fr\/wp-json\/wp\/v2\/users\/34"}],"replies":[{"embeddable":true,"href":"https:\/\/www.focolare.org\/fr\/wp-json\/wp\/v2\/comments?post=331444"}],"version-history":[{"count":0,"href":"https:\/\/www.focolare.org\/fr\/wp-json\/wp\/v2\/posts\/331444\/revisions"}],"wp:attachment":[{"href":"https:\/\/www.focolare.org\/fr\/wp-json\/wp\/v2\/media?parent=331444"}],"wp:term":[{"taxonomy":"category","embeddable":true,"href":"https:\/\/www.focolare.org\/fr\/wp-json\/wp\/v2\/categories?post=331444"},{"taxonomy":"post_tag","embeddable":true,"href":"https:\/\/www.focolare.org\/fr\/wp-json\/wp\/v2\/tags?post=331444"}],"curies":[{"name":"wp","href":"https:\/\/api.w.org\/{rel}","templated":true}]}}