{"id":331466,"date":"2016-06-06T04:00:38","date_gmt":"2016-06-06T02:00:38","guid":{"rendered":"https:\/\/www.focolare.org\/hongrie-la-protection-de-lenvironnement-un-defi-pour-nos-societes\/"},"modified":"2024-05-16T15:16:14","modified_gmt":"2024-05-16T13:16:14","slug":"hongrie-la-protection-de-lenvironnement-un-defi-pour-nos-societes","status":"publish","type":"post","link":"https:\/\/www.focolare.org\/fr\/hongrie-la-protection-de-lenvironnement-un-defi-pour-nos-societes\/","title":{"rendered":"Hongrie : la protection de l\u2019environnement, un d\u00e9fi pour nos soci\u00e9t\u00e9s"},"content":{"rendered":"<p><strong><a href=\"https:\/\/www.focolare.org\/wp-content\/uploads\/2016\/06\/DSC_0566_EcoOne.jpg\"><img loading=\"lazy\" decoding=\"async\" class=\"alignright wp-image-139476\" src=\"https:\/\/www.focolare.org\/wp-content\/uploads\/2016\/06\/DSC_0566_EcoOne.jpg\" alt=\"DSC_0566_EcoOne\" width=\"368\" height=\"245\" \/><\/a>\u201cUne exp\u00e9rience r\u00e9ussie,<\/strong> qui a adress\u00e9 un message d\u2019esp\u00e9rance: une personne ouverte au don de soi, peut en fait \u00eatre la r\u00e9ponse aux d\u00e9fis que lance aujourd\u2019hui l\u2019environnement \u00e0 l\u2019ensemble de l\u2019humanit\u00e9\u00a0\u00bb. <strong>C\u2019est Lucas Fiorani, coordinateur international de <\/strong><a href=\"http:\/\/www.ecoone.org\/ecoone%20convegno%202016\/hp.html\" target=\"_blank\" rel=\"noopener\">EcoOne<\/a><strong>,\u00a0 qui le d\u00e9clare<\/strong> en concluant le congr\u00e8s \u00ab\u00a0Etre en relation\u00a0: entre conscience de\u00a0 l\u2019environnement et d\u00e9fis sociaux\u00a0\u00bb (Budapest, <a href=\"https:\/\/www.focolare.org\/fr\/focolare-worldwide\/europa\/ungheria\/\" target=\"_blank\" rel=\"noopener\">Hongrie<\/a>) qui s\u2019est tenu du 27 au 29 mai \u00e0 la P\u00e1zm\u00e1ny P\u00e9ter Catholic University, avec la participation de 80 responsables d\u2019ONG pour la protection de l\u2019environnement, universitaires, fonctionnaires de l\u2019Etat, professionnels de l\u2019environnement, \u00e9tudiants d\u2019\u00e9coles sup\u00e9rieures et universitaires de divers pays.  <strong>Des expos\u00e9s scientifiques de haut niveau ont laiss\u00e9 une large place \u00e0 des exp\u00e9riences concr\u00e8tes<\/strong> et des r\u00e9flexions transdisciplinaires, entre autres dans le domaine de l\u2019\u00e9conomie, de l\u2019\u00e9thique et de la politique. Divers apports\u00a0: celui d\u2019un gar\u00e7on de 15 ans mais aussi celui d\u2019une dame \u00e2g\u00e9e qui se consacre \u00e0 la protection de l\u2019environnement dans la Cit\u00e9 pilote hollandaise des Focolari\u00a0; trois \u00e9tudiants italiens ont pr\u00e9sent\u00e9 leur exp\u00e9rience qui concernait tout \u00e0 la fois l\u2019\u00e9conomie d\u2019\u00e9nergie et la \u00ab\u00a0culture du donner\u00a0\u00bb, un \u00e9tudiant Erasmus de Budapest, un de Rome et un br\u00e9silien ont donn\u00e9 leurs propres exp\u00e9riences. Le jeune venu du Br\u00e9sil a financ\u00e9 son voyage en fabriquant et en vendant des objets et aussi gr\u00e2ce \u00e0 l\u2019obtention d\u2019une aide exceptionnelle de son universit\u00e9.  <strong><a href=\"https:\/\/www.focolare.org\/wp-content\/uploads\/2016\/06\/DSC_0649_EcoOne_03.jpg\"><img loading=\"lazy\" decoding=\"async\" class=\"wp-image-139478 alignleft\" src=\"https:\/\/www.focolare.org\/wp-content\/uploads\/2016\/06\/DSC_0649_EcoOne_03.jpg\" alt=\"DSC_0649_EcoOne_03\" width=\"368\" height=\"245\" \/><\/a><\/strong>Cinq jeunes chercheurs ont re\u00e7u le \u00ab\u00a0<em>Prix Piero Pasolini<\/em>\u00a0\u00bb pour la qualit\u00e9 de leur expos\u00e9, gr\u00e2ce aux fonds mis \u00e0 disposition par l\u2019<a href=\"http:\/\/www.edc-online.org\/\" target=\"_blank\" rel=\"noopener\">Economie de Communion<\/a>.  La pr\u00e9paration s\u2019est faite en collaboration et en synergie avec quelques instances du<a href=\"https:\/\/www.focolare.org\/fr\/movimento-dei-focolari\/\" target=\"_blank\" rel=\"noopener\"> Mouvement des Focolari<\/a> : <a href=\"http:\/\/www.amu-it.eu\/?lang=it\" target=\"_blank\" rel=\"noopener\">Action pour Un Monde Uni<\/a>, Economie de Communion, <a href=\"http:\/\/www.umanitanuova.org\/fr\/\" target=\"_blank\" rel=\"noopener\">Humanit\u00e9 Nouvelle<\/a>,<a href=\"http:\/\/giovaniperunmondounito.blogspot.com\/\" target=\"_blank\" rel=\"noopener\"> Jeunes pour un Monde Uni<\/a>,<a href=\"http:\/\/www.mppu.org\/fr\/\" target=\"_blank\" rel=\"noopener\"> Mouvement politique pour l&rsquo;unit\u00e9<\/a> \u00a0ainsi que <a href=\"http:\/\/www.new-humanity.org\/\" target=\"_blank\" rel=\"noopener\">New Humanity<\/a> et l\u2019Institut universitaire <a href=\"http:\/\/www.iu-sophia.org\/\" target=\"_blank\" rel=\"noopener\">Sophia<\/a>, sans oublier \u201cl\u2019excellente logistique mise en place par le groupe EcoOne hongrois\u00a0\u00bb, pr\u00e9cise Fiorani.  <strong>C\u2019est Zsusa Rom\u00e1n, coordinatrice d\u2019EcoOne en Hongrie qui a introduit le congr\u00e8s<\/strong> en posant cette question : \u00ab\u00a0Quel genre de personne est en mesure de prot\u00e9ger l\u2019environnement ?\u00a0\u00bb Quant \u00e0 Fiorani, il a illustr\u00e9 les objectifs et les caract\u00e9ristiques d\u2019EcoOne\u00a0: \u00ab\u00a0Une initiative culturelle au niveau international, promue par des universitaires, des chercheurs et des professionnels qui travaillent dans le secteur des sciences de l\u2019environnement. C\u2019est le d\u00e9sir d\u2019enrichir notre connaissance scientifique par une lecture humaniste des probl\u00e8mes \u00e9cologiques et naturels qui nous rassemble. En lien avec d\u2019autres partenaires,\u00a0 tous orient\u00e9s vers l\u2019objectif de la destination universelle des biens et de l\u2019\u00e9troite interd\u00e9pendance entre pays, EcoOne essaie d\u2019appliquer ces principes au niveau social, politique, \u00e9conomique, autant de secteurs touch\u00e9s par les questions que soul\u00e8ve l\u2019environnement\u00a0\u00bb<strong>.<\/strong>  <strong>Mgr J\u00e1nos Sz\u00e9kely, \u00e9v\u00eaque auxiliaire de Esztergom-Budapest,<\/strong> a rappel\u00e9 l\u2019importance de la \u201csobri\u00e9t\u00e9 et du don\u201d, en r\u00e9f\u00e9rence \u00e0 l\u2019encyclique <em>Laudato si\u2019<\/em> du Pape Fran\u00e7ois. <strong>Apr\u00e8s l\u2019intervention du professeur Miguel Pan\u00e3o<\/strong>, centr\u00e9 sur une nouvelle vision anthropologique o\u00f9 la personne est consid\u00e9r\u00e9e sous l\u2019angle de sa donation aux autres et \u00e0 la nature, s\u2019est ouvert un d\u00e9bat tr\u00e8s vivant. Fort int\u00e9ressante la table ronde o\u00f9 les d\u00e9fis que l\u2019environnement pose \u00e0 nos soci\u00e9t\u00e9s ont \u00e9t\u00e9 abord\u00e9s du point de vue th\u00e9ologique, climatologique, \u00e9conomique et politique. Il en est ressorti que la probl\u00e9matique environnementale demande la contribution de nombreuses disciplines, \u00e0 commencer par la politique qui oriente les choix et l\u2019\u00e9conomie qui impose des paradigmes de d\u00e9veloppement.  <strong>\u201cLe congr\u00e8s n\u2019est pas un point d\u2019arriv\u00e9e mais de d\u00e9part<\/strong> \u2013 conclut Fiorani -. Il faut maintenant se pr\u00e9parer \u00e0 de nouveaux d\u00e9fis. Le prochain congr\u00e8s aura lieu en Asie\u00a0!\u00a0\u00bb  Infos: <a href=\"http:\/\/www.ecoone.org\/chi_siamo.htm\" target=\"_blank\" rel=\"noopener\">EcoOne.<\/a>  &nbsp;<\/p>\n","protected":false},"excerpt":{"rendered":"<p>Congr\u00e8s international de EcoOne \u00e0 Budapest. 80 responsables d\u2019ONG, universitaires, fonctionnaires, sp\u00e9cialistes de l\u2019environnement et \u00e9tudiants de divers pays. Le prix Piero Pasolini \u00e0 cinq jeunes chercheurs.<\/p>\n","protected":false},"author":34,"featured_media":0,"comment_status":"open","ping_status":"open","sticky":false,"template":"","format":"standard","meta":{"give_campaign_id":0,"_seopress_robots_primary_cat":"","_seopress_titles_title":"","_seopress_titles_desc":"","_seopress_robots_index":"","_et_pb_use_builder":"","_et_pb_old_content":"","_et_gb_content_width":"","footnotes":""},"categories":[47],"tags":[],"class_list":["post-331466","post","type-post","status-publish","format-standard","hentry","category-non-classifiee"],"_links":{"self":[{"href":"https:\/\/www.focolare.org\/fr\/wp-json\/wp\/v2\/posts\/331466","targetHints":{"allow":["GET"]}}],"collection":[{"href":"https:\/\/www.focolare.org\/fr\/wp-json\/wp\/v2\/posts"}],"about":[{"href":"https:\/\/www.focolare.org\/fr\/wp-json\/wp\/v2\/types\/post"}],"author":[{"embeddable":true,"href":"https:\/\/www.focolare.org\/fr\/wp-json\/wp\/v2\/users\/34"}],"replies":[{"embeddable":true,"href":"https:\/\/www.focolare.org\/fr\/wp-json\/wp\/v2\/comments?post=331466"}],"version-history":[{"count":0,"href":"https:\/\/www.focolare.org\/fr\/wp-json\/wp\/v2\/posts\/331466\/revisions"}],"wp:attachment":[{"href":"https:\/\/www.focolare.org\/fr\/wp-json\/wp\/v2\/media?parent=331466"}],"wp:term":[{"taxonomy":"category","embeddable":true,"href":"https:\/\/www.focolare.org\/fr\/wp-json\/wp\/v2\/categories?post=331466"},{"taxonomy":"post_tag","embeddable":true,"href":"https:\/\/www.focolare.org\/fr\/wp-json\/wp\/v2\/tags?post=331466"}],"curies":[{"name":"wp","href":"https:\/\/api.w.org\/{rel}","templated":true}]}}