{"id":331480,"date":"2016-06-10T04:50:42","date_gmt":"2016-06-10T02:50:42","guid":{"rendered":"https:\/\/www.focolare.org\/viterbo-un-jardin-dedie-a-chiara-lubich\/"},"modified":"2024-05-16T15:16:16","modified_gmt":"2024-05-16T13:16:16","slug":"viterbo-un-jardin-dedie-a-chiara-lubich","status":"publish","type":"post","link":"https:\/\/www.focolare.org\/fr\/viterbo-un-jardin-dedie-a-chiara-lubich\/","title":{"rendered":"Viterbo : un Jardin d\u00e9di\u00e9 \u00e0 Chiara Lubich"},"content":{"rendered":"<p><strong><a href=\"https:\/\/www.focolare.org\/wp-content\/uploads\/2016\/06\/giardinoportaverit.jpg\"><img loading=\"lazy\" decoding=\"async\" class=\" wp-image-139673 alignleft\" src=\"https:\/\/www.focolare.org\/wp-content\/uploads\/2016\/06\/giardinoportaverit.jpg\" alt=\"giardinoportaverit\" width=\"368\" height=\"207\" \/><\/a><\/strong><strong>Le 4 juin \u00e0 Viterbo, chef-lieu de la Tuscie, <\/strong>le Jardin de la \u00ab\u00a0Porta della Verit\u00e0\u00a0\u00bb a \u00e9t\u00e9 d\u00e9di\u00e9 \u00e0 <a href=\"https:\/\/www.focolare.org\/fr\/chiara-lubich\/\" target=\"_blank\" rel=\"noopener\">Chiara Lubich<\/a> pour souligner l\u2019accueil de son message d\u2019unit\u00e9 entre les peuples, de la part de la ville\u00a0: \u00ab\u00a0Un message d\u2019interculturalit\u00e9 v\u00e9cu en tant que richesse dans la diversit\u00e9 et le respect r\u00e9ciproque\u00a0\u00bb, comme on peut le lire sur l\u2019un des quotidiens locaux, qui ont largement comment\u00e9 la nouvelle.  <strong>Le Jardin de \u00ab\u00a0Porta della Verit\u00e0\u00a0\u00bb est un petit espace de verdure<\/strong> juste \u00e0 l\u2019int\u00e9rieur des murs du centre historique de la ville de Viterbo. Le 4 juin beaucoup d\u2019enfants des \u00e9coles et quelques personnes importantes pour l\u2019histoire de la ville, y \u00e9taient pr\u00e9sents en plus des autorit\u00e9s\u00a0: le maire Leonardo Michelini et l\u2019\u00e9v\u00eaque Lino Fumagalli.<strong>\u00a0<\/strong>  <strong>Le projet, lanc\u00e9 par la Commune en 2014, con\u00e7u et concr\u00e9tis\u00e9 par les Acli <\/strong>en collaboration avec l\u2019Institut Compr\u00e9hensif \u00ab\u00a0L. Fantappi\u00e8\u00a0\u00bb, avait pr\u00e9vu la mise en place du D\u00e9 Solidaire. \u00ab\u00a0Nous le voulions dans notre ville parce que c\u2019est un exemple concret de solidarit\u00e9. La r\u00e9alisation en a \u00e9t\u00e9 possible gr\u00e2ce \u00e0 la collaboration de tous les secteurs de l\u2019administration communale\u00a0\u00bb, explique le pr\u00e9sident des Acli de Viterbo, Renzo Alvatori.  <strong><a href=\"https:\/\/www.focolare.org\/wp-content\/uploads\/2016\/06\/IL-DADO-SOLIDALE-Fin.-CURVE.jpg\"><img loading=\"lazy\" decoding=\"async\" class=\"wp-image-139669 alignleft\" src=\"https:\/\/www.focolare.org\/wp-content\/uploads\/2016\/06\/IL-DADO-SOLIDALE-Fin.-CURVE.jpg\" alt=\"IL-DADO-SOLIDALE-Fin.-CURVE\" width=\"273\" height=\"382\" \/><\/a>\u00ab\u00a0Le th\u00e8me de la solidarit\u00e9<\/strong> s\u2019adresse \u00e0 notre vie \u00e0 tous, souligne l\u2019\u00e9v\u00eaque Lino Fumagalli. On peut mesurer de degr\u00e9 d\u2019avancement d\u2019une soci\u00e9t\u00e9 par le nombre des \u0153uvres de solidarit\u00e9. Les phrases que l\u2019on peut lire sur les faces du d\u00e9, si elles sont concr\u00e9tis\u00e9es, soudent les c\u0153urs\u00a0\u00bb.  <strong>\u00a0Les \u00e9tudiants racontent leurs exp\u00e9riences quotidiennes de solidarit\u00e9<\/strong> en ajoutant ce qui les a conduits \u00e0 \u00e9laborer les six phrases choisies pour le D\u00e9 de Solidarit\u00e9 (par un concours dans l\u2019\u00e9cole o\u00f9 ont \u00e9t\u00e9 \u00e9valu\u00e9es plus de 120 phrases pr\u00e9sent\u00e9es). \u00ab\u00a0Le D\u00e9 Solidaire est un projet qui donne sens au travail de l\u2019\u00e9cole en commen\u00e7ant par les quatre murs des classes et continue ensuite apr\u00e8s le son de la cloche, ajoute Alexandre Ernestini de l\u2019Institut Fantappi\u00e8. L\u2019\u00e9cole est un \u00e9l\u00e9ment important pour la communaut\u00e9, elle est capable de travailler sur le territoire avec les diverses associations comme les Acli et les autres organes administratifs\u00a0\u00bb.  \u00ab\u00a0Cette journ\u00e9e est une date qui entre dans l\u2019histoire de la ville, conclut le maire Leonardo Michelini. Le projet semblait irr\u00e9alisable au d\u00e9but, mais les messages que le D\u00e9 Solidaire transmet sont d\u2019une valeur universel\u00a0\u00bb.  Source: <a href=\"http:\/\/www.viterbopost.it\/2016\/06\/adesso-la-solidarieta-ha-sei-facce\/\" target=\"_blank\" rel=\"noopener\">ViterboPost<\/a><\/p>\n","protected":false},"excerpt":{"rendered":"<p>Dans l\u2019enceinte du Jardin de la \u201cPorta della Verit\u00e0\u201d, (Porte de la V\u00e9rit\u00e9) d\u00e9di\u00e9 \u00e0 la fondatrice du mouvement des Focolari, a \u00e9t\u00e9 plac\u00e9 le \u00ab d\u00e9 de la solidarit\u00e9 \u00bb.<\/p>\n","protected":false},"author":34,"featured_media":0,"comment_status":"open","ping_status":"open","sticky":false,"template":"","format":"standard","meta":{"give_campaign_id":0,"_seopress_robots_primary_cat":"","_seopress_titles_title":"","_seopress_titles_desc":"","_seopress_robots_index":"","_et_pb_use_builder":"","_et_pb_old_content":"","_et_gb_content_width":"","footnotes":""},"categories":[47],"tags":[],"class_list":["post-331480","post","type-post","status-publish","format-standard","hentry","category-non-classifiee"],"_links":{"self":[{"href":"https:\/\/www.focolare.org\/fr\/wp-json\/wp\/v2\/posts\/331480","targetHints":{"allow":["GET"]}}],"collection":[{"href":"https:\/\/www.focolare.org\/fr\/wp-json\/wp\/v2\/posts"}],"about":[{"href":"https:\/\/www.focolare.org\/fr\/wp-json\/wp\/v2\/types\/post"}],"author":[{"embeddable":true,"href":"https:\/\/www.focolare.org\/fr\/wp-json\/wp\/v2\/users\/34"}],"replies":[{"embeddable":true,"href":"https:\/\/www.focolare.org\/fr\/wp-json\/wp\/v2\/comments?post=331480"}],"version-history":[{"count":0,"href":"https:\/\/www.focolare.org\/fr\/wp-json\/wp\/v2\/posts\/331480\/revisions"}],"wp:attachment":[{"href":"https:\/\/www.focolare.org\/fr\/wp-json\/wp\/v2\/media?parent=331480"}],"wp:term":[{"taxonomy":"category","embeddable":true,"href":"https:\/\/www.focolare.org\/fr\/wp-json\/wp\/v2\/categories?post=331480"},{"taxonomy":"post_tag","embeddable":true,"href":"https:\/\/www.focolare.org\/fr\/wp-json\/wp\/v2\/tags?post=331480"}],"curies":[{"name":"wp","href":"https:\/\/api.w.org\/{rel}","templated":true}]}}