{"id":331572,"date":"2016-07-21T04:00:22","date_gmt":"2016-07-21T02:00:22","guid":{"rendered":"https:\/\/www.focolare.org\/la-paix-en-syrie-est-possible\/"},"modified":"2024-05-16T15:16:37","modified_gmt":"2024-05-16T13:16:37","slug":"la-paix-en-syrie-est-possible","status":"publish","type":"post","link":"https:\/\/www.focolare.org\/fr\/la-paix-en-syrie-est-possible\/","title":{"rendered":"La Paix en Syrie est possible"},"content":{"rendered":"<p><div id=\"attachment_140564\" style=\"width: 293px\" class=\"wp-caption alignright\"><a href=\"https:\/\/www.focolare.org\/wp-content\/uploads\/2016\/07\/PeacePossible4Syria.jpg\" rel=\"attachment wp-att-140564\"><img loading=\"lazy\" decoding=\"async\" aria-describedby=\"caption-attachment-140564\" class=\"wp-image-140564 size-full\" src=\"https:\/\/www.focolare.org\/wp-content\/uploads\/2016\/07\/PeacePossible4Syria.jpg\" alt=\"Syrian artist, Tammam Azzam\u2019s artwork for Caritas \u2018Syria: Peace is Possible\u2019 campaign\" width=\"283\" height=\"400\" \/><\/a><p id=\"caption-attachment-140564\" class=\"wp-caption-text\">Syrian artist, Tammam Azzam\u2019s artwork for Caritas \u2018Syria: Peace is Possible\u2019 campaign<\/p><\/div>  <strong>Une mobilisation de masse, une campagne qui a pour but, celle de faire bouger le monde entier. <\/strong>C&rsquo;est l&rsquo;objectif de #PeacePossible4Syria, le projet lanc\u00e9 par <em>Caritas International <\/em>et qui implique tous les pays dans lesquels l&rsquo;organisation est pr\u00e9sente. \u00ab\u00a0Il ne s&rsquo;agit pas d&rsquo;une campagne contre quelque chose mais en faveur de la paix. M\u00eame si on y d\u00e9nonce clairement la vente d&rsquo;armes\u00a0\u00bb, explique <strong>Rosette Hechaime,<\/strong> libanaise, coordinatrice de Caritas au Moyen Orient. \u00ab\u00a0La situation de la Syrie, le Saint P\u00e8re l&rsquo;a fort \u00e0 c\u0153ur et lorsque nous l&rsquo;avons rencontr\u00e9, \u00e0 plusieurs reprises, lui-m\u00eame nous a invit\u00e9s \u00e0 hausser le ton de voix pour faire taire les armes. Tout comme Caritas, nous sommes en effet une des plus grandes entit\u00e9s qui donnent une r\u00e9ponse \u00e0 cette crise humanitaire en acte depuis d\u00e9sormais cinq ann\u00e9es. Nous avons recueilli des histoires de personnes qui partent et d&rsquo;autres qui restent, \u00e0 faire conna\u00eetre \u00e0 travers les r\u00e9seaux sociaux, pour ne pas arr\u00eater de croire que la paix en Syrie est possible\u00a0\u00bb. Sur le site <a href=\"http:\/\/syria.caritas.org\/\" target=\"_blank\" rel=\"noopener\">http:\/\/syria.caritas.org\/<\/a> il est possible de trouver tout le mat\u00e9riel pour adh\u00e9rer \u00e0 la campagne et la diffuser \u00e0 son tour. \u00ab\u00a0Car la guerre en Syrie a d\u00e9j\u00e0 \u00e9t\u00e9 la cause de 4,8 millions de r\u00e9fugi\u00e9s vers l&rsquo;ext\u00e9rieur du pays et de 6,5 millions qui ont d\u00fb se d\u00e9placer \u00e0 l&rsquo;int\u00e9rieur du pays. Et ce qui est trop est trop\u00a0\u00bb, continue Rosette.  (message video du pape- l&rsquo;int\u00e9gral)  https:\/\/www.youtube.com\/watch?v=E-Q-8rThyUY  Dans son message, le pape Fran\u00e7ois ne se fatigue pas d&rsquo;exhorter tout le monde\u00a0: \u00ab\u00a0Unissons les forces, \u00e0 tous les niveaux, pour faire en sorte que la paix dans la Syrie aim\u00e9e soit possible\u00a0\u00bb.  Qui le croient, ce sont aussi les 230 personnes qui du 5 au 10 juillet se sont r\u00e9unies \u00e0 Al Btar (dans les montagnes sur le littoral syrien) issues de diff\u00e9rentes villes du pays, pour vivre la \u00a0\u00bb<a href=\"https:\/\/www.focolare.org\/fr\/all-opera\/mariapoli\/\">Mariapolis \u2013 la ville de Marie<\/a>\u00a0\u00bb, un vrai cadeau de Dieu au milieu de tant de violence\u00a0\u00bb. La joie a \u00e9t\u00e9 commune de se retrouver apr\u00e8s 5 ann\u00e9es, au cours desquelles, justement \u00e0 cause de la situation instable, il n&rsquo;a pas \u00e9t\u00e9 possible de se voir. Le titre du th\u00e8me choisi pour ce rendez-vous, \u00e9tait\u00a0: \u00a0\u00bbLongtemps nous t&rsquo;avons attendu, nous voici revenus vers toi\u00a0\u00bb. \u00ab\u00a0Un programme dense le matin et relaxant l&rsquo;apr\u00e8s-midi et le soir, a aid\u00e9 chaque participant, \u00e0 travers les interventions de pr\u00eatres et de religieux experts, \u00e0 se retrouver avec soi-m\u00eame, \u00e0 revoir le rapport personnel avec Dieu, comment vivre la pri\u00e8re et le rapport avec l&rsquo;autre\u00a0\u00bb, \u00e9crivent-ils des Focolare de Damas et d&rsquo;Alepp.  <strong>\u00ab\u00a0Nous sommes repartis avec le paradis en nous, en l&rsquo;apportant l\u00e0 o\u00f9 nous sommes et o\u00f9 l&rsquo;enfer est encore tellement pr\u00e9sent<\/strong>\u00a0\u00bb, commente un des participants. \u00ab\u00a0Pour celui qui vient de l&rsquo;ext\u00e9rieur, c&rsquo;est vraiment un miracle \u2013 raconte M.Grazia, italienne, vivant depuis quelques mois au focolare de Damas \u2013 Nous sommes dans une situation en guerre. L&rsquo;int\u00e9grit\u00e9 des gens me touche, non seulement les tr\u00e8s nombreux jeunes\u00a0: des gens pacifiques, qui r\u00eavent et d\u00e9sirent la paix. Beaucoup ont perdu l&rsquo;espoir et on se demande\u00a0: mais croire dans l&rsquo;unit\u00e9, est-ce une utopie\u00a0? La paix est-elle une utopie\u00a0? Au contraire, malgr\u00e9 tout, on continue \u00e0 croire en Dieu, mais tu vis cette question sur ta peau. La Mariapolis a \u00e9t\u00e9 une bouff\u00e9e d&rsquo;oxyg\u00e8ne au milieu de cette r\u00e9alit\u00e9, constell\u00e9e de tr\u00e8s fortes exp\u00e9riences\u00a0: celui \u00e0 qui on a enlev\u00e9 le fr\u00e8re, celui qui a tout perdu en un jour, celui qui n&rsquo;a plus de nouvelles de ses parents, des familles d\u00e9membr\u00e9es, la lumi\u00e8re et l&rsquo;eau au compte-gouttes, \u00e0 40\u00b0, et tu ne sais pas comment sera le lendemain, on vit dans l&rsquo;incertitude la plus absolue\u00a0\u00bb.  <strong>Pour conclure, les 230 ont envoy\u00e9 un message qui a fait le tour du monde,<\/strong> conscients de ne pas \u00eatre seuls et de faire partie d&rsquo;une grande famille. Avec l&rsquo;encouragement, comme l&rsquo;a exhort\u00e9 le pape dans son message, d&rsquo; incarner cette Parole de Dieu\u00a0:\u00a0\u00ab\u00a0Moi, en effet, je connais les projets que j&rsquo;ai faits \u00e0 votre \u00e9gard \u2013 dit le Seigneur \u2013 des projets de paix et non de m\u00e9saventure, pour vous donner un futur plein d&rsquo;esp\u00e9rance\u00a0\u00bb (J\u00e9r\u00e9mie 29,11)\u00a0\u00bb.  [Arabe, avec des sous-titres en italien]  https:\/\/vimeo.com\/175367097  Maria Chiara De Lorenzo<\/p>\n","protected":false},"excerpt":{"rendered":"<p>Alors que Caritas International donne le via \u00e0 une grande campagne de sensibilisation, soutenue en tout premier lieu par le Pape Fran\u00e7ois, 230 personnes des Focolari se retrouvent \u00e0 Al Btar, en Syrie, pour vivre, apr\u00e8s 5 ans, l&rsquo;exp\u00e9rience de la Mariapolis. Une oasis de paix pour recommencer. #PeacePossible4Syria<\/p>\n","protected":false},"author":34,"featured_media":0,"comment_status":"open","ping_status":"open","sticky":false,"template":"","format":"standard","meta":{"give_campaign_id":0,"_seopress_robots_primary_cat":"","_seopress_titles_title":"","_seopress_titles_desc":"","_seopress_robots_index":"","_et_pb_use_builder":"","_et_pb_old_content":"","_et_gb_content_width":"","footnotes":""},"categories":[906],"tags":[],"class_list":["post-331572","post","type-post","status-publish","format-standard","hentry","category-focolare-worldwide-2-3"],"_links":{"self":[{"href":"https:\/\/www.focolare.org\/fr\/wp-json\/wp\/v2\/posts\/331572","targetHints":{"allow":["GET"]}}],"collection":[{"href":"https:\/\/www.focolare.org\/fr\/wp-json\/wp\/v2\/posts"}],"about":[{"href":"https:\/\/www.focolare.org\/fr\/wp-json\/wp\/v2\/types\/post"}],"author":[{"embeddable":true,"href":"https:\/\/www.focolare.org\/fr\/wp-json\/wp\/v2\/users\/34"}],"replies":[{"embeddable":true,"href":"https:\/\/www.focolare.org\/fr\/wp-json\/wp\/v2\/comments?post=331572"}],"version-history":[{"count":0,"href":"https:\/\/www.focolare.org\/fr\/wp-json\/wp\/v2\/posts\/331572\/revisions"}],"wp:attachment":[{"href":"https:\/\/www.focolare.org\/fr\/wp-json\/wp\/v2\/media?parent=331572"}],"wp:term":[{"taxonomy":"category","embeddable":true,"href":"https:\/\/www.focolare.org\/fr\/wp-json\/wp\/v2\/categories?post=331572"},{"taxonomy":"post_tag","embeddable":true,"href":"https:\/\/www.focolare.org\/fr\/wp-json\/wp\/v2\/tags?post=331572"}],"curies":[{"name":"wp","href":"https:\/\/api.w.org\/{rel}","templated":true}]}}