{"id":331682,"date":"2016-09-13T08:38:49","date_gmt":"2016-09-13T06:38:49","guid":{"rendered":"https:\/\/www.focolare.org\/fon-de-fontem-cameroun-en-pelerinage-a-rome-loppiano-et-trente\/"},"modified":"2024-05-16T15:17:00","modified_gmt":"2024-05-16T13:17:00","slug":"fon-de-fontem-cameroun-en-pelerinage-a-rome-loppiano-et-trente","status":"publish","type":"post","link":"https:\/\/www.focolare.org\/fr\/fon-de-fontem-cameroun-en-pelerinage-a-rome-loppiano-et-trente\/","title":{"rendered":"Fon de Fontem (Cameroun) en p\u00e8lerinage \u00e0 Rome, Loppiano et Trente"},"content":{"rendered":"<p><strong>19-20 septembre :<\/strong> arriv\u00e9es \u00e0 Rome  <strong>21 septembre<\/strong> : Audience avec le Saint P\u00e8re, le Pape Fran\u00e7ois, au Vatican. Apr\u00e8s l\u2019Audience, visite du tombeau de St Pierre et des Papes. Visites de quelques lieux saints.  <strong>22 septembre<\/strong> : visite touristique de Rome. D\u00e9part pour Loppiano (premi\u00e8re Cit\u00e9 pilote des Focolari)  <strong>23 septembre<\/strong> : visite de Loppiano et rencontre avec ses habitants  <strong>24 septembre<\/strong> : d\u00e9part pour Trente, la ville natale de Chiara Lubich.  <strong>25 septembre<\/strong> : visite de la ville de Trente, rencontres avec quelques-uns de ses habitants, avec des repr\u00e9sentants de diverses institutions, avec le maire et l\u2019archev\u00eaque de Trente.  <strong>26 septembre<\/strong> : d\u00e9part de Trente pour Rome. Etape touristique \u00e0 Venise. Arriv\u00e9e le soir \u00e0 Castel Gandolfo.  <strong>27 septembre<\/strong> : visite de la tombe de <em>Mafua Ndem<\/em> Chiara Lubich, au centre international des Focolari \u00e0 Rocca di Papa (Rome). Rencontre avec les membres du conseil g\u00e9n\u00e9ral.  <strong>28 septembre<\/strong> : d\u00e9part et conclusion du p\u00e8lerinage.  &nbsp;<\/p>\n","protected":false},"excerpt":{"rendered":"<p>A l\u2019occasion du cinquanti\u00e8me anniversaire de l\u2019arriv\u00e9e du Mouvement des Focolari \u00e0 Fontem (Cameroun), un groupe de Fon visitera Rome, Loppiano, Trente et le Centre International des Focolari, en signe de gratitude et sur les pas de Chiara Lubich.<\/p>\n","protected":false},"author":34,"featured_media":0,"comment_status":"open","ping_status":"open","sticky":false,"template":"","format":"standard","meta":{"give_campaign_id":0,"_seopress_robots_primary_cat":"","_seopress_titles_title":"","_seopress_titles_desc":"","_seopress_robots_index":"","_et_pb_use_builder":"","_et_pb_old_content":"","_et_gb_content_width":"","footnotes":""},"categories":[47],"tags":[],"class_list":["post-331682","post","type-post","status-publish","format-standard","hentry","category-non-classifiee"],"_links":{"self":[{"href":"https:\/\/www.focolare.org\/fr\/wp-json\/wp\/v2\/posts\/331682","targetHints":{"allow":["GET"]}}],"collection":[{"href":"https:\/\/www.focolare.org\/fr\/wp-json\/wp\/v2\/posts"}],"about":[{"href":"https:\/\/www.focolare.org\/fr\/wp-json\/wp\/v2\/types\/post"}],"author":[{"embeddable":true,"href":"https:\/\/www.focolare.org\/fr\/wp-json\/wp\/v2\/users\/34"}],"replies":[{"embeddable":true,"href":"https:\/\/www.focolare.org\/fr\/wp-json\/wp\/v2\/comments?post=331682"}],"version-history":[{"count":0,"href":"https:\/\/www.focolare.org\/fr\/wp-json\/wp\/v2\/posts\/331682\/revisions"}],"wp:attachment":[{"href":"https:\/\/www.focolare.org\/fr\/wp-json\/wp\/v2\/media?parent=331682"}],"wp:term":[{"taxonomy":"category","embeddable":true,"href":"https:\/\/www.focolare.org\/fr\/wp-json\/wp\/v2\/categories?post=331682"},{"taxonomy":"post_tag","embeddable":true,"href":"https:\/\/www.focolare.org\/fr\/wp-json\/wp\/v2\/tags?post=331682"}],"curies":[{"name":"wp","href":"https:\/\/api.w.org\/{rel}","templated":true}]}}