{"id":331810,"date":"2016-10-29T02:00:13","date_gmt":"2016-10-29T00:00:13","guid":{"rendered":"https:\/\/www.focolare.org\/un-rendez-vous-mondial\/"},"modified":"2024-05-16T15:17:30","modified_gmt":"2024-05-16T13:17:30","slug":"un-rendez-vous-mondial","status":"publish","type":"post","link":"https:\/\/www.focolare.org\/fr\/un-rendez-vous-mondial\/","title":{"rendered":"Un rendez-vous mondial"},"content":{"rendered":"<p><strong><img loading=\"lazy\" decoding=\"async\" class=\"alignleft wp-image-143978\" src=\"https:\/\/www.focolare.org\/wp-content\/uploads\/2016\/10\/Delegates_MariaVoce.jpg\" alt=\"Delegates_MariaVoce\" width=\"318\" height=\"174\" \/>Pour la premi\u00e8re fois le rendez-vous mondial des responsables du Mouvement des focolari ne s\u2019est pas d\u00e9roul\u00e9 en une seule, mais en trois sessions de 10 jours chacune, <\/strong>correspondant \u00e0 trois aires g\u00e9ographiques<strong>\u00a0: les Am\u00e9riques et l\u2019Oc\u00e9anie\u00a0; l\u2019Asie, l\u2019Afrique et le Moyen-Orient\u00a0; l\u2019Europe.<\/strong> Trois \u00e9v\u00e9nements qui se sont succ\u00e9d\u00e9 dans la continuit\u00e9 en reprenant les m\u00eames th\u00e9matiques. En plus des deux d\u00e9l\u00e9gu\u00e9s de chaque zone, y ont particip\u00e9 les responsables de quelques nations ou territoires et quelques conseillers charg\u00e9s de suivre des aspects concrets. Environ 90 personnes \u00e9taient pr\u00e9sentes \u00e0 chacune des sessions: des hommes et des femmes repr\u00e9sentant les nombreuses communaut\u00e9s qui tapissent la plan\u00e8te en y portant l\u2019esprit d\u2019unit\u00e9.  <strong>C\u2019est le pr\u00e9sidente Maria Voce qui les a accueillis en soulignant la richesse de ces moments de moisson, dans la gratitude envers Dieu<\/strong> pour la vie engendr\u00e9e par le charisme de Chiara. Elle a aussi introduit le th\u00e8me spirituel retenu pour cette rencontre et pour l\u2019ann\u00e9e qui vient\u00a0: le myst\u00e8re de J\u00e9sus abandonn\u00e9, cl\u00e9 pour que se r\u00e9alise l\u2019unit\u00e9.\u00a0<em>\u00ab\u00a0J\u00e9sus est venu sur terre \u2013 <\/em>rappelle la pr\u00e9sidente<em> \u2013 pour se charger de toutes les douleurs de l\u2019humanit\u00e9 et pour nous assurer qu\u2019avec Lui, il est possible de passer de la croix \u00e0 la r\u00e9surrection\u00a0\u00bb.<\/em>  <em>\u00a0\u00a0\u00a0\u00a0\u00a0\u00a0\u00a0\u00a0\u00a0\u00a0\u00a0\u00a0\u00a0\u00a0\u00a0\u00a0\u00a0\u00a0\u00a0\u00a0\u00a0\u00a0\u00a0\u00a0\u00a0\u00a0\u00a0\u00a0\u00a0\u00a0\u00a0\u00a0\u00a0\u00a0\u00a0\u00a0\u00a0\u00a0\u00a0\u00a0\u00a0\u00a0\u00a0\u00a0\u00a0\u00a0\u00a0\u00a0\u00a0\u00a0\u00a0\u00a0\u00a0\u00a0\u00a0\u00a0\u00a0\u00a0\u00a0\u00a0\u00a0\u00a0\u00a0\u00a0\u00a0\u00a0\u00a0\u00a0\u00a0\u00a0\u00a0\u00a0\u00a0\u00a0\u00a0\u00a0\u00a0\u00a0\u00a0\u00a0\u00a0\u00a0\u00a0\u00a0\u00a0\u00a0\u00a0\u00a0\u00a0\u00a0\u00a0\u00a0\u00a0\u00a0\u00a0\u00a0\u00a0\u00a0\u00a0\u00a0\u00a0\u00a0\u00a0\u00a0\u00a0\u00a0\u00a0\u00a0\u00a0\u00a0\u00a0\u00a0\u00a0\u00a0\u00a0\u00a0\u00a0\u00a0\u00a0\u00a0\u00a0\u00a0\u00a0\u00a0\u00a0\u00a0\u00a0\u00a0\u00a0\u00a0\u00a0\u00a0\u00a0\u00a0\u00a0\u00a0\u00a0\u00a0\u00a0\u00a0\u00a0\u00a0\u00a0\u00a0\u00a0\u00a0\u00a0\u00a0\u00a0\u00a0\u00a0\u00a0\u00a0\u00a0\u00a0\u00a0\u00a0\u00a0\u00a0\u00a0\u00a0\u00a0\u00a0\u00a0\u00a0\u00a0\u00a0\u00a0\u00a0\u00a0\u00a0\u00a0\u00a0\u00a0\u00a0\u00a0\u00a0\u00a0\u00a0\u00a0\u00a0\u00a0\u00a0\u00a0\u00a0\u00a0\u00a0\u00a0\u00a0\u00a0\u00a0\u00a0\u00a0\u00a0\u00a0\u00a0\u00a0\u00a0\u00a0\u00a0\u00a0 <strong><img loading=\"lazy\" decoding=\"async\" class=\"wp-image-143985 alignright\" src=\"https:\/\/www.focolare.org\/wp-content\/uploads\/2016\/10\/Delegates_06.jpg\" alt=\"Delegates_06\" width=\"318\" height=\"179\" \/><\/strong><\/em><strong>Au cours du travail intense de ces trois sessions les temps de partage ont \u00e9t\u00e9 importants<\/strong>. \u00a0A commencer par les r\u00e9alit\u00e9s d\u2019un monde \u00ab\u00a0jeune\u00a0\u00bb &#8211; celles des Am\u00e9riques et de l\u2019Oc\u00e9anie \u2013 fortement orient\u00e9 vers le d\u00e9veloppement social et technologique, mais aussi porteur de nombreuses exigences spirituelles, sp\u00e9cialement en Am\u00e9rique Latine, tandis que les autres r\u00e9gions ont besoin de nouvelles strat\u00e9gies en vue d\u2019une croissance concernant aussi les valeurs. <em>\u00ab\u00a0Mais il ne s\u2019agit pas \u2013 <\/em><strong>pr\u00e9cise Ray Asprer<\/strong><em> \u2013 de les d\u00e9finir autour d\u2019une table, mais de d\u00e9velopper la conscience que ce sera l\u2019Esprit Saint qui nous sugg\u00e9rera la contribution que la soci\u00e9t\u00e9 d\u2019aujourd\u2019hui attend du charisme de l\u2019unit\u00e9\u00a0\u00bb.\u00a0\u00ab\u00a0En Oc\u00e9anie &#8211; <\/em><strong>ajoute Vania Cheng<\/strong><em> \u2013 nous devons nous rapprocher davantage des soci\u00e9t\u00e9s aborig\u00e8nes et affronter le d\u00e9fi de la s\u00e9cularisation. Nous repartons d\u2019ici pour continuer \u00e0 semer avec courage, convaincus que l\u2019\u00c9vangile est contagieux par nature\u00a0\u00bb.\u00a0\u00ab\u00a0M\u00eame si les d\u00e9fis ne manquent pas \u2013 <\/em>affirme <strong>Gabriela Melo<\/strong> pour l\u2019Am\u00e9rique Latine<em> \u2013 nos communaut\u00e9s vivent la communion et la r\u00e9ciprocit\u00e9. Et cela les conforte dans l\u2019id\u00e9e que l\u2019objectif d\u2019un monde uni n\u2019est pas une utopie\u00a0\u00bb.<\/em>  <strong><a href=\"https:\/\/www.focolare.org\/wp-content\/uploads\/2016\/10\/Delegates_20.jpg\"><img loading=\"lazy\" decoding=\"async\" class=\"alignleft wp-image-143977\" src=\"https:\/\/www.focolare.org\/wp-content\/uploads\/2016\/10\/Delegates_20.jpg\" alt=\"Delegates_20\" width=\"318\" height=\"212\" \/><\/a><\/strong>Tr\u00e8s significative aussi la rencontre des trois grandes aires g\u00e9ographiques de l\u2019Afrique, de l\u2019Asie et du Moyen-Orient, chacune confront\u00e9e \u00e0 des probl\u00e8mes de tous genres &#8211; sp\u00e9cialement le Moyen-Orient \u2013 o\u00f9 se vit un drame qui semble sans solution. C\u2019est pr\u00e9cis\u00e9ment sur les terres o\u00f9 J\u00e9sus a v\u00e9cu qu\u2019\u00e9merge avec force la n\u00e9cessit\u00e9, en plus du soutien aux populations, de diffuser la \u00ab\u00a0culture de la R\u00e9surrection\u00a0\u00bb. <em>\u00ab\u00a0En ce qui concerne l\u2019Afrique \u2013 <\/em>rapporte <strong>Joseph Assouad<\/strong><em> \u2013 on a mis en \u00e9vidence la grande valeur de l\u2019inculturation. Chaque peuple a fait un long chemin pour d\u00e9couvrir la V\u00e9rit\u00e9 et nous, en allant l\u00e0, nous ne devons pas croire qu\u2019on construit \u00e0 partir de z\u00e9ro\u00a0!\u00a0\u00bb.<\/em> Tandis que<strong> Robert Catalano,<\/strong> en parlant du continent asiatique, affirme qu\u2019il a beaucoup \u00e0 dire au monde au sujet de l\u2019aspect social et politique, et souligne l\u2019importance du dialogue interreligieux dans les diverses r\u00e9gions du monde asiatique gr\u00e2ce aussi \u00e0 la contribution de l\u2019\u00c9cole d&rsquo;approfondissement des grandes religions, n\u00e9e aux Philippines \u00e0 l\u2019initiative des Focolari.  <strong><a href=\"https:\/\/www.focolare.org\/wp-content\/uploads\/2016\/10\/Delegates_12-2.jpg\"><img loading=\"lazy\" decoding=\"async\" class=\"alignright wp-image-143987\" src=\"https:\/\/www.focolare.org\/wp-content\/uploads\/2016\/10\/Delegates_12-2.jpg\" alt=\"Delegates_12 (2)\" width=\"318\" height=\"212\" \/><\/a>Enfin l\u2019Europe, de la Sib\u00e9rie au Portugal. Le monde attend de ce continent unit\u00e9, valeurs humaines et spirituelles, capacit\u00e9 de dialogue, sp\u00e9cialement avec l\u2019Islam,<\/strong> une r\u00e9alit\u00e9 qui s\u2019av\u00e8re toujours plus d\u2019actualit\u00e9 dans ses diverses r\u00e9gions. <em>\u00ab\u00a0Et surtout <\/em>\u2013 d\u00e9clare <strong>Severin Schmitt<\/strong><em> \u2013 le monde attend que l\u2019Europe trouve une solution digne au drame des r\u00e9fugi\u00e9s\u00a0\u00bb.<\/em> Les d\u00e9fis sont nombreux\u00a0: s\u00e9cularisation, relativisme, nouvelles g\u00e9n\u00e9rations. Ils exigent des propositions et des r\u00e9ponses n\u00e9es de la communion entre toutes les composantes g\u00e9ographiques du continent. <em>\u00ab\u00a0Ce sont des probl\u00e9matiques \u2013 <\/em>affirme<strong> Margherita Karram<\/strong><em> \u2013 qui ont suscit\u00e9 une plus grande motivation et une plus grande cr\u00e9ativit\u00e9, en mettant en r\u00e9seau de nombreuses personnes qui, par exemple en Italie, se mobilisent pour l\u2019accueil des r\u00e9fugi\u00e9s\u00a0\u00bb. <\/em>  <strong>Ces rencontres ont fait ressortir de nombreux points et suscit\u00e9\u00a0 de nombreuses id\u00e9es.<\/strong> Mais aussi des questions sans r\u00e9ponses. Mais chez tous une grande certitude\u00a0: continuer \u00e0 s\u2019ouvrir aux autres avec confiance, comme le sugg\u00e8re le pape Fran\u00e7ois, certains que, chemin faisant, s\u2019ouvriront des routes nouvelles et impensables. <strong>Jes\u00fas Mor\u00e1n<\/strong>, copr\u00e9sident des Focolari, en est convaincu : <em>\u201cJ\u00e9sus dit \u00e0 Marie-Madeleine va et dis \u00e0 tes fr\u00e8res que je vous pr\u00e9c\u00e8de en Galil\u00e9e. Qu\u2019est-ce que la Galil\u00e9e\u00a0? La Galil\u00e9e c\u2019est le monde qui se trouve en dehors de la Ville Sainte, en dehors de murs de J\u00e9rusalem, l\u00e0 o\u00f9 J\u00e9sus est mort. C\u2019est le monde. Et c\u2019est l\u00e0, dans le monde, que J\u00e9sus nous pr\u00e9c\u00e8de\u00a0\u00bb.<\/em><\/p>\n","protected":false},"excerpt":{"rendered":"<p>Au cours des mois de septembre et d\u2019octobre les responsables des Focolari se sont retrouv\u00e9s lors de trois rencontres au Centre du Mouvement pour partager les r\u00e9alit\u00e9s v\u00e9cues et les fruits de l\u2019ann\u00e9e \u00e9coul\u00e9e. Et aussi pour d\u00e9gager, \u00e0 travers la communion entre tous, les perspectives \u00e0 venir.<\/p>\n","protected":false},"author":34,"featured_media":0,"comment_status":"open","ping_status":"open","sticky":false,"template":"","format":"standard","meta":{"give_campaign_id":0,"_seopress_robots_primary_cat":"","_seopress_titles_title":"","_seopress_titles_desc":"","_seopress_robots_index":"","_et_pb_use_builder":"","_et_pb_old_content":"","_et_gb_content_width":"","footnotes":""},"categories":[906],"tags":[],"class_list":["post-331810","post","type-post","status-publish","format-standard","hentry","category-focolare-worldwide-2-3"],"_links":{"self":[{"href":"https:\/\/www.focolare.org\/fr\/wp-json\/wp\/v2\/posts\/331810","targetHints":{"allow":["GET"]}}],"collection":[{"href":"https:\/\/www.focolare.org\/fr\/wp-json\/wp\/v2\/posts"}],"about":[{"href":"https:\/\/www.focolare.org\/fr\/wp-json\/wp\/v2\/types\/post"}],"author":[{"embeddable":true,"href":"https:\/\/www.focolare.org\/fr\/wp-json\/wp\/v2\/users\/34"}],"replies":[{"embeddable":true,"href":"https:\/\/www.focolare.org\/fr\/wp-json\/wp\/v2\/comments?post=331810"}],"version-history":[{"count":0,"href":"https:\/\/www.focolare.org\/fr\/wp-json\/wp\/v2\/posts\/331810\/revisions"}],"wp:attachment":[{"href":"https:\/\/www.focolare.org\/fr\/wp-json\/wp\/v2\/media?parent=331810"}],"wp:term":[{"taxonomy":"category","embeddable":true,"href":"https:\/\/www.focolare.org\/fr\/wp-json\/wp\/v2\/categories?post=331810"},{"taxonomy":"post_tag","embeddable":true,"href":"https:\/\/www.focolare.org\/fr\/wp-json\/wp\/v2\/tags?post=331810"}],"curies":[{"name":"wp","href":"https:\/\/api.w.org\/{rel}","templated":true}]}}