{"id":331850,"date":"2016-11-13T04:00:36","date_gmt":"2016-11-13T03:00:36","guid":{"rendered":"https:\/\/www.focolare.org\/foresi-leglise-des-pauvres\/"},"modified":"2024-05-16T15:17:41","modified_gmt":"2024-05-16T13:17:41","slug":"foresi-leglise-des-pauvres","status":"publish","type":"post","link":"https:\/\/www.focolare.org\/fr\/foresi-leglise-des-pauvres\/","title":{"rendered":"Foresi : L\u2019Eglise des pauvres"},"content":{"rendered":"<p><strong><img loading=\"lazy\" decoding=\"async\" class=\"wp-image-144823 alignright\" src=\"https:\/\/www.focolare.org\/wp-content\/uploads\/2016\/11\/20161113-03.jpg\" alt=\"20161113-03\" width=\"293\" height=\"165\" \/>\u201cPar \u00c9glise des pauvres on entend deux choses pr\u00e9cises: l\u2019\u00c9glise doit \u00eatre pauvre comme le Christ si elle veut annoncer le Royaume de Dieu,<\/strong> si elle veut que son message soit efficace\u00a0; et \u00eatre pauvre en esprit est un devoir pour tous les chr\u00e9tiens qui sont profond\u00e9ment attach\u00e9s \u00e0 la vie de l\u2019\u00c9glise ; il sera plus facile pour les pauvres d\u2019accepter le message du salut, tandis que pour un riche il sera aussi difficile d\u2019entrer dans le Royaume des Cieux qu\u2019\u00e0 un chameau de passer par le trou d\u2019une aiguille.  <strong>Il ne faut pas cependant croire \u00e0 une transposition facile de cette \u00c9glise pauvre et de cette \u00c9glise des pauvres dans le domaine politique et social de la vie actuelle.<\/strong> Le mot pauvre, pour J\u00e9sus, d\u00e9signait ceux qui, tout en \u00e9tant \u00e9prouv\u00e9s, humbles et priv\u00e9s de soutiens et d\u2019appuis ext\u00e9rieurs sur lesquels pouvoir compter, s\u2019en remettent \u00e0 Dieu qui est juste et bienveillant. Les traducteurs grecs de la Bible ont bien compris qu\u2019il ne s\u2019agit pas seulement de la pauvret\u00e9 mat\u00e9rielle\u00a0; en effet, ils n\u2019ont pas traduit le mot h\u00e9breu <em>anaw <\/em>(pauvre), par \u00ab\u00a0indigent\u00a0\u00bb, mais lui ont pr\u00e9f\u00e9r\u00e9 le terme <em>praus <\/em>qui \u00e9voque l\u2019id\u00e9e de celui qui est doux et docile, y compris dans les \u00e9preuves. (\u2026)  <strong>Pour en rester \u00e0 l\u2019\u00c9vangile, ces pauvres se trouvent aussi dans les classes ais\u00e9es.<\/strong>\u00a0 Matthieu nous dit \u00e0 propos de Joseph d\u2019Arimathie\u00a0: \u00ab\u00a0Un homme riche qui \u00e9tait aussi disciple de J\u00e9sus\u00a0\u00bb <em>(27, 57)<\/em>. Lui aussi \u00e9tait d\u00e9tach\u00e9 de ses biens, lui aussi \u00e9tait humble et pauvre. (\u2026) Tertullien dans son <em>Apolog\u00e9tique<\/em> d\u00e9signait les chr\u00e9tiens de son \u00e9poque comme ceux qui n\u2019aspiraient pas et ne luttaient pas pour acc\u00e9der \u00e0 des charges politiques, m\u00eame mineures, parce qu\u2019ils n\u2019\u00e9taient pas mus par des ambitions personnelles. D\u2019autre part nous remarquons que beaucoup de gens, qui sont dans des conditions \u00e9conomiques pr\u00e9caires, \u00e9coutent des propositions qui ne viennent pas de l\u2019\u00c9glise et les suivent. (\u2026) C\u2019est la raison pour laquelle les papes et le Concile nous invitent \u00e0 r\u00e9fl\u00e9chir sur notre vie chr\u00e9tienne. Est-elle vraiment authentique? Porte-t-elle le signe visible de l\u2019humilit\u00e9 et de la pauvret\u00e9\u00a0?  <strong><img loading=\"lazy\" decoding=\"async\" class=\" wp-image-144825 alignleft\" src=\"https:\/\/www.focolare.org\/wp-content\/uploads\/2016\/11\/20161113-02.jpg\" alt=\"20161113-02\" width=\"321\" height=\"241\" \/>La pauvret\u00e9 doit \u00eatre fruit de la charit\u00e9<\/strong>.<strong> C\u2019est l\u2019amour qui nous portera \u00e0 mettre nos biens \u00e0 la disposition de la communaut\u00e9 et des personnes indigentes ou dans le besoin<\/strong>. C\u2019est la charit\u00e9 chr\u00e9tienne qui permet d\u2019\u00e9touffer l\u2019\u00e9go\u00efsme et de faire na\u00eetre la communion (\u2026) L\u2019\u00c9glise des pauvres devient ainsi l\u2019\u00c9glise de la communion entre les riches qui se font pauvres et les pauvres qui offrent leur indigence pour construire tous ensemble l\u2019\u00c9glise. (\u2026) Si nous voulons que l\u2019\u00c9glise des pauvres retrouve sa force de t\u00e9moignage dans l\u2019\u00e9vang\u00e9lisation, il faut, \u00e0 tous les niveaux et partout dans L\u2019\u00c9glise, se replonger dans une vie chr\u00e9tienne authentique, du sommet \u00e0 la base, de la p\u00e9riph\u00e9rie au centre. (\u2026)  <strong>Cela aura des r\u00e9percussions au plan social et politique,<\/strong> avec des r\u00e9formes nouvelles, qui seront fondamentalement chr\u00e9tiennes si inspir\u00e9es par la libert\u00e9. (\u2026) Quelques personnes tr\u00e8s sensibles \u00e0 ces questions ne sont pas satisfaites et continuent \u00e0 crier leur d\u00e9sir de voir l\u2019\u00c9glise devenir plus pauvre. (\u2026) Quand une chose juste est r\u00e9clam\u00e9e, m\u00eame de fa\u00e7on d\u00e9sordonn\u00e9e et maladroite, il faut m\u00e9diter profond\u00e9ment et se demander si tout ce qui nous est signifi\u00e9 n\u2019est pas un aiguillon qui vient h\u00e2ter ce processus de renouvellement sans lequel la bonne Nouvelle avance p\u00e9niblement et ne peut parvenir \u00e0 tous les hommes de la terre. (\u2026)  Vouloir la paix, la pauvret\u00e9, aspirer \u00e0 une communion des biens, signe visible de celle des c\u0153urs et des esprits\u00a0: voil\u00e0 des revendications que nous n\u2019avons pas \u00e0 craindre, au contraire, ce sont elles qui nous font avancer sur le chemin de l\u2019\u00c9vangile \u00bb.  &nbsp;  <a href=\"https:\/\/www.focolare.org\/fr\/chiara-lubich\/chi-e-chiara\/pasquale-foresi\/\" target=\"_blank\" rel=\"noopener\">Pasquale Foresi<\/a> &#8211; Problematica d&rsquo;oggi nella Chiesa &#8211;\u00a0 1970 \u2013 Editions <em>Citt\u00e0 Nuova <\/em>  &nbsp;<\/p>\n","protected":false},"excerpt":{"rendered":"<p>R\u00e9flexions de Pasquale Foresi (1929-2015), th\u00e9ologien et cofondateur avec Chiara Lubich du Mouvement des Focolari, sur la pauvret\u00e9 \u00e9vang\u00e9lique. Une lecture qui rejoint l\u2019enseignement du pape Fran\u00e7ois.<\/p>\n","protected":false},"author":34,"featured_media":0,"comment_status":"open","ping_status":"open","sticky":false,"template":"","format":"standard","meta":{"give_campaign_id":0,"_seopress_robots_primary_cat":"","_seopress_titles_title":"","_seopress_titles_desc":"","_seopress_robots_index":"","_et_pb_use_builder":"","_et_pb_old_content":"","_et_gb_content_width":"","footnotes":""},"categories":[47],"tags":[],"class_list":["post-331850","post","type-post","status-publish","format-standard","hentry","category-non-classifiee"],"_links":{"self":[{"href":"https:\/\/www.focolare.org\/fr\/wp-json\/wp\/v2\/posts\/331850","targetHints":{"allow":["GET"]}}],"collection":[{"href":"https:\/\/www.focolare.org\/fr\/wp-json\/wp\/v2\/posts"}],"about":[{"href":"https:\/\/www.focolare.org\/fr\/wp-json\/wp\/v2\/types\/post"}],"author":[{"embeddable":true,"href":"https:\/\/www.focolare.org\/fr\/wp-json\/wp\/v2\/users\/34"}],"replies":[{"embeddable":true,"href":"https:\/\/www.focolare.org\/fr\/wp-json\/wp\/v2\/comments?post=331850"}],"version-history":[{"count":0,"href":"https:\/\/www.focolare.org\/fr\/wp-json\/wp\/v2\/posts\/331850\/revisions"}],"wp:attachment":[{"href":"https:\/\/www.focolare.org\/fr\/wp-json\/wp\/v2\/media?parent=331850"}],"wp:term":[{"taxonomy":"category","embeddable":true,"href":"https:\/\/www.focolare.org\/fr\/wp-json\/wp\/v2\/categories?post=331850"},{"taxonomy":"post_tag","embeddable":true,"href":"https:\/\/www.focolare.org\/fr\/wp-json\/wp\/v2\/tags?post=331850"}],"curies":[{"name":"wp","href":"https:\/\/api.w.org\/{rel}","templated":true}]}}