{"id":331882,"date":"2016-11-27T04:00:37","date_gmt":"2016-11-27T03:00:37","guid":{"rendered":"https:\/\/www.focolare.org\/maria-voce-aux-jeunes-des-focolari\/"},"modified":"2024-05-16T15:17:47","modified_gmt":"2024-05-16T13:17:47","slug":"maria-voce-aux-jeunes-des-focolari","status":"publish","type":"post","link":"https:\/\/www.focolare.org\/fr\/maria-voce-aux-jeunes-des-focolari\/","title":{"rendered":"Maria Voce aux jeunes des Focolari"},"content":{"rendered":"<p><strong><a href=\"https:\/\/www.focolare.org\/wp-content\/uploads\/2016\/11\/emmaus-gen.png\"><img loading=\"lazy\" decoding=\"async\" class=\"size-full wp-image-145478 alignleft\" src=\"https:\/\/www.focolare.org\/wp-content\/uploads\/2016\/11\/emmaus-gen.png\" alt=\"emmaus gen\" width=\"386\" height=\"342\" \/><\/a><\/strong>\u00ab\u00a0<strong>J\u2019ai vu avec quel s\u00e9rieux, de tout votre c\u0153ur, <\/strong>vous vous \u00eates pr\u00e9par\u00e9 ce qui me donne une tr\u00e8s grande joie et me fait \u00eatre tranquille pour l\u2019avenir du Mouvement<strong>.<\/strong> J\u2019ai constat\u00e9 que vous avez vraiment pris au s\u00e9rieux la consigne que <a href=\"https:\/\/www.focolare.org\/fr\/chiara-lubich\/chi-e-chiara\/\">Chiara Lubich<\/a> a laiss\u00e9e \u00e0 la seconde g\u00e9n\u00e9ration [\u2026] avec le m\u00eame \u00e9lan\u00a0\u00bb qu\u2019au d\u00e9but du Mouvement.  <strong>Aux nombreuses r\u00e9ponses que les jeunes lui ont adress\u00e9es<\/strong> sur le point de la <a href=\"https:\/\/www.focolare.org\/fr\/chiara-lubich\/spiritualita-dellunita\/\" target=\"_blank\" rel=\"noopener\">spiritualit\u00e9<\/a> choisi pour \u00eatre approfondi cette ann\u00e9e \u2013 <a href=\"https:\/\/www.focolare.org\/fr\/chiara-lubich\/spiritualita-dellunita\/gesu-abbandonato\/\" target=\"_blank\" rel=\"noopener\">J\u00e9sus abandonn\u00e9<\/a> -, <strong><a href=\"https:\/\/www.focolare.org\/fr\/news\/2014\/09\/15\/maria-voce\/\" target=\"_blank\" rel=\"noopener\">Maria Voce<\/a><\/strong> explique\u00a0:  \u00ab\u00a0Dieu a envoy\u00e9 son Fils pour reconstruire les liens (d\u2019unit\u00e9 entre Dieu et l\u2019homme et entre les hommes), pour faire une \u0153uvre grandiose\u00a0\u00bb. Pour le faire \u00ab\u00a0J\u00e9sus n\u2019a pas choisi d\u2019arriver avec une arm\u00e9e [\u2026], mais il a choisi un moyen que l\u2019on ne comprend sans doute pas tout de suite\u00a0: il a choisi (\u2026) la croix. Mais la croix qui, pour J\u00e9sus, voulait dire\u00a0: l\u2019amour jusqu\u2019au bout, l\u2019amour le plus grand, prendre sur lui toutes les souffrances de l\u2019humanit\u00e9, toutes les souffrances, toutes les humiliations, vraiment par amour\u00a0! \u00c0 ce moment-l\u00e0, J\u00e9sus a fait la nouvelle cr\u00e9ation, il a cr\u00e9\u00e9 la nouvelle unit\u00e9, il a rachet\u00e9 l\u2019humanit\u00e9, c\u2019est-\u00e0-dire qu\u2019il a r\u00e9tabli l\u2019unit\u00e9 que l\u2019humanit\u00e9 avait perdue avec Dieu et l\u2019unit\u00e9 des hommes entre eux. C\u2019est donc l\u2019\u0153uvre la plus grande\u00a0\u00bb.  \u00ab\u00a0<strong>J\u00e9sus abandonn\u00e9 est donc, \u00e0 ce moment-l\u00e0, le Roi victorieux<\/strong>\u00a0! Il n\u2019est pas seulement celui qui souffre. Oui, la souffrance a \u00e9t\u00e9 le moyen qu\u2019il a choisi mais parce qu\u2019il d\u00e9montrait, par cette souffrance, l\u2019amour le plus grand, car il t\u00e9moignait aux hommes \u00e0 quel point son P\u00e8re l\u2019aimait et \u00e0 quel point, par amour de son P\u00e8re et des hommes, il \u00e9tait pr\u00eat \u00e0 souffrir. Maintenant, J\u00e9sus abandonn\u00e9 se pr\u00e9sente \u00e0 nous et nous dit la m\u00eame chose\u00a0: \u00ab\u00a0<strong>Voulez-vous t\u00e9moigner au monde entier, \u00e0 tous les hommes, l\u2019amour de Dieu<\/strong>\u00a0? Prenez le m\u00eame moyen, prenez sur vous les souffrances, les douleurs, les doutes, les angoisses que traverse l\u2019humanit\u00e9\u00a0\u00bb en cr\u00e9ant \u00ab\u00a0toujours davantage ces liens qui feront de la famille humaine une vraie famille d\u2019enfants de Dieu, li\u00e9s entre eux et li\u00e9s au P\u00e8re\u00a0\u00bb.  <strong>En ce qui concerne les questions des jeunes sur leur avenir, Maria Voce r\u00e9pond<\/strong>\u00a0: \u00ab\u00a0Soyez g\u00e9n\u00e9reux avec Dieu\u00a0! Si vraiment vous sentez que Dieu, d\u2019une fa\u00e7on ou d\u2019une autre, vous appelle, vous dit un mot au fond de votre c\u0153ur, n\u2019\u00e9coutez rien d\u2019autre, n\u2019\u00e9coutez que cette voix et r\u00e9pondez oui [\u2026]. Plus tard, ce sera Lui qui vous conduira l\u00e0 o\u00f9 Il veut\u00a0\u00bb pour r\u00e9aliser sur chacun un \u00ab\u00a0projet d\u2019amour qui vous procurera le plus grand bonheur. Je vous le souhaite de tout mon c\u0153ur\u00a0!\u00a0\u00bb.  Gustavo Clari\u00e1  https:\/\/vimeo.com\/192631631<\/p>\n","protected":false},"excerpt":{"rendered":"<p>Passages du message de la pr\u00e9sidente des Focolari aux 1100 Gen du monde entier r\u00e9unis \u00e0 Castel Gandolfo (Rome), du 17 au 20 novembre, pour le 50\u00b0 anniversaire du mouvement Gen.<\/p>\n","protected":false},"author":34,"featured_media":0,"comment_status":"open","ping_status":"open","sticky":false,"template":"","format":"standard","meta":{"give_campaign_id":0,"_seopress_robots_primary_cat":"","_seopress_titles_title":"","_seopress_titles_desc":"","_seopress_robots_index":"","_et_pb_use_builder":"","_et_pb_old_content":"","_et_gb_content_width":"","footnotes":""},"categories":[47],"tags":[],"class_list":["post-331882","post","type-post","status-publish","format-standard","hentry","category-non-classifiee"],"_links":{"self":[{"href":"https:\/\/www.focolare.org\/fr\/wp-json\/wp\/v2\/posts\/331882","targetHints":{"allow":["GET"]}}],"collection":[{"href":"https:\/\/www.focolare.org\/fr\/wp-json\/wp\/v2\/posts"}],"about":[{"href":"https:\/\/www.focolare.org\/fr\/wp-json\/wp\/v2\/types\/post"}],"author":[{"embeddable":true,"href":"https:\/\/www.focolare.org\/fr\/wp-json\/wp\/v2\/users\/34"}],"replies":[{"embeddable":true,"href":"https:\/\/www.focolare.org\/fr\/wp-json\/wp\/v2\/comments?post=331882"}],"version-history":[{"count":0,"href":"https:\/\/www.focolare.org\/fr\/wp-json\/wp\/v2\/posts\/331882\/revisions"}],"wp:attachment":[{"href":"https:\/\/www.focolare.org\/fr\/wp-json\/wp\/v2\/media?parent=331882"}],"wp:term":[{"taxonomy":"category","embeddable":true,"href":"https:\/\/www.focolare.org\/fr\/wp-json\/wp\/v2\/categories?post=331882"},{"taxonomy":"post_tag","embeddable":true,"href":"https:\/\/www.focolare.org\/fr\/wp-json\/wp\/v2\/tags?post=331882"}],"curies":[{"name":"wp","href":"https:\/\/api.w.org\/{rel}","templated":true}]}}