{"id":331918,"date":"2016-12-17T04:30:02","date_gmt":"2016-12-17T03:30:02","guid":{"rendered":"https:\/\/www.focolare.org\/toutes-nos-felicitations-pape-francois\/"},"modified":"2024-05-16T15:17:58","modified_gmt":"2024-05-16T13:17:58","slug":"toutes-nos-felicitations-pape-francois","status":"publish","type":"post","link":"https:\/\/www.focolare.org\/fr\/toutes-nos-felicitations-pape-francois\/","title":{"rendered":"Toutes nos f\u00e9licitations pape Fran\u00e7ois !"},"content":{"rendered":"<p>&nbsp;  <a href=\"https:\/\/www.focolare.org\/wp-content\/uploads\/2016\/12\/2016-12-17-PapaFrancescoCompleano-Fr-a1.jpg\"><img loading=\"lazy\" decoding=\"async\" class=\"size-full wp-image-146214 alignleft\" src=\"https:\/\/www.focolare.org\/wp-content\/uploads\/2016\/12\/2016-12-17-PapaFrancescoCompleano-Fr-a1.jpg\" alt=\"2016-12-17-PapaFrancescoCompleano-Fr-a\" width=\"685\" height=\"326\" \/><\/a>Utilisez<strong> les r\u00e9seaux sociaux pour envoyer vos propres f\u00e9licitations au Pape<\/strong>:  <strong>Twitter:<\/strong> @pontifex <strong>Instagram:<\/strong> franciscus <strong>Hashtag<\/strong> #Pontifex80<\/p>\n","protected":false},"excerpt":{"rendered":"<p>Le Mouvement des Focolari dans le monde entier f\u00eate et prie pour le 80 \u00e8me  anniversaire du pape Fran\u00e7ois, en remerciant pour le don de sa vie, enti\u00e8rement d\u00e9di\u00e9e \u00e0  l\u2019\u00c9glise et \u00e0 l\u2019humanit\u00e9.<\/p>\n","protected":false},"author":34,"featured_media":0,"comment_status":"open","ping_status":"open","sticky":false,"template":"","format":"standard","meta":{"give_campaign_id":0,"_seopress_robots_primary_cat":"","_seopress_titles_title":"","_seopress_titles_desc":"","_seopress_robots_index":"","_et_pb_use_builder":"","_et_pb_old_content":"","_et_gb_content_width":"","footnotes":""},"categories":[47],"tags":[],"class_list":["post-331918","post","type-post","status-publish","format-standard","hentry","category-non-classifiee"],"_links":{"self":[{"href":"https:\/\/www.focolare.org\/fr\/wp-json\/wp\/v2\/posts\/331918","targetHints":{"allow":["GET"]}}],"collection":[{"href":"https:\/\/www.focolare.org\/fr\/wp-json\/wp\/v2\/posts"}],"about":[{"href":"https:\/\/www.focolare.org\/fr\/wp-json\/wp\/v2\/types\/post"}],"author":[{"embeddable":true,"href":"https:\/\/www.focolare.org\/fr\/wp-json\/wp\/v2\/users\/34"}],"replies":[{"embeddable":true,"href":"https:\/\/www.focolare.org\/fr\/wp-json\/wp\/v2\/comments?post=331918"}],"version-history":[{"count":0,"href":"https:\/\/www.focolare.org\/fr\/wp-json\/wp\/v2\/posts\/331918\/revisions"}],"wp:attachment":[{"href":"https:\/\/www.focolare.org\/fr\/wp-json\/wp\/v2\/media?parent=331918"}],"wp:term":[{"taxonomy":"category","embeddable":true,"href":"https:\/\/www.focolare.org\/fr\/wp-json\/wp\/v2\/categories?post=331918"},{"taxonomy":"post_tag","embeddable":true,"href":"https:\/\/www.focolare.org\/fr\/wp-json\/wp\/v2\/tags?post=331918"}],"curies":[{"name":"wp","href":"https:\/\/api.w.org\/{rel}","templated":true}]}}