{"id":331928,"date":"2016-12-22T04:11:27","date_gmt":"2016-12-22T03:11:27","guid":{"rendered":"https:\/\/www.focolare.org\/les-gen4-mettent-jesus-au-centre-de-la-fete-de-noel\/"},"modified":"2024-05-16T15:18:01","modified_gmt":"2024-05-16T13:18:01","slug":"les-gen4-mettent-jesus-au-centre-de-la-fete-de-noel","status":"publish","type":"post","link":"https:\/\/www.focolare.org\/fr\/les-gen4-mettent-jesus-au-centre-de-la-fete-de-noel\/","title":{"rendered":"Les Gen4 mettent J\u00e9sus au centre de la f\u00eate de No\u00ebl"},"content":{"rendered":"<p><a href=\"https:\/\/www.focolare.org\/wp-content\/uploads\/2016\/12\/Sloggiato-IM-DSCN0004.jpeg\"><img loading=\"lazy\" decoding=\"async\" class=\"wp-image-145936 alignleft\" src=\"https:\/\/www.focolare.org\/wp-content\/uploads\/2016\/12\/Sloggiato-IM-DSCN0004.jpeg\" alt=\"Sloggiato-IM-DSCN0004\" width=\"386\" height=\"257\" \/><\/a>Ce sont les <a href=\"http:\/\/gen4.focolare.org\/fr\/\" target=\"_blank\" rel=\"noopener\">Gen4<\/a>, les enfants des <a href=\"https:\/\/www.focolare.org\/fr\/chi-siamo\/\" target=\"_blank\" rel=\"noopener\">Focolari<\/a>, qui t\u2019expliquent avec conviction que No\u00ebl n\u2019est pas seulement une f\u00eate de couleurs, un ensemble de personnages cr\u00e9\u00e9s par des publicit\u00e9s persuasives, une course fr\u00e9n\u00e9tique \u00e0 la recherche de cadeaux :<em>\u2019\u2019Il faut \u00e0 nouveau mettre J\u00e9sus au centre de la f\u00eate de No\u00ebl\u2019\u2019,<\/em> <em>c\u2019est sa f\u00eate,<\/em> te racontent-ils.  C\u2019est avec patience et amour que les Gen4 pr\u00e9parent les petits nouveaux-n\u00e9s en pl\u00e2tre qu\u2019ils offriront ensuite aux passants. A New York, une femme raconte\u00a0:\u00a0\u00ab<em>\u00a0Alors que je visitais la ville<\/em> <em>avec des amis au beau milieu de la foule, votre table a attir\u00e9 mon attention&#8230;Ces paroles,\u2019<a href=\"https:\/\/www.focolare.org\/fr\/wp-content\/uploads\/2011\/12\/C.Lubich_HannoSloggiatoGes%C3%B919801.pdf\" target=\"_blank\" rel=\"noopener\">\u2019Ils ont d\u00e9log\u00e9 J\u00e9sus\u2019\u2019<\/a> ont fait si bien \u00e9cho en moi\u00a0! Je voudrais transmettre votre message \u00e0 d\u2019autres personnes. Cela a \u00e9t\u00e9 pour moi le plus beau No\u00ebl, il m\u2019a rempli le c\u0153ur de chaleur\u00a0\u00bb.<\/em>  Maria Helena Benjamin et Pep Canoves, responsables des Gen4 au niveau mondial, nous racontent combien ces petits, particuli\u00e8rement sensibles \u00e0 l\u2019amour \u00e9vang\u00e9lique, apprennent \u00e0 concr\u00e9tiser dans leurs actions quotidiennes, de v\u00e9ritables gestes concrets de fraternit\u00e9\u00a0: ils d\u00e9couvrent que l\u2019amour lorsqu\u2019il est r\u00e9ciproque, apporte la pr\u00e9sence de J\u00e9sus parmi eux. Ils apprennent \u00e0 le conna\u00eetre et cr\u00e9ent avec lui un rapport simple et direct. Ils r\u00e9ussissent \u00e0 mettre dans le coup, les amis de l\u2019\u00e9cole, les familles, les parents proches, leurs enseignants, avec leur d\u00e9sarmante simplicit\u00e9, en entrant directement dans le c\u0153ur de chacun.  <a href=\"https:\/\/www.focolare.org\/wp-content\/uploads\/2016\/12\/Sloggiato-IM-DSCN0004.jpeg\"><img loading=\"lazy\" decoding=\"async\" class=\"wp-image-145936 alignright\" src=\"https:\/\/www.focolare.org\/wp-content\/uploads\/2016\/12\/Sloggiato-IM-DSCN0004.jpeg\" alt=\"Sloggiato-IM-DSCN0004\" width=\"386\" height=\"257\" \/><\/a>Pep Canoves rappelle combien <a href=\"https:\/\/www.focolare.org\/fr\/chiara-lubich\/chi-e-chiara\/\" target=\"_blank\" rel=\"noopener\">Chiara Lubich<\/a> avait tellement \u00e0 c\u0153ur ces petits enfants, leur r\u00e9servant une place privil\u00e9gi\u00e9e, les rencontrant pendant les diff\u00e9rents congr\u00e8s internationaux, en leur envoyant des messages, en r\u00e9pondant \u00e0 leurs questions. Et c\u2019est \u00e0 eux qu\u2019elle avait adress\u00e9 l\u2019invitation de faire en sorte que J\u00e9sus ne soit pas banni de No\u00ebl\u00a0:\u00a0<em>\u00ab\u00a0Faites na\u00eetre J\u00e9sus au milieu de<\/em> <em>vous avec votre amour\u00a0; ainsi, c\u2019est toujours No\u00ebl! [\u2026] Nous pouvons offrir J\u00e9sus, J\u00e9sus qui est au<\/em> <em>milieu de nous, au monde entier, apporter notre amour, cette joie, dans les rues, dans les \u00e9coles, aux petits et aux grands&#8230;partout\u00a0!\u00a0\u00bb. <\/em>  Une belle initiative est celle du<u> <a href=\"http:\/\/gen4.focolare.org\/fr\/news\/per-gen4\/1005-avvento-2016.html\" target=\"_blank\" rel=\"noopener\">Calendrier de l\u2019Avent<\/a><\/u>\u00a0: les Gen4 remplissent les journ\u00e9es qui pr\u00e9c\u00e8dent No\u00ebl avec le plus possible d\u2019actes d\u2019amour concrets, apparemment simples, mais qui proportionnellement sont d\u00e9j\u00e0 r\u00e9volutionnaires.  Les Gen4 sont impliqu\u00e9s dans beaucoup d\u2019initiatives, surtout aupr\u00e8s des plus pauvres. <em>\u00ab\u00a0Pendant<\/em> <em>l\u2019ann\u00e9e \u2013<\/em> continue Maria Helena Benjamin \u2013<em> nous recevons diff\u00e9rentes nouvelles du monde entier \u00e0 propos de leurs activit\u00e9s en faveur des plus pauvres. Ils ont une capacit\u00e9 inn\u00e9e \u00e0 accueillir les autres enfants qui sont marginalis\u00e9s, comme l\u2019histoire de Sonia de la Roumanie, \u00e2g\u00e9e de 5 ans, qui fait amiti\u00e9 avec une enfant rom ins\u00e9r\u00e9e depuis peu dans sa classe\u00a0\u00bb. <\/em>  <em>\u00ab\u00a0Nous avons re\u00e7u des nouvelles de Madagascar et de l\u2019Indon\u00e9sie. Aussi de la Syrie, ces jours-ci particuli\u00e8rement difficiles en pleine guerre, des nouvelles nous arrivent \u2013 raconte Pep. Ils nous ont m\u00eame envoy\u00e9 des photos depuis Alep\u00a0: dans cette situation de conflit, on vit avec eux en continuant \u00e0 croire dans la paix\u00a0\u00bb.<\/em>  <strong>Chiara Lubich, en r\u00e9pondant \u00e0 une question d\u2019un Gen4, leur avait donn\u00e9 une consigne\u00a0<\/strong><em>: \u00ab\u00a0Savez-vous quel est le vrai bonheur\u00a0? Essayez\u00a0: c\u2019est celui que poss\u00e8de la personne qui aime, qui aime, qui aime. Quand on aime on est heureux et si on aime toujours, on est toujours heureux\u00a0; Qu\u2019est-ce que vous pouvez faire vous dans le monde?Donner le bonheur, enseigner \u00e0 aimer\u00a0\u00bb. <\/em>  Et vraiment, eux nous apprennent avec leur puret\u00e9 et leur simplicit\u00e9 comment mettre en pratique l\u2019amour \u00e9vang\u00e9lique, le secret du bonheur.<\/p>\n","protected":false},"excerpt":{"rendered":"<p>Beaucoup de personnes, dans plusieurs villes du monde, s\u2019arr\u00eatent durant les festivit\u00e9s de No\u00ebl, le long des routes noires de monde, attir\u00e9es par des petits groupes d\u2019enfants qui donnent avec le sourire, un petit Enfant J\u00e9sus.<\/p>\n","protected":false},"author":34,"featured_media":0,"comment_status":"open","ping_status":"open","sticky":false,"template":"","format":"standard","meta":{"give_campaign_id":0,"_seopress_robots_primary_cat":"","_seopress_titles_title":"","_seopress_titles_desc":"","_seopress_robots_index":"","_et_pb_use_builder":"","_et_pb_old_content":"","_et_gb_content_width":"","footnotes":""},"categories":[906],"tags":[],"class_list":["post-331928","post","type-post","status-publish","format-standard","hentry","category-focolare-worldwide-2-3"],"_links":{"self":[{"href":"https:\/\/www.focolare.org\/fr\/wp-json\/wp\/v2\/posts\/331928","targetHints":{"allow":["GET"]}}],"collection":[{"href":"https:\/\/www.focolare.org\/fr\/wp-json\/wp\/v2\/posts"}],"about":[{"href":"https:\/\/www.focolare.org\/fr\/wp-json\/wp\/v2\/types\/post"}],"author":[{"embeddable":true,"href":"https:\/\/www.focolare.org\/fr\/wp-json\/wp\/v2\/users\/34"}],"replies":[{"embeddable":true,"href":"https:\/\/www.focolare.org\/fr\/wp-json\/wp\/v2\/comments?post=331928"}],"version-history":[{"count":0,"href":"https:\/\/www.focolare.org\/fr\/wp-json\/wp\/v2\/posts\/331928\/revisions"}],"wp:attachment":[{"href":"https:\/\/www.focolare.org\/fr\/wp-json\/wp\/v2\/media?parent=331928"}],"wp:term":[{"taxonomy":"category","embeddable":true,"href":"https:\/\/www.focolare.org\/fr\/wp-json\/wp\/v2\/categories?post=331928"},{"taxonomy":"post_tag","embeddable":true,"href":"https:\/\/www.focolare.org\/fr\/wp-json\/wp\/v2\/tags?post=331928"}],"curies":[{"name":"wp","href":"https:\/\/api.w.org\/{rel}","templated":true}]}}