{"id":331930,"date":"2016-12-23T04:04:11","date_gmt":"2016-12-23T03:04:11","guid":{"rendered":"https:\/\/www.focolare.org\/pour-un-noel-solidaire\/"},"modified":"2024-05-16T15:18:01","modified_gmt":"2024-05-16T13:18:01","slug":"pour-un-noel-solidaire","status":"publish","type":"post","link":"https:\/\/www.focolare.org\/fr\/pour-un-noel-solidaire\/","title":{"rendered":"Pour un No\u00ebl solidaire"},"content":{"rendered":"<table style=\"height: 378px\" width=\"630\" cellspacing=\"10\" cellpadding=\"10\">\n<tbody>\n<tr>\n<td style=\"width: 300px;vertical-align: top\"><img loading=\"lazy\" decoding=\"async\" class=\"alignnone wp-image-145929\" src=\"https:\/\/www.focolare.org\/wp-content\/uploads\/2017\/12\/church-1704815_960_720.jpg\" alt=\"church-1704815_960_720\" width=\"275\" height=\"338\" \/><\/td>\n<td style=\"width: 350px;vertical-align: top\">                      No\u00ebl nous rappelle, avec la phrase de l\u2019\u00c9criture que nous avons choisi d\u2019approfondir ce mois-ci, qu\u2019 \u00ab\u00a0Il vient lui-m\u00eame nous sauver\u00a0\u00bb (Is 35, 4). De quoi\u00a0? De nos souffrances, de nos peurs, de nos angoisses&#8230;mais surtout de nous-m\u00eames, de notre \u00e9go\u00efsme, de notre indiff\u00e9rence vis-\u00e0-vis de celui qui souffre. Mon souhait donc, veut \u00eatre une invitation faite \u00e0 moi-m\u00eame et \u00e0 tous, \u00e0 aller au-del\u00e0 de nous-m\u00eames afin d\u2019accueillir l\u2019autre, tous\u00a0: celui qui est dans le besoin, celui qui a \u00e9t\u00e9 contraint \u00e0 l\u2019abandon de ses propres terres, par les guerres et par la faim, celui qui est seul, marginal, prisonnier\u2026  Je souhaite que chacun d\u2019entre nous, apr\u00e8s avoir exp\u00e9riment\u00e9 l\u2019amour de Dieu qui nous sauve, puisse \u00eatre une main tendue \u00e0 \u2019\u2019sauver\u2019\u2019 celui qui est \u00e0 c\u00f4t\u00e9 de nous.  Joyeux No\u00ebl \u00e0 chacune et chacun\u00a0!  Maria Voce<\/td>\n<\/tr>\n<\/tbody>\n<\/table>\n","protected":false},"excerpt":{"rendered":"<p>No\u00ebl nous rappelle que Dieu vient nous sauver de notre \u00e9go\u00efsme et de nos souffrances et nous rend capables de \u2018\u2019sauver\u2019\u2019 celui qui est dans le besoin. Les meilleurs v\u0153ux de la part de Maria Voce.<\/p>\n","protected":false},"author":34,"featured_media":0,"comment_status":"open","ping_status":"open","sticky":false,"template":"","format":"standard","meta":{"give_campaign_id":0,"_seopress_robots_primary_cat":"","_seopress_titles_title":"","_seopress_titles_desc":"","_seopress_robots_index":"","_et_pb_use_builder":"","_et_pb_old_content":"","_et_gb_content_width":"","footnotes":""},"categories":[47],"tags":[],"class_list":["post-331930","post","type-post","status-publish","format-standard","hentry","category-non-classifiee"],"_links":{"self":[{"href":"https:\/\/www.focolare.org\/fr\/wp-json\/wp\/v2\/posts\/331930","targetHints":{"allow":["GET"]}}],"collection":[{"href":"https:\/\/www.focolare.org\/fr\/wp-json\/wp\/v2\/posts"}],"about":[{"href":"https:\/\/www.focolare.org\/fr\/wp-json\/wp\/v2\/types\/post"}],"author":[{"embeddable":true,"href":"https:\/\/www.focolare.org\/fr\/wp-json\/wp\/v2\/users\/34"}],"replies":[{"embeddable":true,"href":"https:\/\/www.focolare.org\/fr\/wp-json\/wp\/v2\/comments?post=331930"}],"version-history":[{"count":0,"href":"https:\/\/www.focolare.org\/fr\/wp-json\/wp\/v2\/posts\/331930\/revisions"}],"wp:attachment":[{"href":"https:\/\/www.focolare.org\/fr\/wp-json\/wp\/v2\/media?parent=331930"}],"wp:term":[{"taxonomy":"category","embeddable":true,"href":"https:\/\/www.focolare.org\/fr\/wp-json\/wp\/v2\/categories?post=331930"},{"taxonomy":"post_tag","embeddable":true,"href":"https:\/\/www.focolare.org\/fr\/wp-json\/wp\/v2\/tags?post=331930"}],"curies":[{"name":"wp","href":"https:\/\/api.w.org\/{rel}","templated":true}]}}