{"id":331934,"date":"2016-12-26T04:00:55","date_gmt":"2016-12-26T03:00:55","guid":{"rendered":"https:\/\/www.focolare.org\/les-groupes-musicaux-gen-fetent-leurs-50-ans\/"},"modified":"2024-05-16T15:18:02","modified_gmt":"2024-05-16T13:18:02","slug":"les-groupes-musicaux-gen-fetent-leurs-50-ans","status":"publish","type":"post","link":"https:\/\/www.focolare.org\/fr\/les-groupes-musicaux-gen-fetent-leurs-50-ans\/","title":{"rendered":"Les groupes musicaux GEN f\u00eatent leurs 50 ans"},"content":{"rendered":"<p>https:\/\/vimeo.com\/195193687  <strong>Au d\u00e9but, il y avait quelques jeunes filles, une batterie verte et\u2026<\/strong> L\u2019\u00e9tincelle qui a allum\u00e9 le <a href=\"http:\/\/www.genverde.it\/\" target=\"_blank\" rel=\"noopener\">Gen Verde<\/a> \u00e9tait une consigne originale. Pas celle de la mythique batterie verte, mais celle de\u2026 \u00ab\u00a0faire beaucoup de bruit\u00a0\u00bb. Absolument. Diffuser et offrir \u00e0 tous, \u00e0 travers la musique et les spectacles, l\u2019Id\u00e9al de l\u2019unit\u00e9, qui est l\u2019\u00e2me de toute notre vie. Cette \u00e9tincelle a parcouru le monde et en a allum\u00e9 beaucoup d\u2019autres. L\u2019unit\u00e9 ne peut se chanter qu\u2019en ch\u0153ur. C&rsquo;est ce que nous voudrions exprimer avec cette nouvelle chanson et avec les images qui la traduisent en visages, gestes, couleurs de la vie. C\u2019est encore le cas aujourd\u2019hui: chacun est une \u00e9tincelle. Montons le volume de l\u2019unit\u00e9 ensemble, o\u00f9 que nous soyons.  <em>Gen Verde &#8211; International performing arts group<\/em>  <a href=\"http:\/\/www.genrosso.com\/index.php?lang=it\" target=\"_blank\" rel=\"noopener\">Gen Rosso website<\/a><\/p>\n","protected":false},"excerpt":{"rendered":"<p>No\u00ebl 1966: Chiara Lubich fait cadeau aux jeunes de deux batteries, une verte et une rouge. C&rsquo;est ainsi que sont cr\u00e9\u00e9s le Gen Verde et le Gen Rosso qui depuis 50 ans chantent l&rsquo;\u00c9vangile. Pour f\u00eater cet anniversaire, un nouveau vid\u00e9oclip du Gen Verde vient de sortir.<\/p>\n","protected":false},"author":27,"featured_media":0,"comment_status":"open","ping_status":"open","sticky":false,"template":"","format":"standard","meta":{"give_campaign_id":0,"_seopress_robots_primary_cat":"","_seopress_titles_title":"","_seopress_titles_desc":"","_seopress_robots_index":"","_et_pb_use_builder":"","_et_pb_old_content":"","_et_gb_content_width":"","footnotes":""},"categories":[47],"tags":[],"class_list":["post-331934","post","type-post","status-publish","format-standard","hentry","category-non-classifiee"],"_links":{"self":[{"href":"https:\/\/www.focolare.org\/fr\/wp-json\/wp\/v2\/posts\/331934","targetHints":{"allow":["GET"]}}],"collection":[{"href":"https:\/\/www.focolare.org\/fr\/wp-json\/wp\/v2\/posts"}],"about":[{"href":"https:\/\/www.focolare.org\/fr\/wp-json\/wp\/v2\/types\/post"}],"author":[{"embeddable":true,"href":"https:\/\/www.focolare.org\/fr\/wp-json\/wp\/v2\/users\/27"}],"replies":[{"embeddable":true,"href":"https:\/\/www.focolare.org\/fr\/wp-json\/wp\/v2\/comments?post=331934"}],"version-history":[{"count":0,"href":"https:\/\/www.focolare.org\/fr\/wp-json\/wp\/v2\/posts\/331934\/revisions"}],"wp:attachment":[{"href":"https:\/\/www.focolare.org\/fr\/wp-json\/wp\/v2\/media?parent=331934"}],"wp:term":[{"taxonomy":"category","embeddable":true,"href":"https:\/\/www.focolare.org\/fr\/wp-json\/wp\/v2\/categories?post=331934"},{"taxonomy":"post_tag","embeddable":true,"href":"https:\/\/www.focolare.org\/fr\/wp-json\/wp\/v2\/tags?post=331934"}],"curies":[{"name":"wp","href":"https:\/\/api.w.org\/{rel}","templated":true}]}}