{"id":331946,"date":"2016-12-30T09:55:18","date_gmt":"2016-12-30T08:55:18","guid":{"rendered":"https:\/\/www.focolare.org\/chiara-lubich-et-la-famille-2\/"},"modified":"2024-05-16T15:18:05","modified_gmt":"2024-05-16T13:18:05","slug":"chiara-lubich-et-la-famille-2","status":"publish","type":"post","link":"https:\/\/www.focolare.org\/fr\/chiara-lubich-et-la-famille-2\/","title":{"rendered":"Chiara Lubich et la famille"},"content":{"rendered":"<p><strong>Un <img loading=\"lazy\" decoding=\"async\" class=\" wp-image-146664 alignleft\" src=\"https:\/\/www.focolare.org\/wp-content\/uploads\/2016\/12\/Chiara-Lubich-a-Loppiano_02-a.jpg\" alt=\"Chiara-Lubich-a-Loppiano_02-a\" width=\"297\" height=\"198\" \/>parcours de vie et de pens\u00e9e \u00e0 partager tout au long de l\u2019ann\u00e9e sous les diff\u00e9rentes latitudes.<\/strong>  A 50 ans de la fondation, pendant toute l\u2019ann\u00e9e 2017, diff\u00e9rents \u00e9v\u00e9nements et initiatives locales auront lieu dans plusieurs pays du monde. Un parcours de vie et de pens\u00e9e en plusieurs \u00e9tapes afin de mettre en lumi\u00e8re la valeur anthropologique et universelle de la famille dans la perspective de la \u2018\u2019fraternit\u00e9 universelle\u2019\u2019, de t\u00e9moigner de la richesse des diversit\u00e9s culturelles et sociales avec l\u2019id\u00e9al de l\u2019unit\u00e9 concr\u00e9tis\u00e9 dans la vie de famille.  <strong>L\u2019\u00e9v\u00e9nement central se tiendra \u00e0 Loppiano du 10 au 12 mars 2017.<\/strong> Environ 800 personnes sont pr\u00e9vues, en repr\u00e9sentation du monde entier. Les familles pourront s\u2019immerger pleinement dans la r\u00e9alit\u00e9 de la citadelle internationale des Focolari et t\u00e9moigner du r\u00eave de Chiara qui traverse les continents.  Le matin, workshop pour les adultes, les jeunes, les juniors et les enfants, r\u00e9alis\u00e9s en collaboration avec le mouvement paroissial, les centres gen3 et gen4, AFNonlus et l\u2019AMU. Au cours de l\u2019apr\u00e8s-midi, la rencontre dans l\u2019Auditorium, en streaming, accueillera des experts en th\u00e9matiques familiales qui participent au <a href=\"https:\/\/www.focolare.org\/famiglienuove\/files\/2017\/02\/Sintesi-del-programma-del-Seminario-culturale-10-11-Marzo-20171.pdf\" target=\"_blank\" rel=\"noopener\">S\u00e9minaire Culturel<\/a> qui se tiendra \u00e0 l\u2019Universit\u00e9 Sophia (10-11 mars 2017). A partir de ce s\u00e9minaire \u00e0 envergure universelle commencera le futur Centre d\u2019\u00c9tudes sur la famille, avec l\u2019objectif d\u2019approfondir la spiritualit\u00e9 de l\u2019unit\u00e9 pour la famille avec tous ses d\u00e9fis d\u2019aujourd\u2019hui.  <strong>Pour infos :<\/strong>  <a href=\"http:\/\/www.famiglienuove.org\" target=\"_blank\" rel=\"noopener\">www.famiglienuove.org<\/a> famiglienuove@focolare.org<\/p>\n","protected":false},"excerpt":{"rendered":"<p>Loppiano, 10-12 marzo 2017 &#8211; In occasione del 50\u00b0 di Famiglie Nuove, l\u2019anniversario di Chiara Lubich sar\u00e0 dedicato al contributo del Carisma dell\u2019Unit\u00e0 per il mondo della famiglia.<\/p>\n","protected":false},"author":34,"featured_media":0,"comment_status":"open","ping_status":"open","sticky":false,"template":"","format":"standard","meta":{"give_campaign_id":0,"_seopress_robots_primary_cat":"","_seopress_titles_title":"","_seopress_titles_desc":"","_seopress_robots_index":"","_et_pb_use_builder":"","_et_pb_old_content":"","_et_gb_content_width":"","footnotes":""},"categories":[906,907],"tags":[],"class_list":["post-331946","post","type-post","status-publish","format-standard","hentry","category-focolare-worldwide-2-3","category-senza-categoria-2-3"],"_links":{"self":[{"href":"https:\/\/www.focolare.org\/fr\/wp-json\/wp\/v2\/posts\/331946","targetHints":{"allow":["GET"]}}],"collection":[{"href":"https:\/\/www.focolare.org\/fr\/wp-json\/wp\/v2\/posts"}],"about":[{"href":"https:\/\/www.focolare.org\/fr\/wp-json\/wp\/v2\/types\/post"}],"author":[{"embeddable":true,"href":"https:\/\/www.focolare.org\/fr\/wp-json\/wp\/v2\/users\/34"}],"replies":[{"embeddable":true,"href":"https:\/\/www.focolare.org\/fr\/wp-json\/wp\/v2\/comments?post=331946"}],"version-history":[{"count":0,"href":"https:\/\/www.focolare.org\/fr\/wp-json\/wp\/v2\/posts\/331946\/revisions"}],"wp:attachment":[{"href":"https:\/\/www.focolare.org\/fr\/wp-json\/wp\/v2\/media?parent=331946"}],"wp:term":[{"taxonomy":"category","embeddable":true,"href":"https:\/\/www.focolare.org\/fr\/wp-json\/wp\/v2\/categories?post=331946"},{"taxonomy":"post_tag","embeddable":true,"href":"https:\/\/www.focolare.org\/fr\/wp-json\/wp\/v2\/tags?post=331946"}],"curies":[{"name":"wp","href":"https:\/\/api.w.org\/{rel}","templated":true}]}}