{"id":332074,"date":"2017-02-26T04:00:13","date_gmt":"2017-02-26T03:00:13","guid":{"rendered":"https:\/\/www.focolare.org\/chiara-nous-a-appris-a-aimer\/"},"modified":"2024-05-16T15:18:32","modified_gmt":"2024-05-16T13:18:32","slug":"chiara-nous-a-appris-a-aimer","status":"publish","type":"post","link":"https:\/\/www.focolare.org\/fr\/chiara-nous-a-appris-a-aimer\/","title":{"rendered":"Chiara nous a appris \u00e0 Aimer"},"content":{"rendered":"<p><em><img loading=\"lazy\" decoding=\"async\" class=\"alignleft\" src=\"https:\/\/www.focolare.org\/wp-content\/uploads\/2012\/04\/image_zanzucchi.jpg\" alt=\"\" width=\"300\" height=\"201\" \/>Qu\u2019est-ce qu\u2019a signifi\u00e9 pour vous la rencontre avec Chiara Lubich\u00a0? Quelles cons\u00e9quences sur vous et sur votre famille\u00a0? Quelle a \u00e9t\u00e9 votre\u00a0 relation avec elle et avec sa spiritualit\u00e9?<\/em>  <strong>Danilo<\/strong>:\u201d Dans le milieu o\u00f9 nous avons grandi, Anna-Maria et moi-m\u00eame, les habitudes \u00e9taient tr\u00e8s marqu\u00e9es par la tradition. La famille existait, mais elle \u00e9tait souvent unie par une convention sociale. En connaissant Chiara nous avons compris qu\u2019\u00eatre chr\u00e9tiens \u00e9tait avant tout un choix de vie. Aussi avons-nous pas mal souffert pour nous lib\u00e9rer de toute une mani\u00e8re de penser de l\u2019\u00e9poque, de l\u2019attachement \u00e0 notre position sociale, \u00e0 notre milieu, \u00e0 notre profession. J\u2019\u00e9tais destin\u00e9 \u00e0 devenir un ing\u00e9nieur de renom, mais pour vivre l\u2019\u00c9vangile avec radicalit\u00e9, nous avons commenc\u00e9 \u00e0 recevoir des pauvres, \u00e0 faire la communion des biens\u00a0; toutes choses qui scandalisaient notre entourage parce que nous rompions avec les habitudes d\u2019une ville bourgeoise. C\u2019est ainsi que mes parents n\u2019ont pas compris notre choix et s\u2019y sont oppos\u00e9s. Je me souviens d\u2019un jour o\u00f9 je suis all\u00e9 parler dans un village de montagne, parce que j\u2019\u00e9tais aussi pr\u00e9sident dioc\u00e9sain des hommes catholiques. J\u2019\u00e9prouvais une grande souffrance et un d\u00e9chirement int\u00e9rieur. Tout de suite apr\u00e8s je suis all\u00e9 \u00e0 l\u2019\u00e9glise et je me suis trouv\u00e9 en face d\u2019une statue qui repr\u00e9sentait J\u00e9sus Abandonn\u00e9. Il m\u2019est apparu imm\u00e9diatement que pour \u00eatre chr\u00e9tien il faut passer aussi \u00e0 travers ces moments douloureux\u00a0\u00bb.  <em><a href=\"https:\/\/www.focolare.org\/wp-content\/uploads\/2017\/02\/Famiglia.jpg\"><img loading=\"lazy\" decoding=\"async\" class=\"wp-image-148591 alignright\" src=\"https:\/\/www.focolare.org\/wp-content\/uploads\/2017\/02\/Famiglia.jpg\" alt=\"Famiglia\" width=\"360\" height=\"236\" \/><\/a>Igino Giordani (Foco) \u00e9crivait en 1956 que \u201cles personnes mari\u00e9es elles aussi sont en mesure de r\u00e9aliser leur appel \u00e0 vivre la perfection de la Charit\u00e9\u201d. Pourriez-vous commenter cette petite lettre\u00a0?<\/em>  <strong>Anna-Maria<\/strong>: \u201cChiara avait profond\u00e9ment compris que les personnes mari\u00e9es sont elles aussi \u00a0appel\u00e9es \u00e0 la saintet\u00e9. Pour vivre ainsi nous avons d\u00fb nous d\u00e9tacher du mod\u00e8le familial qui existait alors, et chacun de nous a fait un choix personnel, y compris nos enfants. Elle a suivi avec amour chacun des membres de notre famille, elle a mis en valeur l\u2019appel personnel de chacun afin que nous soyons une famille qui puisse vivre en tant que telle la phrase de l\u2019\u00c9vangile : \u00ab\u00a0L\u00e0 o\u00f9 deux ou trois sont r\u00e9unis en mon nom, Je suis au milieu d\u2019eux\u00a0\u00bb (Mt, 18, 20). Foco a donn\u00e9 une forte contribution pour mettre en lumi\u00e8re l\u2019aspect divin de la famille\u00a0 tout en valorisant aussi son c\u00f4t\u00e9 humain. Il a en effet aim\u00e9 sa femme de fa\u00e7on extraordinaire jusqu\u2019\u00e0 ses derniers moments. Il aimait aussi nos enfants, prenait soin d\u2019eux, nous faisait comprendre la gr\u00e2ce que nous avions. Il lui semblait n\u00e9cessaire de revenir au temps des premiers chr\u00e9tiens o\u00f9 l\u2019on disait que les personnes mari\u00e9es aussi sont consacr\u00e9es, avec le c\u00e9libat en moins, mais toutes donn\u00e9es \u00e0 Dieu\u00a0\u00bb  <em>Vous \u00e9tiez pr\u00e9sents lorsque Chiara a fond\u00e9 le Mouvement Familles Nouvelles, le 19 juillet 1967. Qu\u2019avez-vous compris \u00e0 ce moment-l\u00e0\u00a0?<\/em>  <strong>Anna-Maria<\/strong>. \u201cC\u2019\u00e9tait au cours de la premi\u00e8re \u00e9cole de formation des focolarini mari\u00e9s. A un certain moment Chiara a compris que quelque chose de nouveau pouvait na\u00eetre. D\u00e8s que je l\u2019ai connue, \u00e0 Tonadico en 1953, j\u2019avais eu l\u2019impression que son regard embrassait toute l\u2019humanit\u00e9. Elle nous projetait alors vers un vaste horizon en nous confiant le monde de la famille, les situations familiales douloureuses et difficiles, les orphelins qu\u2019elle avait tr\u00e8s \u00e0 c\u0153ur, quant aux fianc\u00e9s \u2026 D\u00e8s les d\u00e9buts du mouvement Chiara avait tr\u00e8s \u00e0 c\u0153ur les jeunes qui se pr\u00e9paraient au mariage, elle mettait en valeur ce qu\u2019ils vivaient, les invitait \u00e0 faire grandir l\u2019amour de l\u2019un envers l\u2019autre. Elle voulait qu\u2019ils comprennent que l\u2019amour est un don de Dieu et que les difficult\u00e9s qu\u2019ils peuvent \u00e9prouver ont, elles aussi, un sens. Elle leur a fait aimer l\u2019amour, l\u2019amour authentique, et elle a agi de m\u00eame avec les mari\u00e9s\u00a0\u00bb.  <em>Vous avez vu na\u00eetre Familles Nouvelles et vous avez rencontr\u00e9 des familles du monde entier, qui ont trouv\u00e9 dans la spiritualit\u00e9 de l\u2019unit\u00e9 une r\u00e9ponse aux d\u00e9fis rencontr\u00e9s par la famille dans divers contextes. Qu\u2019est-ce que cela a \u00e9t\u00e9 pour vous\u00a0?<\/em>  <strong>Anna-Maria<\/strong>: \u201cNous nous sentions envelopp\u00e9s par l\u2019amour qu\u2019elle avait pour toutes les familles. Chiara valorisait la culture et les caract\u00e9ristiques des divers Pays et traditions locales, mais elle allait ensuite \u00e0 la racine de l\u2019Homme, \u00e0 l\u2019\u00eatre humain cr\u00e9\u00e9 par Dieu. L\u2019exp\u00e9rience que nous avons faite en voyageant dans le monde a \u00e9t\u00e9 extraordinaire, parce que l\u2019on se sentait fr\u00e8res, comme si nous avions toujours v\u00e9cu ensemble. On allait visiter les riches et les pauvres. Aux Philippines et au Br\u00e9sil, par exemple, nous avons \u00e9t\u00e9 dans les favelas o\u00f9 les routes en terre sont larges de 1,5 m et o\u00f9 les maisons sont faites de \u00a0pi\u00e8ces plus ou moins accol\u00e9es les unes aux autres. L\u00e0 aussi est arriv\u00e9 l\u2019id\u00e9al de l\u2019unit\u00e9\u00a0\u00bb.  <em>Qu\u2019est-ce que \u00a0Chiara a laiss\u00e9 de plus pr\u00e9cieux \u00e0 votre famille?<\/em>  <strong>Anna-Maria<\/strong>: \u201cChiara nous a fait respirer l\u2019amour et nous a appris ce qu\u2019il est, avec toutes ses caract\u00e9ristiques\u00a0: aimer en premier, se faire un avec l\u2019autre. Elle nous a fait voir la beaut\u00e9 de l\u2019unit\u00e9 v\u00e9cue avec elle et entre nous. Elle nous a aussi mis dans les conditions d\u2019\u00e9prouver cette joie, cette pl\u00e9nitude, cette force pour affronter les difficult\u00e9s, les \u00e9checs qui se pr\u00e9sentent dans la vie de famille. Elle nous a donn\u00e9 une lumi\u00e8re si forte au point de voir que celui qui a engendr\u00e9 cette unit\u00e9 dans le monde est J\u00e9sus abandonn\u00e9 qui a accueilli la souffrance par amour, une lumi\u00e8re qu\u2019elle nous a donn\u00e9e comme source de vie. Ce fut la base pour comprendre aussi comment \u00e9duquer et faire grandir nos enfants\u00a0\u00bb.  <em>Giovanna Pieroni<\/em>  &nbsp;<\/p>\n","protected":false},"excerpt":{"rendered":"<p><img loading=\"lazy\" decoding=\"async\" class=\"alignleft\" src=\"https:\/\/www.focolare.org\/wp-content\/uploads\/2017\/01\/Logo_FN_Comunicato_sul_Sito-e1484300323575.jpg\" alt=\"\" width=\"56\" height=\"56\" \/>A l\u2019occasion du 50\u00e8me anniversaire de Familles Nouvelles, nous parlons avec Anna-Maria et Daniele Zanzucchi, l\u2019une des premi\u00e8res familles qui a suivi Chiara. Les personnes mari\u00e9es sont aussi appel\u00e9s \u00e0 la saintet\u00e9.<\/p>\n","protected":false},"author":34,"featured_media":0,"comment_status":"open","ping_status":"open","sticky":false,"template":"","format":"standard","meta":{"give_campaign_id":0,"_seopress_robots_primary_cat":"","_seopress_titles_title":"","_seopress_titles_desc":"","_seopress_robots_index":"","_et_pb_use_builder":"","_et_pb_old_content":"","_et_gb_content_width":"","footnotes":""},"categories":[47],"tags":[],"class_list":["post-332074","post","type-post","status-publish","format-standard","hentry","category-non-classifiee"],"_links":{"self":[{"href":"https:\/\/www.focolare.org\/fr\/wp-json\/wp\/v2\/posts\/332074","targetHints":{"allow":["GET"]}}],"collection":[{"href":"https:\/\/www.focolare.org\/fr\/wp-json\/wp\/v2\/posts"}],"about":[{"href":"https:\/\/www.focolare.org\/fr\/wp-json\/wp\/v2\/types\/post"}],"author":[{"embeddable":true,"href":"https:\/\/www.focolare.org\/fr\/wp-json\/wp\/v2\/users\/34"}],"replies":[{"embeddable":true,"href":"https:\/\/www.focolare.org\/fr\/wp-json\/wp\/v2\/comments?post=332074"}],"version-history":[{"count":0,"href":"https:\/\/www.focolare.org\/fr\/wp-json\/wp\/v2\/posts\/332074\/revisions"}],"wp:attachment":[{"href":"https:\/\/www.focolare.org\/fr\/wp-json\/wp\/v2\/media?parent=332074"}],"wp:term":[{"taxonomy":"category","embeddable":true,"href":"https:\/\/www.focolare.org\/fr\/wp-json\/wp\/v2\/categories?post=332074"},{"taxonomy":"post_tag","embeddable":true,"href":"https:\/\/www.focolare.org\/fr\/wp-json\/wp\/v2\/tags?post=332074"}],"curies":[{"name":"wp","href":"https:\/\/api.w.org\/{rel}","templated":true}]}}