{"id":332154,"date":"2017-03-27T15:15:12","date_gmt":"2017-03-27T13:15:12","guid":{"rendered":"https:\/\/www.focolare.org\/leurope-que-nous-voulons-construire\/"},"modified":"2024-05-16T15:18:54","modified_gmt":"2024-05-16T13:18:54","slug":"leurope-que-nous-voulons-construire","status":"publish","type":"post","link":"https:\/\/www.focolare.org\/fr\/leurope-que-nous-voulons-construire\/","title":{"rendered":"L\u2019Europe que nous voulons construire"},"content":{"rendered":"<p><a href=\"https:\/\/www.focolare.org\/wp-content\/blogs.dir\/1\/files\/veglia-ipe\/33275776640_9476ba0076_k.jpg\"><img loading=\"lazy\" decoding=\"async\" class=\"ngg-singlepic ngg-none alignleft\" src=\"https:\/\/www.focolare.org\/wp-content\/blogs.dir\/1\/files\/veglia-ipe\/33275776640_9476ba0076_k.jpg\" alt=\"33275776640_9476ba0076_k\" width=\"321\" height=\"214\" \/><\/a><strong>Le 24 mars dernier, en soir\u00e9e,<\/strong> la basilique des XII Ap\u00f4tres (Rome) d\u00e9borde de fid\u00e8les recueillis pour la Veill\u00e9e de pri\u00e8re du 60\u00e8me anniversaire des Trait\u00e9s de Rome, pr\u00e9sid\u00e9e par le <strong>Cardinal Kurt Koch<\/strong>, pr\u00e9sident du Conseil Pontifical pour la Promotion de l\u2019Unit\u00e9 des Chr\u00e9tiens. Catholiques, protestants, orthodoxes, anglicans, clercs et la\u00efcs, ont r\u00e9pondu \u00e0 l\u2019invitation d\u2019 \u00ab\u00a0Ensemble pour l\u2019Europe\u00a0\u00bb\u00a0: une initiative de 300 Mouvements et Communaut\u00e9s chr\u00e9tiens. En t\u00e9moigne le ch\u0153ur compos\u00e9 de huit Mouvements pr\u00e9sents \u00e0 Rome et du ch\u0153ur de la communaut\u00e9 roumaine-orthodoxe.  <strong>Le Pr\u00e9sident de la R\u00e9publique italienne, Sergio Mattarella<\/strong>, a fait parvenir \u00e0 tous ses \u00ab\u00a0Sentiments partag\u00e9s, avec la conviction que des moments de rencontre comme celui-ci donnent un important signe d\u2019esp\u00e9rance, n\u00e9cessaire pour construire une Europe unie et solidaire\u00a0\u00bb.  <strong>Mgr Nunzio Galantino<\/strong> (secr\u00e9taire g\u00e9n\u00e9ral de la conf\u00e9rence des \u00e9v\u00eaques italiens), <strong>Andrea Riccardi<\/strong> (Fondateur de la Communaut\u00e9 de Sant\u2019Egidio), <strong>Gerhard Pross<\/strong> (actuel mod\u00e9rateur d\u2019<em>Ensemble pour l\u2019Europe<\/em>), sont intervenus \u00e0 diverses reprises pour mettre en \u00e9vidence les diff\u00e9rents aspects de la crise que traverse l\u2019Europe, provoqu\u00e9e entre autres par les \u00e9go\u00efsmes nationaux, provenant de groupes et d\u2019individus. Ils ont lanc\u00e9 de diff\u00e9rentes mani\u00e8res l\u2019invitation \u00e0 croire encore au projet des P\u00e8res Fondateurs de l\u2019Europe\u00a0: travailler en faveur de la paix, de la justice et de la solidarit\u00e9 dans le monde (cf. le Pr\u00e9ambule du Trait\u00e9 qui adopte une Constitution pour l\u2019Europe, d\u00e9clar\u00e9 par les Chefs d\u2019\u00c9tat le 29\/10\/2004).  C\u2019est dans ce contexte qu\u2019a fortement retenti l\u2019hymne <em>Trisagion<\/em> \u00ab\u00a0Dieu Saint, Dieu saint, Dieu Saint et fort\u00a0\u00bb, chant\u00e9 solennellement par tous.  <strong><a href=\"https:\/\/www.focolare.org\/wp-content\/uploads\/2017\/03\/33502789222_a306093187_k_Thomas-Klann.jpg\"><img loading=\"lazy\" decoding=\"async\" class=\"wp-image-149946 alignleft\" src=\"https:\/\/www.focolare.org\/wp-content\/uploads\/2017\/03\/33502789222_a306093187_k_Thomas-Klann.jpg\" alt=\"33502789222_a306093187_k_Thomas Klann\" width=\"320\" height=\"213\" \/><\/a>Heinrich Walter, du Mouvement Sch\u00f6nstatt, a soulign\u00e9 dans une interview<\/strong><em>: \u00ab\u00a0Il y a des points essentiels dans le chemin vers une nouvelle int\u00e9gration europ\u00e9enne. Il faut cultiver les racines chr\u00e9tiennes de l\u2019Europe\u00a0: nous nous y engageons. Et il faut respecter la libert\u00e9 d\u2019autrui. En tant que \u00ab\u00a0Ensemble pour l\u2019Europe\u00a0\u00bb c\u2019est ce que nous essayons de vivre. Cette exp\u00e9rience nous voulons la partager avec toute l\u2019Europe\u00a0\u00bb.<\/em> <strong>Simeon Catsinas<\/strong>, pr\u00eatre grec-orthodoxe \u00e0 Rome, a voulu partager sa joie apr\u00e8s cette Veill\u00e9e\u00a0: <em>\u00ab\u00a0Je suis heureux de cette soir\u00e9e. En tant que chr\u00e9tiens nous devons travailler ensemble et donner un t\u00e9moignage commun\u00a0\u00bb.<\/em>  <strong>A la question de savoir si le document \u201cDu conflit \u00e0 la communion\u201d<\/strong> est un mod\u00e8le pour l\u2019Europe, le doyen de l\u2019\u00c9glise \u00c9vang\u00e9lique luth\u00e9rienne en Italie, <strong>le pasteur Heiner Bludau<\/strong>, a r\u00e9pondu:\u00a0<em>\u00ab\u00a0Le document est s\u00fbrement un pas un avant. Il doit d\u00e9sormais toujours davantage s\u2019inscrire dans la vie. Il pourra devenir ainsi un mod\u00e8le convaincant pour toute l\u2019Europe\u00a0\u00bb.<\/em>  <a href=\"https:\/\/www.focolare.org\/wp-content\/uploads\/2017\/03\/33275571860_ad88bf3423_k_Thomas-Klann.jpg\"><img loading=\"lazy\" decoding=\"async\" class=\"wp-image-149944 alignright\" src=\"https:\/\/www.focolare.org\/wp-content\/uploads\/2017\/03\/33275571860_ad88bf3423_k_Thomas-Klann.jpg\" alt=\"33275571860_ad88bf3423_k_Thomas Klann\" width=\"320\" height=\"219\" \/><\/a>Au cours de la Veill\u00e9e les diverses interventions ont fait \u00e9cho aux textes de l\u2019\u00c9criture. De son c\u00f4t\u00e9, <a href=\"https:\/\/www.focolare.org\/news\/2014\/09\/17\/jesus-moran-cepedano\/\">Jes\u00fas Mor\u00e1n<\/a>, copr\u00e9sident des Focolari, a affirm\u00e9 que \u201cl\u2019Europe ne peut se penser sans le christianisme. Mais le christianisme qui l\u2019a form\u00e9e est celui de l\u2019\u00c9glise unie. La catholicit\u00e9 \u0153cum\u00e9nique est donc une r\u00e9alit\u00e9 fondamentale de cette \u00c9glise. L\u2019Europe doit se retrouver en tant que civilisation issue du christianisme. Les valeurs chr\u00e9tiennes sont les valeurs europ\u00e9ennes et inversement. La culture du dialogue, de la tol\u00e9rance, de l\u2019ouverture, de la fraternit\u00e9, peuvent \u00eatre v\u00e9cues au-del\u00e0 de nos confessions, religions et cr\u00e9dos respectifs. Je souhaite que ce moment de pri\u00e8re commune serve \u00e0 faire ressurgir ces grandes valeurs\u00a0\u00bb.  Plus de 4000 personnes ont suivi l\u2019\u00e9v\u00e9nement en direct via streaming. Nombreux \u00e9changes sur les r\u00e9seaux sociaux. Des veill\u00e9es semblables ont eu lieu dans 50 villes d\u2019Europe, toutes tr\u00e8s fr\u00e9quent\u00e9es et empreintes de solennit\u00e9.  <em>Beatriz Lauenroth<\/em>  &nbsp;<\/p>\n","protected":false},"excerpt":{"rendered":"<p>A la veille du 60\u00e8me anniversaire des Trait\u00e9s de Rome, des repr\u00e9sentants de 300 Mouvements et Communaut\u00e9s chr\u00e9tiennes de \u201cEnsemble pour l\u2019Europe\u201d, s\u2019unissent pour prier. Liaison streaming en direct.<\/p>\n","protected":false},"author":34,"featured_media":0,"comment_status":"open","ping_status":"open","sticky":false,"template":"","format":"standard","meta":{"give_campaign_id":0,"_seopress_robots_primary_cat":"","_seopress_titles_title":"","_seopress_titles_desc":"","_seopress_robots_index":"","_et_pb_use_builder":"","_et_pb_old_content":"","_et_gb_content_width":"","footnotes":""},"categories":[47],"tags":[],"class_list":["post-332154","post","type-post","status-publish","format-standard","hentry","category-non-classifiee"],"_links":{"self":[{"href":"https:\/\/www.focolare.org\/fr\/wp-json\/wp\/v2\/posts\/332154","targetHints":{"allow":["GET"]}}],"collection":[{"href":"https:\/\/www.focolare.org\/fr\/wp-json\/wp\/v2\/posts"}],"about":[{"href":"https:\/\/www.focolare.org\/fr\/wp-json\/wp\/v2\/types\/post"}],"author":[{"embeddable":true,"href":"https:\/\/www.focolare.org\/fr\/wp-json\/wp\/v2\/users\/34"}],"replies":[{"embeddable":true,"href":"https:\/\/www.focolare.org\/fr\/wp-json\/wp\/v2\/comments?post=332154"}],"version-history":[{"count":0,"href":"https:\/\/www.focolare.org\/fr\/wp-json\/wp\/v2\/posts\/332154\/revisions"}],"wp:attachment":[{"href":"https:\/\/www.focolare.org\/fr\/wp-json\/wp\/v2\/media?parent=332154"}],"wp:term":[{"taxonomy":"category","embeddable":true,"href":"https:\/\/www.focolare.org\/fr\/wp-json\/wp\/v2\/categories?post=332154"},{"taxonomy":"post_tag","embeddable":true,"href":"https:\/\/www.focolare.org\/fr\/wp-json\/wp\/v2\/tags?post=332154"}],"curies":[{"name":"wp","href":"https:\/\/api.w.org\/{rel}","templated":true}]}}