{"id":332160,"date":"2017-03-29T02:10:14","date_gmt":"2017-03-29T00:10:14","guid":{"rendered":"https:\/\/www.focolare.org\/revue-nuova-umanita-numero-special-sur-loecumenisme\/"},"modified":"2024-05-16T15:18:54","modified_gmt":"2024-05-16T13:18:54","slug":"revue-nuova-umanita-numero-special-sur-loecumenisme","status":"publish","type":"post","link":"https:\/\/www.focolare.org\/fr\/revue-nuova-umanita-numero-special-sur-loecumenisme\/","title":{"rendered":"Revue \u00ab\u00a0Nuova Umanit\u00e0\u00a0\u00bb: num\u00e9ro sp\u00e9cial sur l\u2019\u0153cum\u00e9nisme"},"content":{"rendered":"<p><strong><a href=\"https:\/\/www.cittanuova.it\/riviste\/gennaio-marzo-2016\/\"><img loading=\"lazy\" decoding=\"async\" class=\"wp-image-150015 alignleft\" src=\"https:\/\/www.focolare.org\/wp-content\/uploads\/2017\/03\/NUcopertina524.jpg\" alt=\"NUcopertina524\" width=\"306\" height=\"454\" \/><\/a>De courageuses impulsions en faveur de l\u2019engagement \u0153cum\u00e9nique<\/strong>. Catholiques et luth\u00e9riens peuvent avancer ensemble sur la voie d\u2019une pleine r\u00e9conciliation. <strong>500 ans se sont \u00e9coul\u00e9s depuis le mouvement r\u00e9formateur de Luther<\/strong> : les comm\u00e9morations, qui ont d\u00e9but\u00e9 par la rencontre dans la cath\u00e9drale luth\u00e9rienne de Lund, en Su\u00e8de, entre <strong>l\u2019\u00e9v\u00eaque Munib Younan<\/strong>, Pr\u00e9sident de la F\u00e9d\u00e9ration luth\u00e9rienne mondiale et le <strong>Pape Fran\u00e7ois<\/strong>, se d\u00e9rouleront sur un an, du 31 octobre 2016 au 31 octobre 2017 (date symbolique o\u00f9 l\u2019on f\u00eate <strong>la publication, en 1517, des 95 th\u00e8ses de Luther sur les indulgences et la justification, \u00e0 Wittenberg<\/strong>). A l\u2019occasion de la rencontre de Lund, le Pape avait invit\u00e9 tous les chr\u00e9tiens, unis par le bapt\u00eame, \u00e0 annoncer ensemble la Parole de Dieu, en mettant fin aux controverses th\u00e9ologiques s\u00e9culaires qui avaient s\u00e9par\u00e9 les deux \u00c9glises, et en soulignant les dons communs re\u00e7us gr\u00e2ce au dialogue et \u00e0 l\u2019\u00e9coute r\u00e9ciproque.  <strong>La revue italienne <em>Nuova Umanit\u00e0<\/em> a consacr\u00e9 son 221\u00e8me num\u00e9ro \u00e0 l\u2019\u00e9v\u00e9nement<\/strong> avec un Focus intitul\u00e9 \u00ab Un demi mill\u00e9naire apr\u00e8s Luther \u00bb (publi\u00e9 en mars 2016). Coordonn\u00e9 par <strong>Hubertus Blaumeiser<\/strong>, ce num\u00e9ro pr\u00e9sente les travaux d\u2019un th\u00e9ologien luth\u00e9rien,<strong> Theodor Dieter<\/strong>, et d\u2019un th\u00e9ologien catholique,<strong> Wolfgang Th\u00f6nissen<\/strong>.  <strong>La rencontre de Lund, de port\u00e9e historique, avait \u00e9 t\u00e9 pr\u00e9c\u00e9d\u00e9e par le document \u00ab\u00a0Du conflit \u00e0 la communion\u00a0\u00bb, publi\u00e9 en 2103<\/strong> par la Commission Luth\u00e9rienne-catholique pour L&rsquo;Unit\u00e9 qui travaille au nom de la F\u00e9d\u00e9ration luth\u00e9rienne mondiale et du Conseil Pontifical pour la promotion de l&rsquo;unit\u00e9 des Chr\u00e9tiens. Le texte propose cinq <em>\u00ab\u00a0imp\u00e9ratifs \u0153cum\u00e9niques\u00a0\u00bb<\/em> pour d\u00e9passer d\u00e9finitivement les raisons du conflit et vivre une saison d&rsquo;engagement commun dans la confiance r\u00e9ciproque. <strong>Premier imp\u00e9ratif<\/strong>: catholiques et luth\u00e9riens, fortement unis par le bapt\u00eame, devraient toujours aborder les choses avec la perspective de l\u2019unit\u00e9 et non de la division, pour renforcer ce qu\u2019ils ont en commun, plut\u00f4t que de souligner et exp\u00e9rimenter les diff\u00e9rences. Au cours de l\u2019histoire, les deux \u00c9glises se sont d\u00e9finies par opposition. D\u00e9sormais il y a au contraire besoin de l\u2019exp\u00e9rience, de l\u2019encouragement et de la critique r\u00e9ciproque.  Il en d\u00e9coule un <strong>deuxi\u00e8me imp\u00e9ratif:<\/strong> se laisser continuellement transformer par la rencontre avec l\u2019autre et par le t\u00e9moignage r\u00e9ciproque de la foi, \u00e0 travers le dialogue, qui ouvre \u00e0 diverses formes et niveaux de communion. <strong>Le troisi\u00e8me<\/strong>: s\u2019engager \u00e0 nouveau \u00e0 rechercher l\u2019unit\u00e9 visible pour \u00e9laborer et d\u00e9velopper ensemble ce que cela implique comme avanc\u00e9es concr\u00e8tes et tendre constamment vers cet objectif. <strong>Le quatri\u00e8me<\/strong>: red\u00e9couvrir ensemble la force de l\u2019\u00c9vangile de J\u00e9sus pour notre temps. Et enfin <strong>cinqui\u00e8me imp\u00e9ratif<\/strong> : le devoir missionnaire de l\u2019\u0153cum\u00e9nisme deviendra d\u2019autant plus grand que nos soci\u00e9t\u00e9s deviendront pluralistes du point de vue religieux, et pour cela il faut rendre ensemble t\u00e9moignage de la mis\u00e9ricorde de Dieu dans l\u2019annonce de l\u2019\u00c9vangile et notre service au monde. Le Rapport conclut : \u00ab Les d\u00e9buts de la R\u00e9forme seront rappel\u00e9s de fa\u00e7on appropri\u00e9e et juste lorsque luth\u00e9riens et catholiques \u00e9couteront ensemble l\u2019\u00c9vangile de J\u00e9sus Christ et se laisseront \u00e0 nouveau appeler \u00e0 faire communaut\u00e9 avec le Seigneur \u00bb. La gen\u00e8se et l\u2019expos\u00e9 de ce document ont \u00e9t\u00e9 approfondis dans le 223\u00e8me num\u00e9ro de <em>Nuova Umanit\u00e0<\/em>, consacr\u00e9 pr\u00e9cis\u00e9ment \u00e0 ce pas d\u00e9cisif vers l\u2019\u0153cum\u00e9nisme. <strong>Dans le sillage de l\u2019\u00e9v\u00e9nement de Lund<\/strong> et comme cons\u00e9quence logique de la r\u00e9ponse \u201cth\u00e9orique\u201d donn\u00e9e au Conseil \u0153cum\u00e9nique des \u00c9glises , fin f\u00e9vrier dernier, dans la Cit\u00e9 pilote de Ottmaring, dont la vocation \u0153cum\u00e9nique est manifeste, <strong>la pr\u00e9sidente et le copr\u00e9sident des Focolari, se sont engag\u00e9s, au nom de tout le Mouvement<\/strong> , \u00e0 vouloir t\u00e9moigner et travailler \u00e0 la communion entre les \u00c9glises, au-del\u00e0 de leurs divisions. \u00ab Comme mouvement mondial, auquel adh\u00e8rent des chr\u00e9tiens de nombreuses \u00c9glises et qui de ce fait vit d\u00e9j\u00e0 l\u2019exp\u00e9rience d\u2019un peuple chr\u00e9tien uni par l\u2019amour r\u00e9ciproque (\u2026) nous percevons dans la rencontre de Lund un authentique et vrai Kayros, un signe de Dieu pour notre temps, qui incite les chr\u00e9tiens \u00e0 s\u2019engager encore davantage afin que le testament de J\u00e9sus \u00ab Que tous soient Un \u00bb, se r\u00e9alise \u00bb.<\/p>\n","protected":false},"excerpt":{"rendered":"<p>Le 500\u00e8me anniversaire de la R\u00e9forme protestante de Luther est un \u00e9v\u00e9nement \u0153cum\u00e9nique tr\u00e8s important pour les catholiques et les luth\u00e9riens. Une \u00e9tude approfondie de la revue Nuova Umanit\u00e0 sur le Rapport de la Commission catholique-luth\u00e9rienne pour l\u2019Unit\u00e9.<\/p>\n","protected":false},"author":34,"featured_media":0,"comment_status":"open","ping_status":"open","sticky":false,"template":"","format":"standard","meta":{"give_campaign_id":0,"_seopress_robots_primary_cat":"","_seopress_titles_title":"","_seopress_titles_desc":"","_seopress_robots_index":"","_et_pb_use_builder":"","_et_pb_old_content":"","_et_gb_content_width":"","footnotes":""},"categories":[906],"tags":[],"class_list":["post-332160","post","type-post","status-publish","format-standard","hentry","category-focolare-worldwide-2-3"],"_links":{"self":[{"href":"https:\/\/www.focolare.org\/fr\/wp-json\/wp\/v2\/posts\/332160","targetHints":{"allow":["GET"]}}],"collection":[{"href":"https:\/\/www.focolare.org\/fr\/wp-json\/wp\/v2\/posts"}],"about":[{"href":"https:\/\/www.focolare.org\/fr\/wp-json\/wp\/v2\/types\/post"}],"author":[{"embeddable":true,"href":"https:\/\/www.focolare.org\/fr\/wp-json\/wp\/v2\/users\/34"}],"replies":[{"embeddable":true,"href":"https:\/\/www.focolare.org\/fr\/wp-json\/wp\/v2\/comments?post=332160"}],"version-history":[{"count":0,"href":"https:\/\/www.focolare.org\/fr\/wp-json\/wp\/v2\/posts\/332160\/revisions"}],"wp:attachment":[{"href":"https:\/\/www.focolare.org\/fr\/wp-json\/wp\/v2\/media?parent=332160"}],"wp:term":[{"taxonomy":"category","embeddable":true,"href":"https:\/\/www.focolare.org\/fr\/wp-json\/wp\/v2\/categories?post=332160"},{"taxonomy":"post_tag","embeddable":true,"href":"https:\/\/www.focolare.org\/fr\/wp-json\/wp\/v2\/tags?post=332160"}],"curies":[{"name":"wp","href":"https:\/\/api.w.org\/{rel}","templated":true}]}}