{"id":332172,"date":"2017-04-01T14:47:20","date_gmt":"2017-04-01T12:47:20","guid":{"rendered":"https:\/\/www.focolare.org\/prix-unesco-a-la-maire-des-refugies\/"},"modified":"2024-05-16T15:18:57","modified_gmt":"2024-05-16T13:18:57","slug":"prix-unesco-a-la-maire-des-refugies","status":"publish","type":"post","link":"https:\/\/www.focolare.org\/fr\/prix-unesco-a-la-maire-des-refugies\/","title":{"rendered":"Prix UNESCO \u00e0 la maire des r\u00e9fugi\u00e9s"},"content":{"rendered":"<p><img loading=\"lazy\" decoding=\"async\" class=\"size-full wp-image-150941 alignleft\" src=\"https:\/\/www.focolare.org\/wp-content\/uploads\/2017\/04\/GiuseppinaNicolini.jpg\" alt=\"GiuseppinaNicolini\" width=\"310\" height=\"207\" \/>Le prix Unesco pour la recherche de la paix a \u00e9t\u00e9 attribu\u00e9 cette ann\u00e9e \u00e0 la maire de Lampedusa (Italie) Giuseppina Nicolini et \u00e0 l\u2019ONG fran\u00e7aise SOS M\u00e9diterran\u00e9e. La motivation\u00a0: <em>\u00ab\u00a0Nicolini s\u2019est distingu\u00e9e pour sa grande humanit\u00e9 et son engagement constant dans la gestion de la crise des r\u00e9fugi\u00e9s et de leur int\u00e9gration apr\u00e8s l\u2019arriv\u00e9e de milliers d\u2019entre eux sur les c\u00f4tes de Lampedusa et autres villes d\u2019Italie\u00a0\u00bb. <\/em>La maire sera pr\u00e9sente le <a href=\"https:\/\/www.focolare.org\/fr\/news\/2017\/02\/15\/primo-maggio-a-loppiano\/\">1<sup>ier<\/sup> mai \u00e0 Loppiano<\/a>, au <a href=\"https:\/\/www.focolare.org\/fr\/news\/2017\/02\/15\/loppiano-meeting-internazionale-dei-giovani-per-un-mondo-unito\/\">meeting <\/a>des <a href=\"https:\/\/www.focolare.org\/fr\/movimento-dei-focolari\/un-popolo\/giovani-per-un-mondo-unito\/\">jeunes pour un Monde Uni.<\/a><\/p>\n","protected":false},"excerpt":{"rendered":"<p>Le prix Unesco pour la recherche de la paix a \u00e9t\u00e9 attribu\u00e9 cette ann\u00e9e \u00e0 la maire de Lampedusa (Italie) Giuseppina Nicolini et \u00e0 l\u2019ONG fran\u00e7aise SOS M\u00e9diterran\u00e9e. La motivation\u00a0: \u00ab\u00a0Nicolini s\u2019est distingu\u00e9e pour sa grande humanit\u00e9 et son engagement constant dans la gestion de la crise des r\u00e9fugi\u00e9s et de leur int\u00e9gration apr\u00e8s l\u2019arriv\u00e9e [&hellip;]<\/p>\n","protected":false},"author":34,"featured_media":0,"comment_status":"open","ping_status":"open","sticky":false,"template":"","format":"standard","meta":{"give_campaign_id":0,"_seopress_robots_primary_cat":"","_seopress_titles_title":"","_seopress_titles_desc":"","_seopress_robots_index":"","_et_pb_use_builder":"","_et_pb_old_content":"","_et_gb_content_width":"","footnotes":""},"categories":[47],"tags":[],"class_list":["post-332172","post","type-post","status-publish","format-standard","hentry","category-non-classifiee"],"_links":{"self":[{"href":"https:\/\/www.focolare.org\/fr\/wp-json\/wp\/v2\/posts\/332172","targetHints":{"allow":["GET"]}}],"collection":[{"href":"https:\/\/www.focolare.org\/fr\/wp-json\/wp\/v2\/posts"}],"about":[{"href":"https:\/\/www.focolare.org\/fr\/wp-json\/wp\/v2\/types\/post"}],"author":[{"embeddable":true,"href":"https:\/\/www.focolare.org\/fr\/wp-json\/wp\/v2\/users\/34"}],"replies":[{"embeddable":true,"href":"https:\/\/www.focolare.org\/fr\/wp-json\/wp\/v2\/comments?post=332172"}],"version-history":[{"count":0,"href":"https:\/\/www.focolare.org\/fr\/wp-json\/wp\/v2\/posts\/332172\/revisions"}],"wp:attachment":[{"href":"https:\/\/www.focolare.org\/fr\/wp-json\/wp\/v2\/media?parent=332172"}],"wp:term":[{"taxonomy":"category","embeddable":true,"href":"https:\/\/www.focolare.org\/fr\/wp-json\/wp\/v2\/categories?post=332172"},{"taxonomy":"post_tag","embeddable":true,"href":"https:\/\/www.focolare.org\/fr\/wp-json\/wp\/v2\/tags?post=332172"}],"curies":[{"name":"wp","href":"https:\/\/api.w.org\/{rel}","templated":true}]}}