{"id":332218,"date":"2017-04-16T01:13:43","date_gmt":"2017-04-15T23:13:43","guid":{"rendered":"https:\/\/www.focolare.org\/tous-nos-souhaits-au-pape-benoit\/"},"modified":"2024-05-16T15:19:14","modified_gmt":"2024-05-16T13:19:14","slug":"tous-nos-souhaits-au-pape-benoit","status":"publish","type":"post","link":"https:\/\/www.focolare.org\/fr\/tous-nos-souhaits-au-pape-benoit\/","title":{"rendered":"Tous nos souhaits au Pape Benoit!"},"content":{"rendered":"<p><strong><a href=\"https:\/\/www.focolare.org\/wp-content\/uploads\/2017\/04\/NU_2252.jpg\"><img loading=\"lazy\" decoding=\"async\" class=\"alignright wp-image-150694\" src=\"https:\/\/www.focolare.org\/wp-content\/uploads\/2017\/04\/NU_2252.jpg\" alt=\"NU_225\" width=\"250\" height=\"357\" \/><\/a><\/strong><strong>Le 16 avril 1927 naissait Joseph Ratzinger<\/strong>, \u00e0 Markt am Inn, une petite ville de Bavi\u00e8re. C\u2019\u00e9tait un Samedi Saint, tandis qu\u2019en 2017 nous f\u00eatons son anniversaire le Dimanche de P\u00e2ques.  <strong>C\u2019est avec joie<\/strong> que le Mouvement des focolari souhaite pr\u00e9senter \u00e0 Benoit XVI ses v\u0153ux les plus sinc\u00e8res et partag\u00e9s, en raison de tout ce qu\u2019il a repr\u00e9sent\u00e9 pour nous, pour l\u2019\u00c9glise et pour l\u2019humanit\u00e9.  Comme signe tangible de notre affection et de notre reconnaissance, la revue <a href=\"https:\/\/www.cittanuova.it\/riviste\/9772240252037\/\"><em>Nuova Umanit\u00e0<\/em><\/a> lui\u00a0 consacre le Dossier sp\u00e9cial\u00a0 du num\u00e9ro 225, \u00e0 para\u00eetre ces jours prochains.  Sous la conduite de Declan O\u2019Byrne, ce num\u00e9ro pr\u00e9sente des travaux de Piero Coda, Stefano Zamagni et Antonio Bergamo, qui approfondissent les aspects th\u00e9ologiques, anthropologiques, \u00e9thiques et sociaux de sa pens\u00e9e.  Dans une \u00c9glise o\u00f9 souvent \u00e9mergent des oppositions artificielles entre les tenants de diverses orientations eccl\u00e9siales, le num\u00e9ro d\u00e9di\u00e9 \u00e0 Benoit XVI relate une \u00e9tude de Brendan Leahy, \u00e9v\u00eaque de Limerick (Irlande), sur la n\u00e9cessit\u00e9 de travailler de mani\u00e8re synodale au sein de l\u2019\u00c9glise.  Ces contributions int\u00e9ressantes vont \u00eatre traduites dans les principales langues et figureront \u00e0 l\u2019affiche des publications du Mouvement des Focolari.  &nbsp;<\/p>\n","protected":false},"excerpt":{"rendered":"<p>Pour les 90 ans du Pape \u00e9m\u00e9rite, les Focolari, reconnaissants envers lui pour sa vie enti\u00e8rement donn\u00e9e \u00e0 l\u2019\u00c9glise et \u00e0 l\u2019humanit\u00e9, consacrent un num\u00e9ro de la revue culturelle Nuova Umanit\u00e0 \u00e0 sa personne et \u00e0 sa pens\u00e9e.<\/p>\n","protected":false},"author":34,"featured_media":0,"comment_status":"open","ping_status":"open","sticky":false,"template":"","format":"standard","meta":{"give_campaign_id":0,"_seopress_robots_primary_cat":"","_seopress_titles_title":"","_seopress_titles_desc":"","_seopress_robots_index":"","_et_pb_use_builder":"","_et_pb_old_content":"","_et_gb_content_width":"","footnotes":""},"categories":[47],"tags":[],"class_list":["post-332218","post","type-post","status-publish","format-standard","hentry","category-non-classifiee"],"_links":{"self":[{"href":"https:\/\/www.focolare.org\/fr\/wp-json\/wp\/v2\/posts\/332218","targetHints":{"allow":["GET"]}}],"collection":[{"href":"https:\/\/www.focolare.org\/fr\/wp-json\/wp\/v2\/posts"}],"about":[{"href":"https:\/\/www.focolare.org\/fr\/wp-json\/wp\/v2\/types\/post"}],"author":[{"embeddable":true,"href":"https:\/\/www.focolare.org\/fr\/wp-json\/wp\/v2\/users\/34"}],"replies":[{"embeddable":true,"href":"https:\/\/www.focolare.org\/fr\/wp-json\/wp\/v2\/comments?post=332218"}],"version-history":[{"count":0,"href":"https:\/\/www.focolare.org\/fr\/wp-json\/wp\/v2\/posts\/332218\/revisions"}],"wp:attachment":[{"href":"https:\/\/www.focolare.org\/fr\/wp-json\/wp\/v2\/media?parent=332218"}],"wp:term":[{"taxonomy":"category","embeddable":true,"href":"https:\/\/www.focolare.org\/fr\/wp-json\/wp\/v2\/categories?post=332218"},{"taxonomy":"post_tag","embeddable":true,"href":"https:\/\/www.focolare.org\/fr\/wp-json\/wp\/v2\/tags?post=332218"}],"curies":[{"name":"wp","href":"https:\/\/api.w.org\/{rel}","templated":true}]}}