{"id":332222,"date":"2017-04-18T01:10:45","date_gmt":"2017-04-17T23:10:45","guid":{"rendered":"https:\/\/www.focolare.org\/giordani-marche-vers-la-vie\/"},"modified":"2024-05-16T15:19:14","modified_gmt":"2024-05-16T13:19:14","slug":"giordani-marche-vers-la-vie","status":"publish","type":"post","link":"https:\/\/www.focolare.org\/fr\/giordani-marche-vers-la-vie\/","title":{"rendered":"Giordani: \u00ab\u00a0marche vers la vie\u00a0\u00bb"},"content":{"rendered":"<p><strong><em><img loading=\"lazy\" decoding=\"async\" class=\"alignleft wp-image-150727\" src=\"https:\/\/www.focolare.org\/wp-content\/uploads\/2017\/04\/20150117-a.jpg\" alt=\"20150117-a\" width=\"360\" height=\"179\" \/>3 <em>novembre 1955<\/em><\/em><\/strong> Si l\u2019histoire universelle est un cinqui\u00e8me \u00c9vangile pour l\u2019humanit\u00e9, le v\u00e9cu personnel est la m\u00eame chose pour chacun. Vu par Dieu, il semble \u00eatre un dessin pour nous ramener de la dispersion \u00e0 l\u2019unit\u00e9 avec Lui. On voit alors comment la s\u00e9paration de personnes ch\u00e8res et la perte d\u2019honneurs et positions sont une expulsion de facteurs humains pour te laisser seulement avec le Seul. Et alors chaque journ\u00e9e endosse la valeur d\u2019une aventure divine, si elle sert \u00e0 te faire monter le long du rayon seul \u2013 ton rayon \u2013 qui est reli\u00e9 au Soleil de Dieu. On dit une marche vers la mort: et c\u2019est un progr\u00e8s vers la libert\u00e9, en haut de laquelle t\u2019attend le P\u00e8re: donc une marche vers la vie, qui n\u2019a jamais de fin.  <strong><em>19 d\u00e9cembre <em>1956 <\/em><\/em><\/strong><em>La Sagesse chr\u00e9tienne, en demandant de renoncer \u00e0 nous-m\u00eames, ne nous demande pas un renoncement, mais une acquisition.<\/em> Au lieu des ambitions humaines, elle \u00e9veille une ambition divine. Elle nous sugg\u00e8re de mettre Dieu \u00e0 la place de notre Moi; c\u2019est-\u00e0-dire de nous soulever du plan humain au niveau divin, de construire une soci\u00e9t\u00e9 avec la Trinit\u00e9. C\u2019est une humilit\u00e9 qui op\u00e8re une grandeur infinie. Voici pourquoi ensuite, depuis ce sommet, le monde appara\u00eet mis\u00e9rable, les richesses apparaissent ridicules et les grandeurs deviennent friables. Renoncer donc \u00e0 nous, pour \u00eatre toujours avec Dieu: transf\u00e9rer l\u2019\u00c9ternel dans le temps, faire de la terre le Paradis. Alors la douleur est la mati\u00e8re premi\u00e8re de la grandeur: la croix, un escalier vers le P\u00e8re \u00c9ternel.  <strong><em>26 d\u00e9cembre <em>1956 <\/em><\/em><\/strong><em>La vie est une occasion unique qui nous est donn\u00e9e d\u2019aimer.<\/em>  <strong><em>16 octobre <em>1959 <\/em><\/em><\/strong><em>Comme r\u00e9action \u00e0 l\u2019individualisme, aujourd\u2019hui est cultiv\u00e9e la vie communautaire et est donn\u00e9 \u00e0 la socialisation un lieu central dans l\u2019\u00e9tude et dans l\u2019\u00e9ducation.<\/em> C\u2019est un mouvement qui aide \u00e0 nous mener vers le fr\u00e8re et nous am\u00e8ne \u00e0 faire l\u2019ascension vers Dieu en union, en cord\u00e9e. Mais il comporte aussi un danger: \u00e0 force d\u2019\u00eatre avec ses fr\u00e8res, on oublie d\u2019\u00eatre avec Dieu. Le fr\u00e8re compte comme <u>Janua coeli<\/u>: mais si derri\u00e8re Lui on ne voit pas le P\u00e8re, on risque de substituer \u00e0 la d\u00e9solation de l\u2019individualisme la d\u00e9solation du groupe. C\u2019est le P\u00e8re qui nous accompagne: c\u2019est Lui qui nous assiste et nous vivifie. Voici pourquoi, avec les d\u00e9sillusions qui pleuvent chaque jour de la cohabitation humaine, Il nous rappelle qu\u2019il existe \u00e9galement une cohabitation divine: ou mieux que la communion, si du fr\u00e8re on passe au P\u00e8re et du P\u00e8re on retourne vers le fr\u00e8re.  <a href=\"https:\/\/www.focolare.org\/fr\/chiara-lubich\/chi-e-chiara\/igino-giordani\/\"><em>Igino Giordani<\/em><\/a><\/p>\n","protected":false},"excerpt":{"rendered":"<p>\u00c0 l\u2019occasion de l\u2019anniversaire de la mort d\u2019Igino Giordani (1894-1980), nous diffusons quelques-unes de ses pens\u00e9es in\u00e9dites: mettre Dieu \u00e0 la place de notre Moi; la vie, une occasion unique pour aimer\u2026<\/p>\n","protected":false},"author":34,"featured_media":0,"comment_status":"open","ping_status":"open","sticky":false,"template":"","format":"standard","meta":{"give_campaign_id":0,"_seopress_robots_primary_cat":"","_seopress_titles_title":"","_seopress_titles_desc":"","_seopress_robots_index":"","_et_pb_use_builder":"","_et_pb_old_content":"","_et_gb_content_width":"","footnotes":""},"categories":[47],"tags":[],"class_list":["post-332222","post","type-post","status-publish","format-standard","hentry","category-non-classifiee"],"_links":{"self":[{"href":"https:\/\/www.focolare.org\/fr\/wp-json\/wp\/v2\/posts\/332222","targetHints":{"allow":["GET"]}}],"collection":[{"href":"https:\/\/www.focolare.org\/fr\/wp-json\/wp\/v2\/posts"}],"about":[{"href":"https:\/\/www.focolare.org\/fr\/wp-json\/wp\/v2\/types\/post"}],"author":[{"embeddable":true,"href":"https:\/\/www.focolare.org\/fr\/wp-json\/wp\/v2\/users\/34"}],"replies":[{"embeddable":true,"href":"https:\/\/www.focolare.org\/fr\/wp-json\/wp\/v2\/comments?post=332222"}],"version-history":[{"count":0,"href":"https:\/\/www.focolare.org\/fr\/wp-json\/wp\/v2\/posts\/332222\/revisions"}],"wp:attachment":[{"href":"https:\/\/www.focolare.org\/fr\/wp-json\/wp\/v2\/media?parent=332222"}],"wp:term":[{"taxonomy":"category","embeddable":true,"href":"https:\/\/www.focolare.org\/fr\/wp-json\/wp\/v2\/categories?post=332222"},{"taxonomy":"post_tag","embeddable":true,"href":"https:\/\/www.focolare.org\/fr\/wp-json\/wp\/v2\/tags?post=332222"}],"curies":[{"name":"wp","href":"https:\/\/api.w.org\/{rel}","templated":true}]}}