{"id":332236,"date":"2017-04-24T01:10:29","date_gmt":"2017-04-23T23:10:29","guid":{"rendered":"https:\/\/www.focolare.org\/new-humanity-projet-host-spot\/"},"modified":"2024-05-16T15:19:17","modified_gmt":"2024-05-16T13:19:17","slug":"new-humanity-projet-host-spot","status":"publish","type":"post","link":"https:\/\/www.focolare.org\/fr\/new-humanity-projet-host-spot\/","title":{"rendered":"New Humanity: projet Host Spot"},"content":{"rendered":"<p><a href=\"https:\/\/www.focolare.org\/wp-content\/uploads\/2017\/04\/1.jpg\"><img loading=\"lazy\" decoding=\"async\" class=\"wp-image-151152 alignright\" src=\"https:\/\/www.focolare.org\/wp-content\/uploads\/2017\/04\/1.jpg\" alt=\"1\" width=\"368\" height=\"276\" \/><\/a><em>\u201cLes r\u00e9fugi\u00e9s ne se r\u00e9duisent pas \u00e0 des chiffres qui tapissent les journaux t\u00e9l\u00e9vis\u00e9s, mais ce sont des personnes \u00e0 accueillir dans leur dimension humaine de femmes et d\u2019hommes qui se sont vus priv\u00e9s de sentiments et de projets\u201d.<\/em><strong> C\u2019est la conviction \u00e0 laquelle sont arriv\u00e9s 18 jeunes de cinq Pays d\u2019Europe et du Moyen-Orient, r\u00e9unis \u00e0 Bad Urach (Allemagne), du 12 au 17 mars,<\/strong> pour la seconde \u00e9tape du projet <em>Host Spot<\/em>, promu par <a href=\"http:\/\/www.new-humanity.org\/it\/\" target=\"_blank\" rel=\"noopener\">New Humanity<\/a> et <a href=\"http:\/\/starkmacher.eu\/\" target=\"_blank\" rel=\"noopener\">Starkmacher<\/a>, ainsi que d\u2019autres associations, et cofinanc\u00e9 par le programme <a href=\"http:\/\/ec.europa.eu\/programmes\/erasmus-plus\/index_en.htm\" target=\"_blank\" rel=\"noopener\">Erasmus+<\/a>\u00a0(UE).  Host Spot poursuit deux objectifs: <em>Hos<\/em>t vise l\u2019accueil et <em>Spot<\/em> la r\u00e9alisation de brefs vid\u00e9o-documentaires pour sensibiliser l\u2019opinion publique.  <strong><a href=\"https:\/\/www.focolare.org\/wp-content\/uploads\/2017\/04\/02.jpg\"><img loading=\"lazy\" decoding=\"async\" class=\"wp-image-151150 alignleft\" src=\"https:\/\/www.focolare.org\/wp-content\/uploads\/2017\/04\/02.jpg\" alt=\"02\" width=\"368\" height=\"276\" \/><\/a><\/strong>Au cours de la premi\u00e8re phase du projet, qui s\u2019est tenue en Jordanie en ao\u00fbt 2016, les jeunes avaient pu recueillir directement, au contact des r\u00e9fugi\u00e9s syriens et irakiens \u2013 h\u00f4tes de la Caritas Jordanienne <em>(Secours Catholique)<\/em> \u2013 les dramatiques r\u00e9cits de leur migration forc\u00e9e, en les illustrant d\u2019enregistrements vid\u00e9o. Une exp\u00e9rience qui les a rendus conscients des r\u00e9elles motivations qui les ont pouss\u00e9s \u00e0 quitter leur propre Pays, des risques encourus au cours de leur exode, des conditions pr\u00e9caires dans lesquelles ils sont arriv\u00e9s sur une terre nouvelle. L\u2019id\u00e9e de faire conna\u00eetre cette situation douloureuse avait d\u00e9j\u00e0 pris corps lors de leur s\u00e9jour \u00e0 Amman. Les jeunes \u00e9taient en effet convaincus\u00a0 qu\u2019en portant au devant de la sc\u00e8ne\u00a0 ces informations, ils auraient pu donner au d\u00e9bat en cours, surtout centr\u00e9 sur les strat\u00e9gies politiques et les co\u00fbts \u00e9conomiques et sociaux, une vision exacte du ph\u00e9nom\u00e8ne migratoire\u00a0; un apport concret de leur part, \u00e0 travers une campagne de sensibilisation de l\u2019opinion publique.  <strong>Au cours de la rencontre qui s\u2019est tenue \u00e0 Bad Urach<\/strong> on a voulu d\u00e9velopper chez les jeunes des comp\u00e9tences techniques dans le domaine de la communication et de la production de documentaires \u00e0 caract\u00e8re social. Il y avait\u00a0 aussi \u00e0 leurs c\u00f4t\u00e9s quelques experts qui travaillent en contact direct avec les r\u00e9fugi\u00e9s. Ceux-ci leur ont fourni de nombreuses informations sur la situation en Allemagne et sur les syst\u00e8mes d\u2019h\u00e9bergement europ\u00e9ens. Une contribution importante pour faire conna\u00eetre plus objectivement la situation, souvent rapport\u00e9e de fa\u00e7on partielle et manipul\u00e9e par\u00a0 les m\u00e9dias.  <strong><a href=\"https:\/\/www.focolare.org\/wp-content\/uploads\/2017\/04\/03.jpg\"><img loading=\"lazy\" decoding=\"async\" class=\"wp-image-151151 alignright\" src=\"https:\/\/www.focolare.org\/wp-content\/uploads\/2017\/04\/03.jpg\" alt=\"03\" width=\"238\" height=\"318\" \/><\/a>Les jeunes participants amenaient avec eux<\/strong> leur bagage culturel et la vision du ph\u00e9nom\u00e8ne migratoire telle qu\u2019elle est v\u00e9cue et affront\u00e9e dans leurs Pays respectifs. Ils se sont remis en cause \u00e0 travers un exercice de r\u00e9flexion et d\u2019\u00e9coute, en accueillant et en comprenant la pens\u00e9e de l\u2019autre\u00a0; tous convaincus que la contribution \u00e9labor\u00e9e au cours de ces jours, si modeste fut-elle, apporterait un changement.  <strong>Le succ\u00e8s de cette \u00e9tape du programme<\/strong> r\u00e9side dans le fait d\u2019avoir r\u00e9alis\u00e9 un apprentissage international dans un climat de partage entre jeunes de cultures et de langues diff\u00e9rentes. A travers ateliers, s\u00e9minaires, d\u00e9bats, de nombreux pr\u00e9jug\u00e9s et st\u00e9r\u00e9otypes qu\u2019europ\u00e9ens et moyen-orientaux nourrissaient les uns envers les autres se sont \u00e9croul\u00e9s. Ils ont d\u00e9couvert que, malgr\u00e9 les diversit\u00e9s, ils avaient de nombreuses valeurs communes. Pour ce qui est des productions concr\u00e8tes,\u00a0 trois spot vid\u00e9o ont \u00e9t\u00e9 r\u00e9alis\u00e9s, destin\u00e9s\u00a0 \u00e0 \u00eatre partag\u00e9s avec les jeunes des divers Pays, pour les encourager \u00e0 faire des exp\u00e9riences semblables et devenir eux aussi des promoteurs du changement.  <strong>La troisi\u00e8me et derni\u00e8re \u00e9tape du projet aura lieu en \u00c9gypte, \u00e0 la fin octobre 2017.<\/strong>  <a href=\"https:\/\/www.facebook.com\/hostspot9\/videos\/1820678611585338\/\" target=\"_blank\" rel=\"noopener\">Facebook<\/a><\/p>\n","protected":false},"excerpt":{"rendered":"<p>Le programme de l\u2019ONG internationale des Focolari, con\u00e7u en partenariat avec d\u2019autres organisations, fait la promotion d\u2019exp\u00e9riences interculturelles pour les jeunes sur les questions migratoires.<\/p>\n","protected":false},"author":34,"featured_media":0,"comment_status":"open","ping_status":"open","sticky":false,"template":"","format":"standard","meta":{"give_campaign_id":0,"_seopress_robots_primary_cat":"","_seopress_titles_title":"","_seopress_titles_desc":"","_seopress_robots_index":"","_et_pb_use_builder":"","_et_pb_old_content":"","_et_gb_content_width":"","footnotes":""},"categories":[47],"tags":[],"class_list":["post-332236","post","type-post","status-publish","format-standard","hentry","category-non-classifiee"],"_links":{"self":[{"href":"https:\/\/www.focolare.org\/fr\/wp-json\/wp\/v2\/posts\/332236","targetHints":{"allow":["GET"]}}],"collection":[{"href":"https:\/\/www.focolare.org\/fr\/wp-json\/wp\/v2\/posts"}],"about":[{"href":"https:\/\/www.focolare.org\/fr\/wp-json\/wp\/v2\/types\/post"}],"author":[{"embeddable":true,"href":"https:\/\/www.focolare.org\/fr\/wp-json\/wp\/v2\/users\/34"}],"replies":[{"embeddable":true,"href":"https:\/\/www.focolare.org\/fr\/wp-json\/wp\/v2\/comments?post=332236"}],"version-history":[{"count":0,"href":"https:\/\/www.focolare.org\/fr\/wp-json\/wp\/v2\/posts\/332236\/revisions"}],"wp:attachment":[{"href":"https:\/\/www.focolare.org\/fr\/wp-json\/wp\/v2\/media?parent=332236"}],"wp:term":[{"taxonomy":"category","embeddable":true,"href":"https:\/\/www.focolare.org\/fr\/wp-json\/wp\/v2\/categories?post=332236"},{"taxonomy":"post_tag","embeddable":true,"href":"https:\/\/www.focolare.org\/fr\/wp-json\/wp\/v2\/tags?post=332236"}],"curies":[{"name":"wp","href":"https:\/\/api.w.org\/{rel}","templated":true}]}}