{"id":332242,"date":"2017-04-25T01:10:11","date_gmt":"2017-04-24T23:10:11","guid":{"rendered":"https:\/\/www.focolare.org\/fazenda-de-la-esperanca-en-visite-chez-les-focolari\/"},"modified":"2024-05-16T15:19:18","modified_gmt":"2024-05-16T13:19:18","slug":"fazenda-de-la-esperanca-en-visite-chez-les-focolari","status":"publish","type":"post","link":"https:\/\/www.focolare.org\/fr\/fazenda-de-la-esperanca-en-visite-chez-les-focolari\/","title":{"rendered":"\u201cFazenda de la Esperan\u00e7a\u201d en visite chez les Focolari"},"content":{"rendered":"<p><strong><img loading=\"lazy\" decoding=\"async\" class=\"alignnone wp-image-151027\" src=\"https:\/\/www.focolare.org\/wp-content\/uploads\/2017\/04\/P1730766_panorama_neu.jpg\" alt=\"P1730766_panorama_neu\" width=\"600\" height=\"190\" \/><\/strong>  <strong>L\u2019amiti\u00e9 des Focolari avec\u00a0 <\/strong><em><strong>\u201c<\/strong><\/em><a href=\"https:\/\/www.focolare.org\/fr\/news\/2014\/04\/18\/la-fazenda-da-esperanca-e-il-carisma-dellunita\/\"><em>Fazenda da Esperanca<\/em><\/a><em><strong>\u201d<\/strong><\/em> <strong>\u00a0remonte \u00e0 plusieurs ann\u00e9es, lorsque la premi\u00e8re \u00ab\u00a0Fazenda\u00a0\u00bb voit le jour.<\/strong> On est en 1983\u00a0: <strong>Nelson Giovanelli, un jeune br\u00e9silien de la ville de Guaratinguet\u00e0 <\/strong>(dans l\u2019arri\u00e8re-pays de Sao Paulo), rentre en contact avec un groupe de jeunes toxicomanes, pouss\u00e9 par les paroles de l\u2019ap\u00f4tre Paul\u00a0:\u00a0\u00ab\u00a0Je me suis fait faible avec les faibles\u2026\u00a0\u00bb. Un des jeunes se sent concern\u00e9 et demande de l\u2019aide pour sortir de son addiction \u00e0 la drogue. Beaucoup d\u2019autres le suivent. Nelson conna\u00eet et vit la <a href=\"https:\/\/www.focolare.org\/fr\/chiara-lubich\/spiritualita-dellunita\">spiritualit\u00e9 de l\u2019unit\u00e9<\/a> de <a href=\"https:\/\/www.focolare.org\/fr\/chiara-lubich\/\">Chiara Lubich<\/a>. A ses c\u00f4t\u00e9s <strong>Hans Spatel, un franciscain allemand<\/strong>, soutient son initiative d\u00e8s le d\u00e9but. L\u2019\u0153uvre naissante va donc se d\u00e9velopper et repose sur ces \u00ab\u00a0deux charismes\u00a0\u00bb, comme l\u2019a soulign\u00e9 le pape \u00e9m\u00e9rite Benoit XVI lors de sa visite \u00e0 la communaut\u00e9 de Pedrinhas au cours de son voyage apostolique au Br\u00e9sil en 2007\u00a0: le charisme de l\u2019unit\u00e9 de Chiara Lubich et celui de la pauvret\u00e9 de St Fran\u00e7ois d\u2019Assise.  <strong>Dimanche 23 avril 2017: <\/strong>un groupe de 60 personnes, des jeunes et des adultes, visite le Centre international du <a href=\"https:\/\/www.focolare.org\/fr\/chi-siamo\/\" target=\"_blank\" rel=\"noopener\">Mouvement des Focolari<\/a>, \u00e0 Rocca di Papa (Italie). Ils viennent pour la plupart du Br\u00e9sil, mais il y a aussi des repr\u00e9sentants d\u2019autres pays latino-am\u00e9ricains comme l\u2019Uruguay, l\u2019Argentine, le Paraguay et le Mexique\u00a0; l\u2019Allemagne et la Suisse\u00a0; l\u2019Angola et le Mozambique, et les Philippines. Leurs quatre fondateurs sont avec eux\u00a0: Fr\u00e8re Hans\u00a0Stapel,\u00a0Nelson Giovanelli\u00a0Rosendo\u00a0dos\u00a0Santos, Lucilene\u00a0Rosendo, Iraci\u00a0Leit, ainsi que leur conseil g\u00e9n\u00e9ral pour l\u2019Europe.  <em><strong><a href=\"https:\/\/www.focolare.org\/wp-content\/uploads\/2017\/04\/P1730720.jpg\"><img loading=\"lazy\" decoding=\"async\" class=\"alignleft wp-image-151024\" src=\"https:\/\/www.focolare.org\/wp-content\/uploads\/2017\/04\/P1730720.jpg\" alt=\"P1730720\" width=\"368\" height=\"245\" \/><\/a><\/strong>\u201cLe but de ce voyage \u2013 <\/em><em><strong>explique Fr\u00e8re Hans<\/strong><\/em><em> \u2013 est de faire conna\u00eetre en Europe l\u2019exp\u00e9rience de la Fazenda. Offrir cette possibilit\u00e9 d\u2019aide aux jeunes qui aujourd\u2019hui souffrent de l\u2019esclavage des addictions. Nous irons en Italie, mais aussi \u00a0en Suisse, en Allemagne, en France, en Pologne et au Portugal, c\u2019est-\u00e0-dire dans les Pays o\u00f9 des Fazendas sont pr\u00e9sentes et o\u00f9 ces 60 personnes donneront leur t\u00e9moignage. Chez nous elles ont d\u00e9couvert une vie nouvelle et c\u2019est pourquoi elles ont d\u00e9cid\u00e9 d\u2019entreprendre, pendant trois mois, \u00a0une exp\u00e9rience missionnaire et d\u2019\u00e9vang\u00e9lisation en Europe. Elles ont fait un gros effort pour payer leur billet d\u2019avion, un signe concret de leur t\u00e9moignage v\u00e9cu dans la gratuit\u00e9\u00a0\u00bb. <\/em>  <strong>Pourquoi vous rendre au Centre du Mouvement des Focolari?<\/strong> <em>\u00ab\u00a0Parce que c\u2019est notre grand d\u00e9sir<\/em> \u2013 <strong>r\u00e9pond Nelson Giovanelli<\/strong> \u2013 <em>de leur donner l\u2019occasion de conna\u00eetre les origines du charisme dans lequel s\u2019enracinent les Fazendas\u00a0\u00bb<\/em>. Et de rappeler ensuite sa lettre \u00e9crite \u00e0 Chiara Lubich en 1990, o\u00f9 il lui fait part de son appel \u00e0 <em>aimer \u00ab\u00a0J\u00e9sus abandonn\u00e9 dans les personnes victimes de la drogue\u00a0\u00bb<\/em>. Chiara l\u2019encouragea \u00e0 suivre cet appel de l\u2019Esprit.  Aujourd\u2019hui on compte 124 Communaut\u00e9s de Vie r\u00e9parties dans diverses r\u00e9gions du monde. Elles accueillent plus de 3000 jeunes d\u00e9cid\u00e9s \u00e0 se lib\u00e9rer de l\u2019addiction \u00e0 la drogue, \u00e0 travers une red\u00e9couverte personnelle de la dignit\u00e9 et des valeurs de la vie. En Europe il y a 14 <em>Fazendas<\/em> et au cours de ces mois quatre autres seront inaugur\u00e9es (en France, Pologne et Italie).  <a href=\"https:\/\/www.focolare.org\/wp-content\/blogs.dir\/1\/files\/fazendas-da-esperanca\/P1730754.jpg\"><img loading=\"lazy\" decoding=\"async\" class=\"ngg-singlepic ngg-none alignright\" src=\"https:\/\/www.focolare.org\/wp-content\/blogs.dir\/1\/files\/fazendas-da-esperanca\/P1730754.jpg\" alt=\"P1730754\" width=\"368\" height=\"245\" \/><\/a><em><strong>Dans les \u201cFazendas de l\u2019Esp\u00e9rance\u201d<\/strong><\/em><em>, <\/em><em>des personnes se d\u00e9dient \u00a0volontairement et s\u2019engagent gratuitement au service des jeunes. Elles \u00a0forment ainsi \u00a0la communaut\u00e9 de la \u00ab\u00a0Famille de l\u2019Esp\u00e9rance\u00a0\u00bb. <\/em><em>\u00ab\u00a0Mon p\u00e8re \u00e9tait alcoolique, il ne croyait pas en l\u2019amour\u2026 &#8211; <\/em><em>raconte Priscilla, une jeune argentine<\/em><em> -. Quand j\u2019ai d\u00e9couvert la Fazenda et que je m\u2019y suis engag\u00e9e comme b\u00e9n\u00e9vole, j\u2019ai retrouv\u00e9 la relation avec lui, apr\u00e8s quinze ans d\u2019\u00e9loignement. Je lui ai pardonn\u00e9 et petit \u00e0 petit il a cess\u00e9 de boire. Le pardon pour moi c\u2019est tout, il r\u00e9sume ma vie\u00a0: Dieu, je le trouve dans l\u2019amour que je donne\u00a0\u00bb. <\/em>  <a href=\"https:\/\/www.focolare.org\/fr\/news\/2014\/09\/17\/jesus-moran-cepedano\/\">Jes\u00fas Mor\u00e1n<\/a>, copr\u00e9sident des Focolari, leur a transmis les salutations de <a href=\"https:\/\/www.focolare.org\/fr\/news\/2014\/09\/15\/maria-voce\/\">Maria Voce<\/a> et les a remerci\u00e9s pour leur t\u00e9moignage de vie \u00e9vang\u00e9lique. Il leur a souhait\u00e9 \u00e0 tous <em>\u00ab\u00a0d\u2019\u00eatre toujours proches des personnes qui souffrent, de J\u00e9sus abandonn\u00e9, afin que<\/em> <em>\u201ctous soient un\u201d, en commen\u00e7ant par les plus d\u00e9laiss\u00e9s\u00a0\u00bb.<\/em>  Leur s\u00e9jour en Italie pr\u00e9voit la visite de la ville de St Fran\u00e7ois et de la Cit\u00e9 pilote internationale de <a href=\"http:\/\/www.loppiano.it\/\" target=\"_blank\" rel=\"noopener\">Loppiano<\/a>, o\u00f9 ils participeront au <a href=\"https:\/\/www.focolare.org\/fr\/news\/category\/smu-2017\/\" target=\"_blank\" rel=\"noopener\">Meeting \u00ab Pulse \u00bb<\/a> ainsi qu\u2019au rendez-vous festif des jeunes le 1<sup>er<\/sup> mai.<\/p>\n","protected":false},"excerpt":{"rendered":"<p>Le dimanche 23 avril un groupe de la \u00ab Fazenda \u00bb, en provenance de 14 pays, en visite au Centre international des Focolari. Une histoire d\u2019amiti\u00e9, ancr\u00e9e dans la spiritualit\u00e9 de l\u2019unit\u00e9.<\/p>\n","protected":false},"author":34,"featured_media":0,"comment_status":"open","ping_status":"open","sticky":false,"template":"","format":"standard","meta":{"give_campaign_id":0,"_seopress_robots_primary_cat":"","_seopress_titles_title":"","_seopress_titles_desc":"","_seopress_robots_index":"","_et_pb_use_builder":"","_et_pb_old_content":"","_et_gb_content_width":"","footnotes":""},"categories":[906],"tags":[],"class_list":["post-332242","post","type-post","status-publish","format-standard","hentry","category-focolare-worldwide-2-3"],"_links":{"self":[{"href":"https:\/\/www.focolare.org\/fr\/wp-json\/wp\/v2\/posts\/332242","targetHints":{"allow":["GET"]}}],"collection":[{"href":"https:\/\/www.focolare.org\/fr\/wp-json\/wp\/v2\/posts"}],"about":[{"href":"https:\/\/www.focolare.org\/fr\/wp-json\/wp\/v2\/types\/post"}],"author":[{"embeddable":true,"href":"https:\/\/www.focolare.org\/fr\/wp-json\/wp\/v2\/users\/34"}],"replies":[{"embeddable":true,"href":"https:\/\/www.focolare.org\/fr\/wp-json\/wp\/v2\/comments?post=332242"}],"version-history":[{"count":0,"href":"https:\/\/www.focolare.org\/fr\/wp-json\/wp\/v2\/posts\/332242\/revisions"}],"wp:attachment":[{"href":"https:\/\/www.focolare.org\/fr\/wp-json\/wp\/v2\/media?parent=332242"}],"wp:term":[{"taxonomy":"category","embeddable":true,"href":"https:\/\/www.focolare.org\/fr\/wp-json\/wp\/v2\/categories?post=332242"},{"taxonomy":"post_tag","embeddable":true,"href":"https:\/\/www.focolare.org\/fr\/wp-json\/wp\/v2\/tags?post=332242"}],"curies":[{"name":"wp","href":"https:\/\/api.w.org\/{rel}","templated":true}]}}