{"id":332264,"date":"2017-05-04T01:00:52","date_gmt":"2017-05-03T23:00:52","guid":{"rendered":"https:\/\/www.focolare.org\/les-couleurs-de-la-paix-jaillissent-depuis-loppiano\/"},"modified":"2024-05-16T15:19:22","modified_gmt":"2024-05-16T13:19:22","slug":"les-couleurs-de-la-paix-jaillissent-depuis-loppiano","status":"publish","type":"post","link":"https:\/\/www.focolare.org\/fr\/les-couleurs-de-la-paix-jaillissent-depuis-loppiano\/","title":{"rendered":"Les couleurs de la paix jaillissent depuis Loppiano"},"content":{"rendered":"<p><strong><a href=\"https:\/\/www.focolare.org\/wp-content\/uploads\/2017\/05\/1maggio2017_Loppiano.jpg\"><img loading=\"lazy\" decoding=\"async\" class=\"alignright wp-image-151392\" src=\"https:\/\/www.focolare.org\/wp-content\/uploads\/2017\/05\/1maggio2017_Loppiano.jpg\" alt=\"1maggio2017_Loppiano\" width=\"450\" height=\"253\" \/><\/a><\/strong><strong>Une image pour toutes, le mot PEACE, r\u00e9alis\u00e9e par les participants eux-m\u00eames<\/strong>, en lettres capitales, sur le flanc de la colline. Un son pour tous, cet applaudissement, rythm\u00e9 et irr\u00e9sistible, symbole de mille et un c\u0153urs sur la barque de la vie o\u00f9 nous sommes tous des voyageurs, ou des migrants. Une chanson pour toutes,<em> \u00ab\u00a0l\u2019esp\u00e9rance est la voix de l\u2019infini qui nous guide vers le salut\u00a0\u00bb.<\/em>  Sous une explosion de canons charg\u00e9s de couleur \u2013 allant du vert au fuchsia \u2013 s\u2019est conclu, symboliquement, le traditionnel rendez-vous du 1<sup>er<\/sup> mai \u00e0 Loppiano, le Meeting international des jeunes pour un monde uni, ins\u00e9r\u00e9 dans la Semaine Monde Uni 2017, qui s\u2019intitulait cette ann\u00e9e <strong>Pulse: <\/strong><em><strong>Change your heart, change the world. <\/strong><\/em><em>Depuis 1973, l\u2019ann\u00e9e de sa premi\u00e8re \u00e9dition, se dirige vers la petite ville de l\u2019Italie du centre une foule tr\u00e8s bigarr\u00e9e de milliers de jeunes venant de tous les coins d\u2019Italie et d\u2019Europe, mais avec des repr\u00e9sentants du monde entier. Un rendez-vous festif, mod\u00e8le exportable de convivialit\u00e9 pacifique, \u00e0 l\u2019initiative des plus jeunes, la g\u00e9n\u00e9ration interconnect\u00e9e, plus port\u00e9e, par son temp\u00e9rament et sa culture, \u00e0 construire des ponts qu\u2019\u00e0 \u00e9riger des murs.<\/em>  <strong>Une journ\u00e9e d\u2019\u00e9changes, de t\u00e9moignages, avec musique, danses, chor\u00e9graphies, sous le signe de la paix et de la construction d\u2019un monde uni,<\/strong> qui a vu se rassembler \u00a0les jeunes du Mouvement des Focolari avec d\u2019autres associations et mouvements, parmi lesquels \u00abNouveaux horizons\u00a0\u00bb, la Communaut\u00e9 de Sant\u2019 Egidio, le Centre International La Pira, Living Peace, Hirondelle, Barbiana, \u00c9conomie d\u00e9sarm\u00e9e, le \u00ab\u00a0Varco\u00a0\u00bb <em>(le Passage)<\/em>, Non \u00e0 la guerre. <strong>A noter la pr\u00e9sence de diverses communaut\u00e9s musulmanes d\u2019Italie<\/strong>, avec le soutien des Imam de Massa Carrara, T\u00e9ramo, Trieste et de V\u00e9n\u00e9tie. Le niveau artistique a \u00e9t\u00e9 assur\u00e9 gr\u00e2ce aux groupes <a href=\"http:\/\/www.genrosso.com\/index.php?lang=it\">Gen Rosso<\/a> et <a href=\"http:\/\/www.genverde.it\/\">Gen Verde,<\/a> \u00e0 l\u2019association culturelle DanceLab harmonie, aux auteurs compositeurs Amara et Paolo Vallesi (de retour du\u00a0 Festival de Sanremo) et \u00e0 de nombreux autres groupes en provenance de diverses villes d\u2019Italie. Partageant tous une forte volont\u00e9 de paix et \u00a0le r\u00eave d\u2019un monde ouvert, juste, fraternel. Habit\u00e9s par un enthousiasme que la pluie n\u2019a m\u00eame pas r\u00e9ussi \u00e0 affaiblir.  Tandis que les grands de la terre brandissent la menace de nouvelles actions de destructions guerri\u00e8res, qui en d\u00e9concertent pus d\u2019un, sur la sc\u00e8ne de <strong>l\u2019amphith\u00e9\u00e2tre naturel<\/strong><strong> de <\/strong><a href=\"http:\/\/loppiano.it\/\">Loppiano <\/a><strong>se succ\u00e8dent des exp\u00e9riences v\u00e9cues \u00ab\u00a0\u00e0 la base\u00a0\u00bb<\/strong>, des r\u00e9cits authentiques\u2026 qui, s\u2019ils se multipliaient \u00e0 l\u2019infini, changeraient le cours de l\u2019histoire. Comme celui de Mohammed, racont\u00e9 par Luca, arriv\u00e9 en Italie sur une embarcation apr\u00e8s une travers\u00e9e p\u00e9rilleuse. Ou celui d\u2019un groupe de jeunes chr\u00e9tiens de la Syrie, qui dans un message vid\u00e9o enregistr\u00e9 expriment leur amour envers leur terre martyris\u00e9e. Ce n\u2019est assur\u00e9ment pas un pacifisme de fa\u00e7ade mais un regard courageux vers l\u2019avenir que celui des danseurs de l\u2019association DanceLab harmonie, qui depuis 2014 organisent \u00e0 Bethl\u00e9em des ateliers artistiques pour les enfants des territoires palestiniens, gr\u00e2ce \u00e0 l\u2019aide du P\u00e8re Ibrahim Faltas, de la Custodie franciscaine de Terre Sainte.  <strong><a href=\"https:\/\/www.focolare.org\/wp-content\/uploads\/2017\/05\/1maggio2017_Loppiano_03.jpg\"><img loading=\"lazy\" decoding=\"async\" class=\"wp-image-151393 alignleft\" src=\"https:\/\/www.focolare.org\/wp-content\/uploads\/2017\/05\/1maggio2017_Loppiano_03.jpg\" alt=\"1maggio2017_Loppiano_03\" width=\"386\" height=\"290\" \/><\/a>Indiff\u00e9rents \u00e0 la pluie, en d\u00e9but d\u2019apr\u00e8s-midi, les jeunes commencent \u00e0 dessiner la forme d\u2019une embarcation<\/strong>. Ou peut-\u00eatre la pluie \u00e9tait-elle le d\u00e9tail qui manquait, parce qu\u2019\u00e0 vrai dire, le voyage de tous les migrants d\u2019aujourd\u2019hui, qui s\u2019en remettent aux vagues de la mer, \u00e0 la recherche d\u2019un avenir de paix et de dignit\u00e9, n\u2019est pas exempt de dangers ni de pi\u00e8ges. Ceux que \u00a0<a href=\"https:\/\/www.focolare.org\/news\/2017\/04\/01\/premio-unesco-alla-sindaca-dei-rifugiati\/\">Giusi Nicolini<\/a>, maire de Lampedusa (Italie) et Prix Unesco 2017 pour la paix, conna\u00eet bien. Son t\u00e9moignage sur l\u2019accueil des r\u00e9fugi\u00e9s et la lutte contre l\u2019omerta, \u00e0 la t\u00eate d\u2019une \u00eele qui repr\u00e9sente le premier point d\u2019abordage en Europe apr\u00e8s la travers\u00e9e, est un encouragement \u00e0 se retrousser les manches dans tous les coins du monde.  Il pleut sur la colline tandis qu\u2019on \u00e9labore le message de paix, c\u0153ur du morceau d\u2019Amara et Paolo Vallesi, devenu le \u00ab\u00a0tube\u00a0\u00bb de la journ\u00e9e. Mais les couleurs resplendissantes, jaillies de canons inoffensifs, l\u2019emportent finalement sur les nuages gris. Ces m\u00eames couleurs auxquelles les jeunes participants puisent \u00e0 pleines mains, avec de grands seaux, avant de partir, dans une jubilation festive. C\u2019est la promesse, l\u2019engagement \u00e0 \u00ab\u00a0se salir les mains\u00a0\u00bb pour construire et r\u00e9aliser partout un monde de paix.  &nbsp;<\/p>\n","protected":false},"excerpt":{"rendered":"<p>Dans le cadre de la Semaine Monde Uni 2017, s\u2019est conclu \u00e0 Loppiano (Italie) le meeting du 1er mai, toujours tr\u00e8s attendu, \u00ab Pulse event \u00bb. \u00c9taient pr\u00e9sents des milliers de jeunes, la \u00ab maire des r\u00e9fugi\u00e9s \u00bb, ainsi que diverses communaut\u00e9s musulmanes d\u2019Italie sous le signe de la paix.<\/p>\n","protected":false},"author":34,"featured_media":0,"comment_status":"open","ping_status":"open","sticky":false,"template":"","format":"standard","meta":{"give_campaign_id":0,"_seopress_robots_primary_cat":"","_seopress_titles_title":"","_seopress_titles_desc":"","_seopress_robots_index":"","_et_pb_use_builder":"","_et_pb_old_content":"","_et_gb_content_width":"","footnotes":""},"categories":[906],"tags":[],"class_list":["post-332264","post","type-post","status-publish","format-standard","hentry","category-focolare-worldwide-2-3"],"_links":{"self":[{"href":"https:\/\/www.focolare.org\/fr\/wp-json\/wp\/v2\/posts\/332264","targetHints":{"allow":["GET"]}}],"collection":[{"href":"https:\/\/www.focolare.org\/fr\/wp-json\/wp\/v2\/posts"}],"about":[{"href":"https:\/\/www.focolare.org\/fr\/wp-json\/wp\/v2\/types\/post"}],"author":[{"embeddable":true,"href":"https:\/\/www.focolare.org\/fr\/wp-json\/wp\/v2\/users\/34"}],"replies":[{"embeddable":true,"href":"https:\/\/www.focolare.org\/fr\/wp-json\/wp\/v2\/comments?post=332264"}],"version-history":[{"count":0,"href":"https:\/\/www.focolare.org\/fr\/wp-json\/wp\/v2\/posts\/332264\/revisions"}],"wp:attachment":[{"href":"https:\/\/www.focolare.org\/fr\/wp-json\/wp\/v2\/media?parent=332264"}],"wp:term":[{"taxonomy":"category","embeddable":true,"href":"https:\/\/www.focolare.org\/fr\/wp-json\/wp\/v2\/categories?post=332264"},{"taxonomy":"post_tag","embeddable":true,"href":"https:\/\/www.focolare.org\/fr\/wp-json\/wp\/v2\/tags?post=332264"}],"curies":[{"name":"wp","href":"https:\/\/api.w.org\/{rel}","templated":true}]}}